{"id":1843,"date":"2016-02-02T08:44:07","date_gmt":"2016-02-02T08:44:07","guid":{"rendered":"http:\/\/www.jeannedarc-figeac.fr\/college-lycee\/?p=1843"},"modified":"2016-02-02T08:44:07","modified_gmt":"2016-02-02T08:44:07","slug":"les-6e-et-cm2-en-immersion-dans-la-langue-de-shakespeare","status":"publish","type":"post","link":"https:\/\/www.jeannedarc-figeac.fr\/college-lycee\/les-6e-et-cm2-en-immersion-dans-la-langue-de-shakespeare\/","title":{"rendered":"Les CM2 et 6\u00e8me en immersion dans la langue de Shakespeare\u2026"},"content":{"rendered":"<p><a href=\"https:\/\/i0.wp.com\/www.jeannedarc-figeac.fr\/college-lycee\/wp-content\/uploads\/sites\/5\/2016\/02\/Theo-the-thief-janvier-2016-001.jpg\" rel=\"attachment wp-att-1844\"><img data-recalc-dims=\"1\" loading=\"lazy\" decoding=\"async\" class=\"alignnone size-medium wp-image-1844\" src=\"https:\/\/i0.wp.com\/www.jeannedarc-figeac.fr\/college-lycee\/wp-content\/uploads\/sites\/5\/2016\/02\/Theo-the-thief-janvier-2016-001.jpg?resize=225%2C300\" alt=\"Theo the thief janvier 2016 001\" width=\"225\" height=\"300\" srcset=\"https:\/\/i0.wp.com\/www.jeannedarc-figeac.fr\/college-lycee\/wp-content\/uploads\/sites\/5\/2016\/02\/Theo-the-thief-janvier-2016-001.jpg?resize=225%2C300&amp;ssl=1 225w, https:\/\/i0.wp.com\/www.jeannedarc-figeac.fr\/college-lycee\/wp-content\/uploads\/sites\/5\/2016\/02\/Theo-the-thief-janvier-2016-001.jpg?resize=768%2C1024&amp;ssl=1 768w, https:\/\/i0.wp.com\/www.jeannedarc-figeac.fr\/college-lycee\/wp-content\/uploads\/sites\/5\/2016\/02\/Theo-the-thief-janvier-2016-001.jpg?resize=1080%2C1440&amp;ssl=1 1080w, https:\/\/i0.wp.com\/www.jeannedarc-figeac.fr\/college-lycee\/wp-content\/uploads\/sites\/5\/2016\/02\/Theo-the-thief-janvier-2016-001.jpg?w=1200&amp;ssl=1 1200w\" sizes=\"(max-width: 225px) 100vw, 225px\" \/><\/a><a href=\"https:\/\/i0.wp.com\/www.jeannedarc-figeac.fr\/college-lycee\/wp-content\/uploads\/sites\/5\/2016\/02\/Theo-the-thief-janvier-2016-008.jpg\" rel=\"attachment wp-att-1845\"><img data-recalc-dims=\"1\" loading=\"lazy\" decoding=\"async\" class=\"alignnone size-medium wp-image-1845\" src=\"https:\/\/i0.wp.com\/www.jeannedarc-figeac.fr\/college-lycee\/wp-content\/uploads\/sites\/5\/2016\/02\/Theo-the-thief-janvier-2016-008.jpg?resize=300%2C225\" alt=\"Theo the thief janvier 2016 008\" width=\"300\" height=\"225\" srcset=\"https:\/\/i0.wp.com\/www.jeannedarc-figeac.fr\/college-lycee\/wp-content\/uploads\/sites\/5\/2016\/02\/Theo-the-thief-janvier-2016-008.jpg?resize=300%2C225&amp;ssl=1 300w, https:\/\/i0.wp.com\/www.jeannedarc-figeac.fr\/college-lycee\/wp-content\/uploads\/sites\/5\/2016\/02\/Theo-the-thief-janvier-2016-008.jpg?resize=768%2C576&amp;ssl=1 768w, https:\/\/i0.wp.com\/www.jeannedarc-figeac.fr\/college-lycee\/wp-content\/uploads\/sites\/5\/2016\/02\/Theo-the-thief-janvier-2016-008.jpg?resize=1024%2C768&amp;ssl=1 1024w, https:\/\/i0.wp.com\/www.jeannedarc-figeac.fr\/college-lycee\/wp-content\/uploads\/sites\/5\/2016\/02\/Theo-the-thief-janvier-2016-008.jpg?resize=1080%2C810&amp;ssl=1 1080w, https:\/\/i0.wp.com\/www.jeannedarc-figeac.fr\/college-lycee\/wp-content\/uploads\/sites\/5\/2016\/02\/Theo-the-thief-janvier-2016-008.jpg?w=1600&amp;ssl=1 1600w\" sizes=\"(max-width: 300px) 100vw, 300px\" \/><\/a><br \/>\nLes \u00e9l\u00e8ves de CM2 et de 6e ont assist\u00e9, \u00e0 La Chapelle, \u00e0 une pi\u00e8ce de th\u00e9\u00e2tre en anglais, Theo the thief, jou\u00e9e par la Compagnie La Falaise.<br \/>\nTheo the thief est l\u2019histoire d\u2019un voleur, Th\u00e9o, qui s\u00e9duit une riche diva couverte de diamants, Stella, contrebalanc\u00e9e par un duo comique form\u00e9 d\u2019un policier, Bobby et de son assistante, Rachel Clumsy. Chacun de ces personnages a son style et sa chanson. C\u2019est ainsi que Bobby, grand amateur du \u00ab full English breakfast \u00bb a entra\u00een\u00e9 tout son public (pr\u00e9par\u00e9 en amont en cours) \u00e0 chanter avec lui.<br \/>\nLes nombreux th\u00e8mes abord\u00e9s tout au long de la pi\u00e8ce, qu\u2019ils soient culturels (comparaison France \/ Royaume-Uni, vie sociale, Famille Royale, English breakfast, monuments et lieux c\u00e9l\u00e8bres\u2026) ou lexicaux (jours de la semaine, m\u00e9t\u00e9o, heure, transports, verbes d\u2019action\u2026) ont fait l\u2019objet de sollicitations de la part des com\u00e9diens et ont ainsi permis aux \u00e9l\u00e8ves de montrer avec fiert\u00e9 leurs connaissances en ces domaines. Une exp\u00e9rience \u00e0 renouveler !<\/p>\n","protected":false},"excerpt":{"rendered":"<p>Les \u00e9l\u00e8ves de CM2 et de 6e ont assist\u00e9, \u00e0 La Chapelle, \u00e0 une pi\u00e8ce de th\u00e9\u00e2tre en anglais, Theo the thief, jou\u00e9e par la Compagnie La Falaise. Theo the thief est l\u2019histoire d\u2019un voleur, Th\u00e9o, qui s\u00e9duit une riche diva couverte de diamants, Stella, contrebalanc\u00e9e par un duo comique form\u00e9 d\u2019un policier, Bobby et [&hellip;]<\/p>\n","protected":false},"author":12,"featured_media":0,"comment_status":"closed","ping_status":"open","sticky":false,"template":"","format":"standard","meta":{"_et_pb_use_builder":"","_et_pb_old_content":"","_et_gb_content_width":"","_jetpack_newsletter_access":"","_jetpack_dont_email_post_to_subs":false,"_jetpack_newsletter_tier_id":0,"_jetpack_memberships_contains_paywalled_content":false,"iawp_total_views":4,"_jetpack_memberships_contains_paid_content":false,"footnotes":""},"categories":[28],"tags":[],"class_list":["post-1843","post","type-post","status-publish","format-standard","hentry","category-actus"],"yoast_head":"<!-- This site is optimized with the Yoast SEO plugin v26.0 - https:\/\/yoast.com\/wordpress\/plugins\/seo\/ -->\n<title>Les CM2 et 6\u00e8me en immersion dans la langue de Shakespeare\u2026<\/title>\n<meta name=\"description\" content=\"Les \u00e9l\u00e8ves de CM2 et de 6e ont assist\u00e9, \u00e0 La Chapelle, \u00e0 une pi\u00e8ce de th\u00e9\u00e2tre en anglais, Theo the thief, jou\u00e9e par la Compagnie La Falaise. Theo the\" \/>\n<meta name=\"robots\" content=\"index, follow, max-snippet:-1, max-image-preview:large, max-video-preview:-1\" \/>\n<link rel=\"canonical\" href=\"http:\/\/www.jeannedarc-figeac.fr\/college-lycee\/les-6e-et-cm2-en-immersion-dans-la-langue-de-shakespeare\/\" \/>\n<meta property=\"og:locale\" content=\"fr_FR\" \/>\n<meta property=\"og:type\" content=\"article\" \/>\n<meta property=\"og:title\" content=\"Les CM2 et 6\u00e8me en immersion dans la langue de Shakespeare\u2026\" \/>\n<meta property=\"og:description\" content=\"Les \u00e9l\u00e8ves de CM2 et de 6e ont assist\u00e9, \u00e0 La Chapelle, \u00e0 une pi\u00e8ce de th\u00e9\u00e2tre en anglais, Theo the thief, jou\u00e9e par la Compagnie La Falaise. Theo the\" \/>\n<meta property=\"og:url\" content=\"http:\/\/www.jeannedarc-figeac.fr\/college-lycee\/les-6e-et-cm2-en-immersion-dans-la-langue-de-shakespeare\/\" \/>\n<meta property=\"og:site_name\" content=\"Coll\u00e8ge et Lyc\u00e9e Jeanne d&#039;Arc\" \/>\n<meta property=\"article:published_time\" content=\"2016-02-02T08:44:07+00:00\" \/>\n<meta property=\"og:image\" content=\"http:\/\/www.jeannedarc-figeac.fr\/college-lycee\/wp-content\/uploads\/sites\/5\/2016\/02\/Theo-the-thief-janvier-2016-001-225x300.jpg\" \/>\n<meta name=\"author\" content=\"le secr\u00e9tariat\" \/>\n<script type=\"application\/ld+json\" class=\"yoast-schema-graph\">{\"@context\":\"https:\/\/schema.org\",\"@graph\":[{\"@type\":\"WebPage\",\"@id\":\"http:\/\/www.jeannedarc-figeac.fr\/college-lycee\/les-6e-et-cm2-en-immersion-dans-la-langue-de-shakespeare\/\",\"url\":\"http:\/\/www.jeannedarc-figeac.fr\/college-lycee\/les-6e-et-cm2-en-immersion-dans-la-langue-de-shakespeare\/\",\"name\":\"Les CM2 et 6\u00e8me en immersion dans la langue de Shakespeare\u2026\",\"isPartOf\":{\"@id\":\"https:\/\/www.jeannedarc-figeac.fr\/college-lycee\/#website\"},\"primaryImageOfPage\":{\"@id\":\"http:\/\/www.jeannedarc-figeac.fr\/college-lycee\/les-6e-et-cm2-en-immersion-dans-la-langue-de-shakespeare\/#primaryimage\"},\"image\":{\"@id\":\"http:\/\/www.jeannedarc-figeac.fr\/college-lycee\/les-6e-et-cm2-en-immersion-dans-la-langue-de-shakespeare\/#primaryimage\"},\"thumbnailUrl\":\"http:\/\/www.jeannedarc-figeac.fr\/college-lycee\/wp-content\/uploads\/sites\/5\/2016\/02\/Theo-the-thief-janvier-2016-001-225x300.jpg\",\"datePublished\":\"2016-02-02T08:44:07+00:00\",\"author\":{\"@id\":\"https:\/\/www.jeannedarc-figeac.fr\/college-lycee\/#\/schema\/person\/29e5764f28e895dc8bf41d4468f99154\"},\"description\":\"Les \u00e9l\u00e8ves de CM2 et de 6e ont assist\u00e9, \u00e0 La Chapelle, \u00e0 une pi\u00e8ce de th\u00e9\u00e2tre en anglais, Theo the thief, jou\u00e9e par la Compagnie La Falaise. Theo the\",\"breadcrumb\":{\"@id\":\"http:\/\/www.jeannedarc-figeac.fr\/college-lycee\/les-6e-et-cm2-en-immersion-dans-la-langue-de-shakespeare\/#breadcrumb\"},\"inLanguage\":\"fr-FR\",\"potentialAction\":[{\"@type\":\"ReadAction\",\"target\":[\"http:\/\/www.jeannedarc-figeac.fr\/college-lycee\/les-6e-et-cm2-en-immersion-dans-la-langue-de-shakespeare\/\"]}]},{\"@type\":\"ImageObject\",\"inLanguage\":\"fr-FR\",\"@id\":\"http:\/\/www.jeannedarc-figeac.fr\/college-lycee\/les-6e-et-cm2-en-immersion-dans-la-langue-de-shakespeare\/#primaryimage\",\"url\":\"https:\/\/i0.wp.com\/www.jeannedarc-figeac.fr\/college-lycee\/wp-content\/uploads\/sites\/5\/2016\/02\/Theo-the-thief-janvier-2016-001.jpg?fit=1200%2C1600&ssl=1\",\"contentUrl\":\"https:\/\/i0.wp.com\/www.jeannedarc-figeac.fr\/college-lycee\/wp-content\/uploads\/sites\/5\/2016\/02\/Theo-the-thief-janvier-2016-001.jpg?fit=1200%2C1600&ssl=1\",\"width\":1200,\"height\":1600},{\"@type\":\"BreadcrumbList\",\"@id\":\"http:\/\/www.jeannedarc-figeac.fr\/college-lycee\/les-6e-et-cm2-en-immersion-dans-la-langue-de-shakespeare\/#breadcrumb\",\"itemListElement\":[{\"@type\":\"ListItem\",\"position\":1,\"name\":\"Accueil\",\"item\":\"https:\/\/www.jeannedarc-figeac.fr\/college-lycee\/\"},{\"@type\":\"ListItem\",\"position\":2,\"name\":\"Actus\",\"item\":\"http:\/\/www.jeannedarc-figeac.fr\/college-lycee\/cat\/actus\/\"},{\"@type\":\"ListItem\",\"position\":3,\"name\":\"Les CM2 et 6\u00e8me en immersion dans la langue de Shakespeare\u2026\"}]},{\"@type\":\"WebSite\",\"@id\":\"https:\/\/www.jeannedarc-figeac.fr\/college-lycee\/#website\",\"url\":\"https:\/\/www.jeannedarc-figeac.fr\/college-lycee\/\",\"name\":\"Coll\u00e8ge et Lyc\u00e9e Jeanne d&#039;Arc\",\"description\":\"Jeanne d&#039;Arc Figeac\",\"potentialAction\":[{\"@type\":\"SearchAction\",\"target\":{\"@type\":\"EntryPoint\",\"urlTemplate\":\"https:\/\/www.jeannedarc-figeac.fr\/college-lycee\/?s={search_term_string}\"},\"query-input\":{\"@type\":\"PropertyValueSpecification\",\"valueRequired\":true,\"valueName\":\"search_term_string\"}}],\"inLanguage\":\"fr-FR\"},{\"@type\":\"Person\",\"@id\":\"https:\/\/www.jeannedarc-figeac.fr\/college-lycee\/#\/schema\/person\/29e5764f28e895dc8bf41d4468f99154\",\"name\":\"le secr\u00e9tariat\",\"image\":{\"@type\":\"ImageObject\",\"inLanguage\":\"fr-FR\",\"@id\":\"https:\/\/www.jeannedarc-figeac.fr\/college-lycee\/#\/schema\/person\/image\/\",\"url\":\"https:\/\/www.jeannedarc-figeac.fr\/college-lycee\/wp-content\/litespeed\/avatar\/5\/b7e8da60f53ba4adc9e9e66d91d84580.jpg?ver=1776943645\",\"contentUrl\":\"https:\/\/www.jeannedarc-figeac.fr\/college-lycee\/wp-content\/litespeed\/avatar\/5\/b7e8da60f53ba4adc9e9e66d91d84580.jpg?ver=1776943645\",\"caption\":\"le secr\u00e9tariat\"},\"url\":\"https:\/\/www.jeannedarc-figeac.fr\/college-lycee\/author\/arlette\/\"}]}<\/script>\n<!-- \/ Yoast SEO plugin. -->","yoast_head_json":{"title":"Les CM2 et 6\u00e8me en immersion dans la langue de Shakespeare\u2026","description":"Les \u00e9l\u00e8ves de CM2 et de 6e ont assist\u00e9, \u00e0 La Chapelle, \u00e0 une pi\u00e8ce de th\u00e9\u00e2tre en anglais, Theo the thief, jou\u00e9e par la Compagnie La Falaise. Theo the","robots":{"index":"index","follow":"follow","max-snippet":"max-snippet:-1","max-image-preview":"max-image-preview:large","max-video-preview":"max-video-preview:-1"},"canonical":"http:\/\/www.jeannedarc-figeac.fr\/college-lycee\/les-6e-et-cm2-en-immersion-dans-la-langue-de-shakespeare\/","og_locale":"fr_FR","og_type":"article","og_title":"Les CM2 et 6\u00e8me en immersion dans la langue de Shakespeare\u2026","og_description":"Les \u00e9l\u00e8ves de CM2 et de 6e ont assist\u00e9, \u00e0 La Chapelle, \u00e0 une pi\u00e8ce de th\u00e9\u00e2tre en anglais, Theo the thief, jou\u00e9e par la Compagnie La Falaise. Theo the","og_url":"http:\/\/www.jeannedarc-figeac.fr\/college-lycee\/les-6e-et-cm2-en-immersion-dans-la-langue-de-shakespeare\/","og_site_name":"Coll\u00e8ge et Lyc\u00e9e Jeanne d&#039;Arc","article_published_time":"2016-02-02T08:44:07+00:00","og_image":[{"url":"http:\/\/www.jeannedarc-figeac.fr\/college-lycee\/wp-content\/uploads\/sites\/5\/2016\/02\/Theo-the-thief-janvier-2016-001-225x300.jpg","type":"","width":"","height":""}],"author":"le secr\u00e9tariat","schema":{"@context":"https:\/\/schema.org","@graph":[{"@type":"WebPage","@id":"http:\/\/www.jeannedarc-figeac.fr\/college-lycee\/les-6e-et-cm2-en-immersion-dans-la-langue-de-shakespeare\/","url":"http:\/\/www.jeannedarc-figeac.fr\/college-lycee\/les-6e-et-cm2-en-immersion-dans-la-langue-de-shakespeare\/","name":"Les CM2 et 6\u00e8me en immersion dans la langue de Shakespeare\u2026","isPartOf":{"@id":"https:\/\/www.jeannedarc-figeac.fr\/college-lycee\/#website"},"primaryImageOfPage":{"@id":"http:\/\/www.jeannedarc-figeac.fr\/college-lycee\/les-6e-et-cm2-en-immersion-dans-la-langue-de-shakespeare\/#primaryimage"},"image":{"@id":"http:\/\/www.jeannedarc-figeac.fr\/college-lycee\/les-6e-et-cm2-en-immersion-dans-la-langue-de-shakespeare\/#primaryimage"},"thumbnailUrl":"http:\/\/www.jeannedarc-figeac.fr\/college-lycee\/wp-content\/uploads\/sites\/5\/2016\/02\/Theo-the-thief-janvier-2016-001-225x300.jpg","datePublished":"2016-02-02T08:44:07+00:00","author":{"@id":"https:\/\/www.jeannedarc-figeac.fr\/college-lycee\/#\/schema\/person\/29e5764f28e895dc8bf41d4468f99154"},"description":"Les \u00e9l\u00e8ves de CM2 et de 6e ont assist\u00e9, \u00e0 La Chapelle, \u00e0 une pi\u00e8ce de th\u00e9\u00e2tre en anglais, Theo the thief, jou\u00e9e par la Compagnie La Falaise. Theo the","breadcrumb":{"@id":"http:\/\/www.jeannedarc-figeac.fr\/college-lycee\/les-6e-et-cm2-en-immersion-dans-la-langue-de-shakespeare\/#breadcrumb"},"inLanguage":"fr-FR","potentialAction":[{"@type":"ReadAction","target":["http:\/\/www.jeannedarc-figeac.fr\/college-lycee\/les-6e-et-cm2-en-immersion-dans-la-langue-de-shakespeare\/"]}]},{"@type":"ImageObject","inLanguage":"fr-FR","@id":"http:\/\/www.jeannedarc-figeac.fr\/college-lycee\/les-6e-et-cm2-en-immersion-dans-la-langue-de-shakespeare\/#primaryimage","url":"https:\/\/i0.wp.com\/www.jeannedarc-figeac.fr\/college-lycee\/wp-content\/uploads\/sites\/5\/2016\/02\/Theo-the-thief-janvier-2016-001.jpg?fit=1200%2C1600&ssl=1","contentUrl":"https:\/\/i0.wp.com\/www.jeannedarc-figeac.fr\/college-lycee\/wp-content\/uploads\/sites\/5\/2016\/02\/Theo-the-thief-janvier-2016-001.jpg?fit=1200%2C1600&ssl=1","width":1200,"height":1600},{"@type":"BreadcrumbList","@id":"http:\/\/www.jeannedarc-figeac.fr\/college-lycee\/les-6e-et-cm2-en-immersion-dans-la-langue-de-shakespeare\/#breadcrumb","itemListElement":[{"@type":"ListItem","position":1,"name":"Accueil","item":"https:\/\/www.jeannedarc-figeac.fr\/college-lycee\/"},{"@type":"ListItem","position":2,"name":"Actus","item":"http:\/\/www.jeannedarc-figeac.fr\/college-lycee\/cat\/actus\/"},{"@type":"ListItem","position":3,"name":"Les CM2 et 6\u00e8me en immersion dans la langue de Shakespeare\u2026"}]},{"@type":"WebSite","@id":"https:\/\/www.jeannedarc-figeac.fr\/college-lycee\/#website","url":"https:\/\/www.jeannedarc-figeac.fr\/college-lycee\/","name":"Coll\u00e8ge et Lyc\u00e9e Jeanne d&#039;Arc","description":"Jeanne d&#039;Arc Figeac","potentialAction":[{"@type":"SearchAction","target":{"@type":"EntryPoint","urlTemplate":"https:\/\/www.jeannedarc-figeac.fr\/college-lycee\/?s={search_term_string}"},"query-input":{"@type":"PropertyValueSpecification","valueRequired":true,"valueName":"search_term_string"}}],"inLanguage":"fr-FR"},{"@type":"Person","@id":"https:\/\/www.jeannedarc-figeac.fr\/college-lycee\/#\/schema\/person\/29e5764f28e895dc8bf41d4468f99154","name":"le secr\u00e9tariat","image":{"@type":"ImageObject","inLanguage":"fr-FR","@id":"https:\/\/www.jeannedarc-figeac.fr\/college-lycee\/#\/schema\/person\/image\/","url":"https:\/\/www.jeannedarc-figeac.fr\/college-lycee\/wp-content\/litespeed\/avatar\/5\/b7e8da60f53ba4adc9e9e66d91d84580.jpg?ver=1776943645","contentUrl":"https:\/\/www.jeannedarc-figeac.fr\/college-lycee\/wp-content\/litespeed\/avatar\/5\/b7e8da60f53ba4adc9e9e66d91d84580.jpg?ver=1776943645","caption":"le secr\u00e9tariat"},"url":"https:\/\/www.jeannedarc-figeac.fr\/college-lycee\/author\/arlette\/"}]}},"jetpack_featured_media_url":"","jetpack_sharing_enabled":true,"jetpack_shortlink":"https:\/\/wp.me\/p5Qyb6-tJ","_links":{"self":[{"href":"https:\/\/www.jeannedarc-figeac.fr\/college-lycee\/wp-json\/wp\/v2\/posts\/1843","targetHints":{"allow":["GET"]}}],"collection":[{"href":"https:\/\/www.jeannedarc-figeac.fr\/college-lycee\/wp-json\/wp\/v2\/posts"}],"about":[{"href":"https:\/\/www.jeannedarc-figeac.fr\/college-lycee\/wp-json\/wp\/v2\/types\/post"}],"author":[{"embeddable":true,"href":"https:\/\/www.jeannedarc-figeac.fr\/college-lycee\/wp-json\/wp\/v2\/users\/12"}],"replies":[{"embeddable":true,"href":"https:\/\/www.jeannedarc-figeac.fr\/college-lycee\/wp-json\/wp\/v2\/comments?post=1843"}],"version-history":[{"count":1,"href":"https:\/\/www.jeannedarc-figeac.fr\/college-lycee\/wp-json\/wp\/v2\/posts\/1843\/revisions"}],"predecessor-version":[{"id":1846,"href":"https:\/\/www.jeannedarc-figeac.fr\/college-lycee\/wp-json\/wp\/v2\/posts\/1843\/revisions\/1846"}],"wp:attachment":[{"href":"https:\/\/www.jeannedarc-figeac.fr\/college-lycee\/wp-json\/wp\/v2\/media?parent=1843"}],"wp:term":[{"taxonomy":"category","embeddable":true,"href":"https:\/\/www.jeannedarc-figeac.fr\/college-lycee\/wp-json\/wp\/v2\/categories?post=1843"},{"taxonomy":"post_tag","embeddable":true,"href":"https:\/\/www.jeannedarc-figeac.fr\/college-lycee\/wp-json\/wp\/v2\/tags?post=1843"}],"curies":[{"name":"wp","href":"https:\/\/api.w.org\/{rel}","templated":true}]}}