{"id":1837,"date":"2016-02-02T08:17:06","date_gmt":"2016-02-02T08:17:06","guid":{"rendered":"http:\/\/www.jeannedarc-figeac.fr\/college-lycee\/?p=1837"},"modified":"2016-02-02T08:17:06","modified_gmt":"2016-02-02T08:17:06","slug":"1837-2","status":"publish","type":"post","link":"https:\/\/www.jeannedarc-figeac.fr\/college-lycee\/1837-2\/","title":{"rendered":"Les 1\u00e8re et Tle Bac Pro ASSP au forum handisport"},"content":{"rendered":"<p><a href=\"https:\/\/i0.wp.com\/www.jeannedarc-figeac.fr\/college-lycee\/wp-content\/uploads\/sites\/5\/2016\/02\/DSC00018-modifi%C3%A9.jpg\" rel=\"attachment wp-att-1838\"><img data-recalc-dims=\"1\" loading=\"lazy\" decoding=\"async\" class=\"alignnone size-medium wp-image-1838\" src=\"https:\/\/i0.wp.com\/www.jeannedarc-figeac.fr\/college-lycee\/wp-content\/uploads\/sites\/5\/2016\/02\/DSC00018-modifi%C3%A9.jpg?resize=300%2C225\" alt=\"DSC00018 modifi\u00e9\" width=\"300\" height=\"225\" srcset=\"https:\/\/i0.wp.com\/www.jeannedarc-figeac.fr\/college-lycee\/wp-content\/uploads\/sites\/5\/2016\/02\/DSC00018-modifi%C3%A9.jpg?resize=300%2C225&amp;ssl=1 300w, https:\/\/i0.wp.com\/www.jeannedarc-figeac.fr\/college-lycee\/wp-content\/uploads\/sites\/5\/2016\/02\/DSC00018-modifi%C3%A9.jpg?resize=768%2C576&amp;ssl=1 768w, https:\/\/i0.wp.com\/www.jeannedarc-figeac.fr\/college-lycee\/wp-content\/uploads\/sites\/5\/2016\/02\/DSC00018-modifi%C3%A9.jpg?resize=1024%2C768&amp;ssl=1 1024w, https:\/\/i0.wp.com\/www.jeannedarc-figeac.fr\/college-lycee\/wp-content\/uploads\/sites\/5\/2016\/02\/DSC00018-modifi%C3%A9.jpg?resize=1080%2C810&amp;ssl=1 1080w, https:\/\/i0.wp.com\/www.jeannedarc-figeac.fr\/college-lycee\/wp-content\/uploads\/sites\/5\/2016\/02\/DSC00018-modifi%C3%A9.jpg?w=1600&amp;ssl=1 1600w\" sizes=\"(max-width: 300px) 100vw, 300px\" \/><\/a><\/p>\n<p>Pour la 9i\u00e8me ann\u00e9e, l\u2019OIS organisait un forum sur le th\u00e8me du Handicap et du sport \u00e0 l\u2019Espace Mitterrand.<br \/>\nLes 1\u00e8re et Terminale ASSP ont pu s\u2019essayer \u00e0 un parcours d\u2019embuche \u00e0 l\u2019aveugle, un circuit en fauteuil agr\u00e9ment\u00e9 de transfert et d\u2019une tentative de visite aux toilettes \u2026 pas si facile\u00a0!<br \/>\nEnfin, les jeunes ont \u00e9t\u00e9 \u00e0 la rencontre de diff\u00e9rentes associations pr\u00e9sentes\u00a0: les bouchons d\u2019amour, le comit\u00e9 d\u00e9partemental du sport adapt\u00e9, le comit\u00e9 handisport, l\u2019association Lot21, l\u2019association des Paralys\u00e9s de France (APF), l\u2019APEAI, l\u2019association des familles des traumatis\u00e9s cr\u00e2niens et Surdi 46.<br \/>\nLes lyc\u00e9ens sont all\u00e9s de stand en stand pour mieux conna\u00eetre ces associations au travers de leurs buts et de leurs actions.<br \/>\nCe forum a \u00e9t\u00e9 l\u2019occasion d\u2019approfondir leurs connaissances relatives au handicap et aux institutions qui agissent dans ce domaine.<\/p>\n","protected":false},"excerpt":{"rendered":"<p>Pour la 9i\u00e8me ann\u00e9e, l\u2019OIS organisait un forum sur le th\u00e8me du Handicap et du sport \u00e0 l\u2019Espace Mitterrand. Les 1\u00e8re et Terminale ASSP ont pu s\u2019essayer \u00e0 un parcours d\u2019embuche \u00e0 l\u2019aveugle, un circuit en fauteuil agr\u00e9ment\u00e9 de transfert et d\u2019une tentative de visite aux toilettes \u2026 pas si facile\u00a0! Enfin, les jeunes ont [&hellip;]<\/p>\n","protected":false},"author":12,"featured_media":0,"comment_status":"closed","ping_status":"open","sticky":false,"template":"","format":"standard","meta":{"_et_pb_use_builder":"","_et_pb_old_content":"","_et_gb_content_width":"","_jetpack_newsletter_access":"","_jetpack_dont_email_post_to_subs":false,"_jetpack_newsletter_tier_id":0,"_jetpack_memberships_contains_paywalled_content":false,"iawp_total_views":0,"_jetpack_memberships_contains_paid_content":false,"footnotes":""},"categories":[28],"tags":[],"class_list":["post-1837","post","type-post","status-publish","format-standard","hentry","category-actus"],"yoast_head":"<!-- This site is optimized with the Yoast SEO plugin v26.0 - https:\/\/yoast.com\/wordpress\/plugins\/seo\/ -->\n<title>Les 1\u00e8re et Tle Bac Pro ASSP au forum handisport<\/title>\n<meta name=\"description\" content=\"Pour la 9i\u00e8me ann\u00e9e, l\u2019OIS organisait un forum sur le th\u00e8me du Handicap et du sport \u00e0 l\u2019Espace Mitterrand. Les 1\u00e8re et Terminale ASSP ont pu s\u2019essayer \u00e0\" \/>\n<meta name=\"robots\" content=\"index, follow, max-snippet:-1, max-image-preview:large, max-video-preview:-1\" \/>\n<link rel=\"canonical\" href=\"http:\/\/www.jeannedarc-figeac.fr\/college-lycee\/1837-2\/\" \/>\n<meta property=\"og:locale\" content=\"fr_FR\" \/>\n<meta property=\"og:type\" content=\"article\" \/>\n<meta property=\"og:title\" content=\"Les 1\u00e8re et Tle Bac Pro ASSP au forum handisport\" \/>\n<meta property=\"og:description\" content=\"Pour la 9i\u00e8me ann\u00e9e, l\u2019OIS organisait un forum sur le th\u00e8me du Handicap et du sport \u00e0 l\u2019Espace Mitterrand. Les 1\u00e8re et Terminale ASSP ont pu s\u2019essayer \u00e0\" \/>\n<meta property=\"og:url\" content=\"http:\/\/www.jeannedarc-figeac.fr\/college-lycee\/1837-2\/\" \/>\n<meta property=\"og:site_name\" content=\"Coll\u00e8ge et Lyc\u00e9e Jeanne d&#039;Arc\" \/>\n<meta property=\"article:published_time\" content=\"2016-02-02T08:17:06+00:00\" \/>\n<meta name=\"author\" content=\"le secr\u00e9tariat\" \/>\n<script type=\"application\/ld+json\" class=\"yoast-schema-graph\">{\"@context\":\"https:\/\/schema.org\",\"@graph\":[{\"@type\":\"WebPage\",\"@id\":\"http:\/\/www.jeannedarc-figeac.fr\/college-lycee\/1837-2\/\",\"url\":\"http:\/\/www.jeannedarc-figeac.fr\/college-lycee\/1837-2\/\",\"name\":\"Les 1\u00e8re et Tle Bac Pro ASSP au forum handisport\",\"isPartOf\":{\"@id\":\"https:\/\/www.jeannedarc-figeac.fr\/college-lycee\/#website\"},\"datePublished\":\"2016-02-02T08:17:06+00:00\",\"author\":{\"@id\":\"https:\/\/www.jeannedarc-figeac.fr\/college-lycee\/#\/schema\/person\/29e5764f28e895dc8bf41d4468f99154\"},\"description\":\"Pour la 9i\u00e8me ann\u00e9e, l\u2019OIS organisait un forum sur le th\u00e8me du Handicap et du sport \u00e0 l\u2019Espace Mitterrand. Les 1\u00e8re et Terminale ASSP ont pu s\u2019essayer \u00e0\",\"breadcrumb\":{\"@id\":\"http:\/\/www.jeannedarc-figeac.fr\/college-lycee\/1837-2\/#breadcrumb\"},\"inLanguage\":\"fr-FR\",\"potentialAction\":[{\"@type\":\"ReadAction\",\"target\":[\"http:\/\/www.jeannedarc-figeac.fr\/college-lycee\/1837-2\/\"]}]},{\"@type\":\"BreadcrumbList\",\"@id\":\"http:\/\/www.jeannedarc-figeac.fr\/college-lycee\/1837-2\/#breadcrumb\",\"itemListElement\":[{\"@type\":\"ListItem\",\"position\":1,\"name\":\"Accueil\",\"item\":\"https:\/\/www.jeannedarc-figeac.fr\/college-lycee\/\"},{\"@type\":\"ListItem\",\"position\":2,\"name\":\"Actus\",\"item\":\"http:\/\/www.jeannedarc-figeac.fr\/college-lycee\/cat\/actus\/\"},{\"@type\":\"ListItem\",\"position\":3,\"name\":\"Les 1\u00e8re et Tle Bac Pro ASSP au forum handisport\"}]},{\"@type\":\"WebSite\",\"@id\":\"https:\/\/www.jeannedarc-figeac.fr\/college-lycee\/#website\",\"url\":\"https:\/\/www.jeannedarc-figeac.fr\/college-lycee\/\",\"name\":\"Coll\u00e8ge et Lyc\u00e9e Jeanne d&#039;Arc\",\"description\":\"Jeanne d&#039;Arc Figeac\",\"potentialAction\":[{\"@type\":\"SearchAction\",\"target\":{\"@type\":\"EntryPoint\",\"urlTemplate\":\"https:\/\/www.jeannedarc-figeac.fr\/college-lycee\/?s={search_term_string}\"},\"query-input\":{\"@type\":\"PropertyValueSpecification\",\"valueRequired\":true,\"valueName\":\"search_term_string\"}}],\"inLanguage\":\"fr-FR\"},{\"@type\":\"Person\",\"@id\":\"https:\/\/www.jeannedarc-figeac.fr\/college-lycee\/#\/schema\/person\/29e5764f28e895dc8bf41d4468f99154\",\"name\":\"le secr\u00e9tariat\",\"image\":{\"@type\":\"ImageObject\",\"inLanguage\":\"fr-FR\",\"@id\":\"https:\/\/www.jeannedarc-figeac.fr\/college-lycee\/#\/schema\/person\/image\/\",\"url\":\"https:\/\/www.jeannedarc-figeac.fr\/college-lycee\/wp-content\/litespeed\/avatar\/5\/b7e8da60f53ba4adc9e9e66d91d84580.jpg?ver=1776943645\",\"contentUrl\":\"https:\/\/www.jeannedarc-figeac.fr\/college-lycee\/wp-content\/litespeed\/avatar\/5\/b7e8da60f53ba4adc9e9e66d91d84580.jpg?ver=1776943645\",\"caption\":\"le secr\u00e9tariat\"},\"url\":\"https:\/\/www.jeannedarc-figeac.fr\/college-lycee\/author\/arlette\/\"}]}<\/script>\n<!-- \/ Yoast SEO plugin. -->","yoast_head_json":{"title":"Les 1\u00e8re et Tle Bac Pro ASSP au forum handisport","description":"Pour la 9i\u00e8me ann\u00e9e, l\u2019OIS organisait un forum sur le th\u00e8me du Handicap et du sport \u00e0 l\u2019Espace Mitterrand. Les 1\u00e8re et Terminale ASSP ont pu s\u2019essayer \u00e0","robots":{"index":"index","follow":"follow","max-snippet":"max-snippet:-1","max-image-preview":"max-image-preview:large","max-video-preview":"max-video-preview:-1"},"canonical":"http:\/\/www.jeannedarc-figeac.fr\/college-lycee\/1837-2\/","og_locale":"fr_FR","og_type":"article","og_title":"Les 1\u00e8re et Tle Bac Pro ASSP au forum handisport","og_description":"Pour la 9i\u00e8me ann\u00e9e, l\u2019OIS organisait un forum sur le th\u00e8me du Handicap et du sport \u00e0 l\u2019Espace Mitterrand. Les 1\u00e8re et Terminale ASSP ont pu s\u2019essayer \u00e0","og_url":"http:\/\/www.jeannedarc-figeac.fr\/college-lycee\/1837-2\/","og_site_name":"Coll\u00e8ge et Lyc\u00e9e Jeanne d&#039;Arc","article_published_time":"2016-02-02T08:17:06+00:00","author":"le secr\u00e9tariat","schema":{"@context":"https:\/\/schema.org","@graph":[{"@type":"WebPage","@id":"http:\/\/www.jeannedarc-figeac.fr\/college-lycee\/1837-2\/","url":"http:\/\/www.jeannedarc-figeac.fr\/college-lycee\/1837-2\/","name":"Les 1\u00e8re et Tle Bac Pro ASSP au forum handisport","isPartOf":{"@id":"https:\/\/www.jeannedarc-figeac.fr\/college-lycee\/#website"},"datePublished":"2016-02-02T08:17:06+00:00","author":{"@id":"https:\/\/www.jeannedarc-figeac.fr\/college-lycee\/#\/schema\/person\/29e5764f28e895dc8bf41d4468f99154"},"description":"Pour la 9i\u00e8me ann\u00e9e, l\u2019OIS organisait un forum sur le th\u00e8me du Handicap et du sport \u00e0 l\u2019Espace Mitterrand. Les 1\u00e8re et Terminale ASSP ont pu s\u2019essayer \u00e0","breadcrumb":{"@id":"http:\/\/www.jeannedarc-figeac.fr\/college-lycee\/1837-2\/#breadcrumb"},"inLanguage":"fr-FR","potentialAction":[{"@type":"ReadAction","target":["http:\/\/www.jeannedarc-figeac.fr\/college-lycee\/1837-2\/"]}]},{"@type":"BreadcrumbList","@id":"http:\/\/www.jeannedarc-figeac.fr\/college-lycee\/1837-2\/#breadcrumb","itemListElement":[{"@type":"ListItem","position":1,"name":"Accueil","item":"https:\/\/www.jeannedarc-figeac.fr\/college-lycee\/"},{"@type":"ListItem","position":2,"name":"Actus","item":"http:\/\/www.jeannedarc-figeac.fr\/college-lycee\/cat\/actus\/"},{"@type":"ListItem","position":3,"name":"Les 1\u00e8re et Tle Bac Pro ASSP au forum handisport"}]},{"@type":"WebSite","@id":"https:\/\/www.jeannedarc-figeac.fr\/college-lycee\/#website","url":"https:\/\/www.jeannedarc-figeac.fr\/college-lycee\/","name":"Coll\u00e8ge et Lyc\u00e9e Jeanne d&#039;Arc","description":"Jeanne d&#039;Arc Figeac","potentialAction":[{"@type":"SearchAction","target":{"@type":"EntryPoint","urlTemplate":"https:\/\/www.jeannedarc-figeac.fr\/college-lycee\/?s={search_term_string}"},"query-input":{"@type":"PropertyValueSpecification","valueRequired":true,"valueName":"search_term_string"}}],"inLanguage":"fr-FR"},{"@type":"Person","@id":"https:\/\/www.jeannedarc-figeac.fr\/college-lycee\/#\/schema\/person\/29e5764f28e895dc8bf41d4468f99154","name":"le secr\u00e9tariat","image":{"@type":"ImageObject","inLanguage":"fr-FR","@id":"https:\/\/www.jeannedarc-figeac.fr\/college-lycee\/#\/schema\/person\/image\/","url":"https:\/\/www.jeannedarc-figeac.fr\/college-lycee\/wp-content\/litespeed\/avatar\/5\/b7e8da60f53ba4adc9e9e66d91d84580.jpg?ver=1776943645","contentUrl":"https:\/\/www.jeannedarc-figeac.fr\/college-lycee\/wp-content\/litespeed\/avatar\/5\/b7e8da60f53ba4adc9e9e66d91d84580.jpg?ver=1776943645","caption":"le secr\u00e9tariat"},"url":"https:\/\/www.jeannedarc-figeac.fr\/college-lycee\/author\/arlette\/"}]}},"jetpack_featured_media_url":"","jetpack_sharing_enabled":true,"jetpack_shortlink":"https:\/\/wp.me\/p5Qyb6-tD","_links":{"self":[{"href":"https:\/\/www.jeannedarc-figeac.fr\/college-lycee\/wp-json\/wp\/v2\/posts\/1837","targetHints":{"allow":["GET"]}}],"collection":[{"href":"https:\/\/www.jeannedarc-figeac.fr\/college-lycee\/wp-json\/wp\/v2\/posts"}],"about":[{"href":"https:\/\/www.jeannedarc-figeac.fr\/college-lycee\/wp-json\/wp\/v2\/types\/post"}],"author":[{"embeddable":true,"href":"https:\/\/www.jeannedarc-figeac.fr\/college-lycee\/wp-json\/wp\/v2\/users\/12"}],"replies":[{"embeddable":true,"href":"https:\/\/www.jeannedarc-figeac.fr\/college-lycee\/wp-json\/wp\/v2\/comments?post=1837"}],"version-history":[{"count":1,"href":"https:\/\/www.jeannedarc-figeac.fr\/college-lycee\/wp-json\/wp\/v2\/posts\/1837\/revisions"}],"predecessor-version":[{"id":1839,"href":"https:\/\/www.jeannedarc-figeac.fr\/college-lycee\/wp-json\/wp\/v2\/posts\/1837\/revisions\/1839"}],"wp:attachment":[{"href":"https:\/\/www.jeannedarc-figeac.fr\/college-lycee\/wp-json\/wp\/v2\/media?parent=1837"}],"wp:term":[{"taxonomy":"category","embeddable":true,"href":"https:\/\/www.jeannedarc-figeac.fr\/college-lycee\/wp-json\/wp\/v2\/categories?post=1837"},{"taxonomy":"post_tag","embeddable":true,"href":"https:\/\/www.jeannedarc-figeac.fr\/college-lycee\/wp-json\/wp\/v2\/tags?post=1837"}],"curies":[{"name":"wp","href":"https:\/\/api.w.org\/{rel}","templated":true}]}}