{"id":1829,"date":"2016-01-19T08:11:09","date_gmt":"2016-01-19T08:11:09","guid":{"rendered":"http:\/\/www.jeannedarc-figeac.fr\/college-lycee\/?p=1829"},"modified":"2016-01-19T08:11:09","modified_gmt":"2016-01-19T08:11:09","slug":"1829-2","status":"publish","type":"post","link":"https:\/\/www.jeannedarc-figeac.fr\/college-lycee\/1829-2\/","title":{"rendered":"F\u00e9licitations aux jeunes dipl\u00f4m\u00e9s !"},"content":{"rendered":"<p><a href=\"https:\/\/i0.wp.com\/www.jeannedarc-figeac.fr\/college-lycee\/wp-content\/uploads\/sites\/5\/2016\/01\/Ma%C3%ABlys-Dipl%C3%B4mes-et-No%C3%ABl-2015-024.jpg\" rel=\"attachment wp-att-1830\"><img data-recalc-dims=\"1\" loading=\"lazy\" decoding=\"async\" class=\"alignnone size-medium wp-image-1830\" src=\"https:\/\/i0.wp.com\/www.jeannedarc-figeac.fr\/college-lycee\/wp-content\/uploads\/sites\/5\/2016\/01\/Ma%C3%ABlys-Dipl%C3%B4mes-et-No%C3%ABl-2015-024.jpg?resize=300%2C225\" alt=\"Ma\u00eblys Dipl\u00f4mes et No\u00ebl 2015 024\" width=\"300\" height=\"225\" srcset=\"https:\/\/i0.wp.com\/www.jeannedarc-figeac.fr\/college-lycee\/wp-content\/uploads\/sites\/5\/2016\/01\/Ma%C3%ABlys-Dipl%C3%B4mes-et-No%C3%ABl-2015-024.jpg?resize=300%2C225&amp;ssl=1 300w, https:\/\/i0.wp.com\/www.jeannedarc-figeac.fr\/college-lycee\/wp-content\/uploads\/sites\/5\/2016\/01\/Ma%C3%ABlys-Dipl%C3%B4mes-et-No%C3%ABl-2015-024.jpg?resize=768%2C576&amp;ssl=1 768w, https:\/\/i0.wp.com\/www.jeannedarc-figeac.fr\/college-lycee\/wp-content\/uploads\/sites\/5\/2016\/01\/Ma%C3%ABlys-Dipl%C3%B4mes-et-No%C3%ABl-2015-024.jpg?resize=1024%2C768&amp;ssl=1 1024w, https:\/\/i0.wp.com\/www.jeannedarc-figeac.fr\/college-lycee\/wp-content\/uploads\/sites\/5\/2016\/01\/Ma%C3%ABlys-Dipl%C3%B4mes-et-No%C3%ABl-2015-024.jpg?resize=1080%2C810&amp;ssl=1 1080w, https:\/\/i0.wp.com\/www.jeannedarc-figeac.fr\/college-lycee\/wp-content\/uploads\/sites\/5\/2016\/01\/Ma%C3%ABlys-Dipl%C3%B4mes-et-No%C3%ABl-2015-024.jpg?w=1600&amp;ssl=1 1600w\" sizes=\"(max-width: 300px) 100vw, 300px\" \/><\/a><a href=\"https:\/\/i0.wp.com\/www.jeannedarc-figeac.fr\/college-lycee\/wp-content\/uploads\/sites\/5\/2016\/01\/Ma%C3%ABlys-Dipl%C3%B4mes-et-No%C3%ABl-2015-018.jpg\" rel=\"attachment wp-att-1831\"><img data-recalc-dims=\"1\" loading=\"lazy\" decoding=\"async\" class=\"alignnone size-medium wp-image-1831\" src=\"https:\/\/i0.wp.com\/www.jeannedarc-figeac.fr\/college-lycee\/wp-content\/uploads\/sites\/5\/2016\/01\/Ma%C3%ABlys-Dipl%C3%B4mes-et-No%C3%ABl-2015-018.jpg?resize=300%2C225\" alt=\"Ma\u00eblys Dipl\u00f4mes et No\u00ebl 2015 018\" width=\"300\" height=\"225\" srcset=\"https:\/\/i0.wp.com\/www.jeannedarc-figeac.fr\/college-lycee\/wp-content\/uploads\/sites\/5\/2016\/01\/Ma%C3%ABlys-Dipl%C3%B4mes-et-No%C3%ABl-2015-018.jpg?resize=300%2C225&amp;ssl=1 300w, https:\/\/i0.wp.com\/www.jeannedarc-figeac.fr\/college-lycee\/wp-content\/uploads\/sites\/5\/2016\/01\/Ma%C3%ABlys-Dipl%C3%B4mes-et-No%C3%ABl-2015-018.jpg?resize=768%2C576&amp;ssl=1 768w, https:\/\/i0.wp.com\/www.jeannedarc-figeac.fr\/college-lycee\/wp-content\/uploads\/sites\/5\/2016\/01\/Ma%C3%ABlys-Dipl%C3%B4mes-et-No%C3%ABl-2015-018.jpg?resize=1024%2C768&amp;ssl=1 1024w, https:\/\/i0.wp.com\/www.jeannedarc-figeac.fr\/college-lycee\/wp-content\/uploads\/sites\/5\/2016\/01\/Ma%C3%ABlys-Dipl%C3%B4mes-et-No%C3%ABl-2015-018.jpg?resize=1080%2C810&amp;ssl=1 1080w, https:\/\/i0.wp.com\/www.jeannedarc-figeac.fr\/college-lycee\/wp-content\/uploads\/sites\/5\/2016\/01\/Ma%C3%ABlys-Dipl%C3%B4mes-et-No%C3%ABl-2015-018.jpg?w=1600&amp;ssl=1 1600w\" sizes=\"(max-width: 300px) 100vw, 300px\" \/><\/a><\/p>\n<p>De nombreux parents et (anciens) \u00e9l\u00e8ves \u00e9taient pr\u00e9sents pour la remise des dipl\u00f4mes du Brevet.<br \/>\nChaque jeune a tout d\u2019abord re\u00e7u son dipl\u00f4me des mains d\u2019un de ses professeurs de 3e, parfois coiff\u00e9 du \u00ab\u00a0graduation cap\u00a0\u00bb. Il est vrai que cette c\u00e9r\u00e9monie avait un petit air am\u00e9ricain\u2026<\/p>\n<p>Ensuite et apr\u00e8s la traditionnelle s\u00e9ance photos, des cocktails de jus de fruits et quelques gourmandises attendaient les laur\u00e9ats pour f\u00eater dignement cet \u00e9v\u00e8nement.<\/p>\n<p>Merci \u00e0 tous les professeurs et personnels qui ont aid\u00e9 dans la pr\u00e9paration et\/ou qui, par leur pr\u00e9sence, ont contribu\u00e9 \u00e0 cette r\u00e9ussite\u00a0! En effet, les dipl\u00f4m\u00e9s et leurs parents ont beaucoup appr\u00e9ci\u00e9 ce moment et nombreux sont ces derniers a nous en avoir fait part. Alors, \u00e0 quand le bal de promo\u00a0?<\/p>\n","protected":false},"excerpt":{"rendered":"<p>De nombreux parents et (anciens) \u00e9l\u00e8ves \u00e9taient pr\u00e9sents pour la remise des dipl\u00f4mes du Brevet. Chaque jeune a tout d\u2019abord re\u00e7u son dipl\u00f4me des mains d\u2019un de ses professeurs de 3e, parfois coiff\u00e9 du \u00ab\u00a0graduation cap\u00a0\u00bb. Il est vrai que cette c\u00e9r\u00e9monie avait un petit air am\u00e9ricain\u2026 Ensuite et apr\u00e8s la traditionnelle s\u00e9ance photos, des [&hellip;]<\/p>\n","protected":false},"author":12,"featured_media":0,"comment_status":"closed","ping_status":"open","sticky":false,"template":"","format":"standard","meta":{"_et_pb_use_builder":"","_et_pb_old_content":"","_et_gb_content_width":"","_jetpack_newsletter_access":"","_jetpack_dont_email_post_to_subs":false,"_jetpack_newsletter_tier_id":0,"_jetpack_memberships_contains_paywalled_content":false,"iawp_total_views":0,"_jetpack_memberships_contains_paid_content":false,"footnotes":""},"categories":[28],"tags":[],"class_list":["post-1829","post","type-post","status-publish","format-standard","hentry","category-actus"],"yoast_head":"<!-- This site is optimized with the Yoast SEO plugin v26.0 - https:\/\/yoast.com\/wordpress\/plugins\/seo\/ -->\n<title>F\u00e9licitations aux jeunes dipl\u00f4m\u00e9s !<\/title>\n<meta name=\"description\" content=\"De nombreux parents et (anciens) \u00e9l\u00e8ves \u00e9taient pr\u00e9sents pour la remise des dipl\u00f4mes du Brevet. Chaque jeune a tout d\u2019abord re\u00e7u son dipl\u00f4me des mains\" \/>\n<meta name=\"robots\" content=\"index, follow, max-snippet:-1, max-image-preview:large, max-video-preview:-1\" \/>\n<link rel=\"canonical\" href=\"http:\/\/www.jeannedarc-figeac.fr\/college-lycee\/1829-2\/\" \/>\n<meta property=\"og:locale\" content=\"fr_FR\" \/>\n<meta property=\"og:type\" content=\"article\" \/>\n<meta property=\"og:title\" content=\"F\u00e9licitations aux jeunes dipl\u00f4m\u00e9s !\" \/>\n<meta property=\"og:description\" content=\"De nombreux parents et (anciens) \u00e9l\u00e8ves \u00e9taient pr\u00e9sents pour la remise des dipl\u00f4mes du Brevet. Chaque jeune a tout d\u2019abord re\u00e7u son dipl\u00f4me des mains\" \/>\n<meta property=\"og:url\" content=\"http:\/\/www.jeannedarc-figeac.fr\/college-lycee\/1829-2\/\" \/>\n<meta property=\"og:site_name\" content=\"Coll\u00e8ge et Lyc\u00e9e Jeanne d&#039;Arc\" \/>\n<meta property=\"article:published_time\" content=\"2016-01-19T08:11:09+00:00\" \/>\n<meta name=\"author\" content=\"le secr\u00e9tariat\" \/>\n<script type=\"application\/ld+json\" class=\"yoast-schema-graph\">{\"@context\":\"https:\/\/schema.org\",\"@graph\":[{\"@type\":\"WebPage\",\"@id\":\"http:\/\/www.jeannedarc-figeac.fr\/college-lycee\/1829-2\/\",\"url\":\"http:\/\/www.jeannedarc-figeac.fr\/college-lycee\/1829-2\/\",\"name\":\"F\u00e9licitations aux jeunes dipl\u00f4m\u00e9s !\",\"isPartOf\":{\"@id\":\"https:\/\/www.jeannedarc-figeac.fr\/college-lycee\/#website\"},\"datePublished\":\"2016-01-19T08:11:09+00:00\",\"author\":{\"@id\":\"https:\/\/www.jeannedarc-figeac.fr\/college-lycee\/#\/schema\/person\/29e5764f28e895dc8bf41d4468f99154\"},\"description\":\"De nombreux parents et (anciens) \u00e9l\u00e8ves \u00e9taient pr\u00e9sents pour la remise des dipl\u00f4mes du Brevet. Chaque jeune a tout d\u2019abord re\u00e7u son dipl\u00f4me des mains\",\"breadcrumb\":{\"@id\":\"http:\/\/www.jeannedarc-figeac.fr\/college-lycee\/1829-2\/#breadcrumb\"},\"inLanguage\":\"fr-FR\",\"potentialAction\":[{\"@type\":\"ReadAction\",\"target\":[\"http:\/\/www.jeannedarc-figeac.fr\/college-lycee\/1829-2\/\"]}]},{\"@type\":\"BreadcrumbList\",\"@id\":\"http:\/\/www.jeannedarc-figeac.fr\/college-lycee\/1829-2\/#breadcrumb\",\"itemListElement\":[{\"@type\":\"ListItem\",\"position\":1,\"name\":\"Accueil\",\"item\":\"https:\/\/www.jeannedarc-figeac.fr\/college-lycee\/\"},{\"@type\":\"ListItem\",\"position\":2,\"name\":\"Actus\",\"item\":\"http:\/\/www.jeannedarc-figeac.fr\/college-lycee\/cat\/actus\/\"},{\"@type\":\"ListItem\",\"position\":3,\"name\":\"F\u00e9licitations aux jeunes dipl\u00f4m\u00e9s !\"}]},{\"@type\":\"WebSite\",\"@id\":\"https:\/\/www.jeannedarc-figeac.fr\/college-lycee\/#website\",\"url\":\"https:\/\/www.jeannedarc-figeac.fr\/college-lycee\/\",\"name\":\"Coll\u00e8ge et Lyc\u00e9e Jeanne d&#039;Arc\",\"description\":\"Jeanne d&#039;Arc Figeac\",\"potentialAction\":[{\"@type\":\"SearchAction\",\"target\":{\"@type\":\"EntryPoint\",\"urlTemplate\":\"https:\/\/www.jeannedarc-figeac.fr\/college-lycee\/?s={search_term_string}\"},\"query-input\":{\"@type\":\"PropertyValueSpecification\",\"valueRequired\":true,\"valueName\":\"search_term_string\"}}],\"inLanguage\":\"fr-FR\"},{\"@type\":\"Person\",\"@id\":\"https:\/\/www.jeannedarc-figeac.fr\/college-lycee\/#\/schema\/person\/29e5764f28e895dc8bf41d4468f99154\",\"name\":\"le secr\u00e9tariat\",\"image\":{\"@type\":\"ImageObject\",\"inLanguage\":\"fr-FR\",\"@id\":\"https:\/\/www.jeannedarc-figeac.fr\/college-lycee\/#\/schema\/person\/image\/\",\"url\":\"https:\/\/www.jeannedarc-figeac.fr\/college-lycee\/wp-content\/litespeed\/avatar\/5\/b7e8da60f53ba4adc9e9e66d91d84580.jpg?ver=1776943645\",\"contentUrl\":\"https:\/\/www.jeannedarc-figeac.fr\/college-lycee\/wp-content\/litespeed\/avatar\/5\/b7e8da60f53ba4adc9e9e66d91d84580.jpg?ver=1776943645\",\"caption\":\"le secr\u00e9tariat\"},\"url\":\"https:\/\/www.jeannedarc-figeac.fr\/college-lycee\/author\/arlette\/\"}]}<\/script>\n<!-- \/ Yoast SEO plugin. -->","yoast_head_json":{"title":"F\u00e9licitations aux jeunes dipl\u00f4m\u00e9s !","description":"De nombreux parents et (anciens) \u00e9l\u00e8ves \u00e9taient pr\u00e9sents pour la remise des dipl\u00f4mes du Brevet. Chaque jeune a tout d\u2019abord re\u00e7u son dipl\u00f4me des mains","robots":{"index":"index","follow":"follow","max-snippet":"max-snippet:-1","max-image-preview":"max-image-preview:large","max-video-preview":"max-video-preview:-1"},"canonical":"http:\/\/www.jeannedarc-figeac.fr\/college-lycee\/1829-2\/","og_locale":"fr_FR","og_type":"article","og_title":"F\u00e9licitations aux jeunes dipl\u00f4m\u00e9s !","og_description":"De nombreux parents et (anciens) \u00e9l\u00e8ves \u00e9taient pr\u00e9sents pour la remise des dipl\u00f4mes du Brevet. Chaque jeune a tout d\u2019abord re\u00e7u son dipl\u00f4me des mains","og_url":"http:\/\/www.jeannedarc-figeac.fr\/college-lycee\/1829-2\/","og_site_name":"Coll\u00e8ge et Lyc\u00e9e Jeanne d&#039;Arc","article_published_time":"2016-01-19T08:11:09+00:00","author":"le secr\u00e9tariat","schema":{"@context":"https:\/\/schema.org","@graph":[{"@type":"WebPage","@id":"http:\/\/www.jeannedarc-figeac.fr\/college-lycee\/1829-2\/","url":"http:\/\/www.jeannedarc-figeac.fr\/college-lycee\/1829-2\/","name":"F\u00e9licitations aux jeunes dipl\u00f4m\u00e9s !","isPartOf":{"@id":"https:\/\/www.jeannedarc-figeac.fr\/college-lycee\/#website"},"datePublished":"2016-01-19T08:11:09+00:00","author":{"@id":"https:\/\/www.jeannedarc-figeac.fr\/college-lycee\/#\/schema\/person\/29e5764f28e895dc8bf41d4468f99154"},"description":"De nombreux parents et (anciens) \u00e9l\u00e8ves \u00e9taient pr\u00e9sents pour la remise des dipl\u00f4mes du Brevet. Chaque jeune a tout d\u2019abord re\u00e7u son dipl\u00f4me des mains","breadcrumb":{"@id":"http:\/\/www.jeannedarc-figeac.fr\/college-lycee\/1829-2\/#breadcrumb"},"inLanguage":"fr-FR","potentialAction":[{"@type":"ReadAction","target":["http:\/\/www.jeannedarc-figeac.fr\/college-lycee\/1829-2\/"]}]},{"@type":"BreadcrumbList","@id":"http:\/\/www.jeannedarc-figeac.fr\/college-lycee\/1829-2\/#breadcrumb","itemListElement":[{"@type":"ListItem","position":1,"name":"Accueil","item":"https:\/\/www.jeannedarc-figeac.fr\/college-lycee\/"},{"@type":"ListItem","position":2,"name":"Actus","item":"http:\/\/www.jeannedarc-figeac.fr\/college-lycee\/cat\/actus\/"},{"@type":"ListItem","position":3,"name":"F\u00e9licitations aux jeunes dipl\u00f4m\u00e9s !"}]},{"@type":"WebSite","@id":"https:\/\/www.jeannedarc-figeac.fr\/college-lycee\/#website","url":"https:\/\/www.jeannedarc-figeac.fr\/college-lycee\/","name":"Coll\u00e8ge et Lyc\u00e9e Jeanne d&#039;Arc","description":"Jeanne d&#039;Arc Figeac","potentialAction":[{"@type":"SearchAction","target":{"@type":"EntryPoint","urlTemplate":"https:\/\/www.jeannedarc-figeac.fr\/college-lycee\/?s={search_term_string}"},"query-input":{"@type":"PropertyValueSpecification","valueRequired":true,"valueName":"search_term_string"}}],"inLanguage":"fr-FR"},{"@type":"Person","@id":"https:\/\/www.jeannedarc-figeac.fr\/college-lycee\/#\/schema\/person\/29e5764f28e895dc8bf41d4468f99154","name":"le secr\u00e9tariat","image":{"@type":"ImageObject","inLanguage":"fr-FR","@id":"https:\/\/www.jeannedarc-figeac.fr\/college-lycee\/#\/schema\/person\/image\/","url":"https:\/\/www.jeannedarc-figeac.fr\/college-lycee\/wp-content\/litespeed\/avatar\/5\/b7e8da60f53ba4adc9e9e66d91d84580.jpg?ver=1776943645","contentUrl":"https:\/\/www.jeannedarc-figeac.fr\/college-lycee\/wp-content\/litespeed\/avatar\/5\/b7e8da60f53ba4adc9e9e66d91d84580.jpg?ver=1776943645","caption":"le secr\u00e9tariat"},"url":"https:\/\/www.jeannedarc-figeac.fr\/college-lycee\/author\/arlette\/"}]}},"jetpack_featured_media_url":"","jetpack_sharing_enabled":true,"jetpack_shortlink":"https:\/\/wp.me\/p5Qyb6-tv","_links":{"self":[{"href":"https:\/\/www.jeannedarc-figeac.fr\/college-lycee\/wp-json\/wp\/v2\/posts\/1829","targetHints":{"allow":["GET"]}}],"collection":[{"href":"https:\/\/www.jeannedarc-figeac.fr\/college-lycee\/wp-json\/wp\/v2\/posts"}],"about":[{"href":"https:\/\/www.jeannedarc-figeac.fr\/college-lycee\/wp-json\/wp\/v2\/types\/post"}],"author":[{"embeddable":true,"href":"https:\/\/www.jeannedarc-figeac.fr\/college-lycee\/wp-json\/wp\/v2\/users\/12"}],"replies":[{"embeddable":true,"href":"https:\/\/www.jeannedarc-figeac.fr\/college-lycee\/wp-json\/wp\/v2\/comments?post=1829"}],"version-history":[{"count":1,"href":"https:\/\/www.jeannedarc-figeac.fr\/college-lycee\/wp-json\/wp\/v2\/posts\/1829\/revisions"}],"predecessor-version":[{"id":1832,"href":"https:\/\/www.jeannedarc-figeac.fr\/college-lycee\/wp-json\/wp\/v2\/posts\/1829\/revisions\/1832"}],"wp:attachment":[{"href":"https:\/\/www.jeannedarc-figeac.fr\/college-lycee\/wp-json\/wp\/v2\/media?parent=1829"}],"wp:term":[{"taxonomy":"category","embeddable":true,"href":"https:\/\/www.jeannedarc-figeac.fr\/college-lycee\/wp-json\/wp\/v2\/categories?post=1829"},{"taxonomy":"post_tag","embeddable":true,"href":"https:\/\/www.jeannedarc-figeac.fr\/college-lycee\/wp-json\/wp\/v2\/tags?post=1829"}],"curies":[{"name":"wp","href":"https:\/\/api.w.org\/{rel}","templated":true}]}}