{"id":1821,"date":"2016-01-13T08:12:19","date_gmt":"2016-01-13T08:12:19","guid":{"rendered":"http:\/\/www.jeannedarc-figeac.fr\/college-lycee\/?p=1821"},"modified":"2016-01-13T08:12:19","modified_gmt":"2016-01-13T08:12:19","slug":"les-lyceens-de-la-section-foot-champions-du-lot-en-futsal","status":"publish","type":"post","link":"https:\/\/www.jeannedarc-figeac.fr\/college-lycee\/les-lyceens-de-la-section-foot-champions-du-lot-en-futsal\/","title":{"rendered":"Les lyc\u00e9ens de la Section Foot champions du Lot en futsal"},"content":{"rendered":"<p><a href=\"https:\/\/i0.wp.com\/www.jeannedarc-figeac.fr\/college-lycee\/wp-content\/uploads\/sites\/5\/2016\/01\/WP_20160106_005.jpg\" rel=\"attachment wp-att-1822\"><img data-recalc-dims=\"1\" loading=\"lazy\" decoding=\"async\" class=\"alignnone size-medium wp-image-1822\" src=\"https:\/\/i0.wp.com\/www.jeannedarc-figeac.fr\/college-lycee\/wp-content\/uploads\/sites\/5\/2016\/01\/WP_20160106_005.jpg?resize=300%2C169\" alt=\"WP_20160106_005\" width=\"300\" height=\"169\" srcset=\"https:\/\/i0.wp.com\/www.jeannedarc-figeac.fr\/college-lycee\/wp-content\/uploads\/sites\/5\/2016\/01\/WP_20160106_005.jpg?resize=300%2C169&amp;ssl=1 300w, https:\/\/i0.wp.com\/www.jeannedarc-figeac.fr\/college-lycee\/wp-content\/uploads\/sites\/5\/2016\/01\/WP_20160106_005.jpg?resize=768%2C431&amp;ssl=1 768w, https:\/\/i0.wp.com\/www.jeannedarc-figeac.fr\/college-lycee\/wp-content\/uploads\/sites\/5\/2016\/01\/WP_20160106_005.jpg?resize=1024%2C575&amp;ssl=1 1024w, https:\/\/i0.wp.com\/www.jeannedarc-figeac.fr\/college-lycee\/wp-content\/uploads\/sites\/5\/2016\/01\/WP_20160106_005.jpg?resize=1080%2C607&amp;ssl=1 1080w, https:\/\/i0.wp.com\/www.jeannedarc-figeac.fr\/college-lycee\/wp-content\/uploads\/sites\/5\/2016\/01\/WP_20160106_005.jpg?w=2160 2160w\" sizes=\"(max-width: 300px) 100vw, 300px\" \/><\/a><\/p>\n<p>Les lyc\u00e9ens de la Section Foot se sont d\u00e9plac\u00e9s \u00e0 Gourdon pour la finale d\u00e9partementale de Futsal.<br \/>\nOppos\u00e9s au Lyc\u00e9e du Montat et au Lyc\u00e9e L\u00e9o Ferr\u00e9 de Gourdon, nos jeunes se sont impos\u00e9s sur les deux rencontres pour remporter le titre d\u00e9partemental et se qualifier pour les interd\u00e9partementaux.<br \/>\nLes joueurs ont \u00e9t\u00e9 disciplin\u00e9s et tr\u00e8s attentifs aux consignes donn\u00e9es par Patrick Gauthier et Bastien Bories, leurs \u00e9ducateurs sportifs en Section Football.<\/p>\n","protected":false},"excerpt":{"rendered":"<p>Les lyc\u00e9ens de la Section Foot se sont d\u00e9plac\u00e9s \u00e0 Gourdon pour la finale d\u00e9partementale de Futsal. Oppos\u00e9s au Lyc\u00e9e du Montat et au Lyc\u00e9e L\u00e9o Ferr\u00e9 de Gourdon, nos jeunes se sont impos\u00e9s sur les deux rencontres pour remporter le titre d\u00e9partemental et se qualifier pour les interd\u00e9partementaux. Les joueurs ont \u00e9t\u00e9 disciplin\u00e9s et [&hellip;]<\/p>\n","protected":false},"author":12,"featured_media":0,"comment_status":"closed","ping_status":"open","sticky":false,"template":"","format":"standard","meta":{"_et_pb_use_builder":"","_et_pb_old_content":"","_et_gb_content_width":"","_jetpack_newsletter_access":"","_jetpack_dont_email_post_to_subs":false,"_jetpack_newsletter_tier_id":0,"_jetpack_memberships_contains_paywalled_content":false,"iawp_total_views":0,"_jetpack_memberships_contains_paid_content":false,"footnotes":""},"categories":[28],"tags":[],"class_list":["post-1821","post","type-post","status-publish","format-standard","hentry","category-actus"],"yoast_head":"<!-- This site is optimized with the Yoast SEO plugin v26.0 - https:\/\/yoast.com\/wordpress\/plugins\/seo\/ -->\n<title>Les lyc\u00e9ens de la Section Foot champions du Lot en futsal<\/title>\n<meta name=\"description\" content=\"Les lyc\u00e9ens de la Section Foot se sont d\u00e9plac\u00e9s \u00e0 Gourdon pour la finale d\u00e9partementale de Futsal. Oppos\u00e9s au Lyc\u00e9e du Montat et au Lyc\u00e9e L\u00e9o Ferr\u00e9 de\" \/>\n<meta name=\"robots\" content=\"index, follow, max-snippet:-1, max-image-preview:large, max-video-preview:-1\" \/>\n<link rel=\"canonical\" href=\"https:\/\/www.jeannedarc-figeac.fr\/college-lycee\/les-lyceens-de-la-section-foot-champions-du-lot-en-futsal\/\" \/>\n<meta property=\"og:locale\" content=\"fr_FR\" \/>\n<meta property=\"og:type\" content=\"article\" \/>\n<meta property=\"og:title\" content=\"Les lyc\u00e9ens de la Section Foot champions du Lot en futsal\" \/>\n<meta property=\"og:description\" content=\"Les lyc\u00e9ens de la Section Foot se sont d\u00e9plac\u00e9s \u00e0 Gourdon pour la finale d\u00e9partementale de Futsal. Oppos\u00e9s au Lyc\u00e9e du Montat et au Lyc\u00e9e L\u00e9o Ferr\u00e9 de\" \/>\n<meta property=\"og:url\" content=\"https:\/\/www.jeannedarc-figeac.fr\/college-lycee\/les-lyceens-de-la-section-foot-champions-du-lot-en-futsal\/\" \/>\n<meta property=\"og:site_name\" content=\"Coll\u00e8ge et Lyc\u00e9e Jeanne d&#039;Arc\" \/>\n<meta property=\"article:published_time\" content=\"2016-01-13T08:12:19+00:00\" \/>\n<meta property=\"og:image\" content=\"http:\/\/www.jeannedarc-figeac.fr\/college-lycee\/wp-content\/uploads\/sites\/5\/2016\/01\/WP_20160106_005-300x169.jpg\" \/>\n<meta name=\"author\" content=\"le secr\u00e9tariat\" \/>\n<script type=\"application\/ld+json\" class=\"yoast-schema-graph\">{\"@context\":\"https:\/\/schema.org\",\"@graph\":[{\"@type\":\"WebPage\",\"@id\":\"https:\/\/www.jeannedarc-figeac.fr\/college-lycee\/les-lyceens-de-la-section-foot-champions-du-lot-en-futsal\/\",\"url\":\"https:\/\/www.jeannedarc-figeac.fr\/college-lycee\/les-lyceens-de-la-section-foot-champions-du-lot-en-futsal\/\",\"name\":\"Les lyc\u00e9ens de la Section Foot champions du Lot en futsal\",\"isPartOf\":{\"@id\":\"https:\/\/www.jeannedarc-figeac.fr\/college-lycee\/#website\"},\"primaryImageOfPage\":{\"@id\":\"https:\/\/www.jeannedarc-figeac.fr\/college-lycee\/les-lyceens-de-la-section-foot-champions-du-lot-en-futsal\/#primaryimage\"},\"image\":{\"@id\":\"https:\/\/www.jeannedarc-figeac.fr\/college-lycee\/les-lyceens-de-la-section-foot-champions-du-lot-en-futsal\/#primaryimage\"},\"thumbnailUrl\":\"http:\/\/www.jeannedarc-figeac.fr\/college-lycee\/wp-content\/uploads\/sites\/5\/2016\/01\/WP_20160106_005-300x169.jpg\",\"datePublished\":\"2016-01-13T08:12:19+00:00\",\"author\":{\"@id\":\"https:\/\/www.jeannedarc-figeac.fr\/college-lycee\/#\/schema\/person\/29e5764f28e895dc8bf41d4468f99154\"},\"description\":\"Les lyc\u00e9ens de la Section Foot se sont d\u00e9plac\u00e9s \u00e0 Gourdon pour la finale d\u00e9partementale de Futsal. Oppos\u00e9s au Lyc\u00e9e du Montat et au Lyc\u00e9e L\u00e9o Ferr\u00e9 de\",\"breadcrumb\":{\"@id\":\"https:\/\/www.jeannedarc-figeac.fr\/college-lycee\/les-lyceens-de-la-section-foot-champions-du-lot-en-futsal\/#breadcrumb\"},\"inLanguage\":\"fr-FR\",\"potentialAction\":[{\"@type\":\"ReadAction\",\"target\":[\"https:\/\/www.jeannedarc-figeac.fr\/college-lycee\/les-lyceens-de-la-section-foot-champions-du-lot-en-futsal\/\"]}]},{\"@type\":\"ImageObject\",\"inLanguage\":\"fr-FR\",\"@id\":\"https:\/\/www.jeannedarc-figeac.fr\/college-lycee\/les-lyceens-de-la-section-foot-champions-du-lot-en-futsal\/#primaryimage\",\"url\":\"https:\/\/i0.wp.com\/www.jeannedarc-figeac.fr\/college-lycee\/wp-content\/uploads\/sites\/5\/2016\/01\/WP_20160106_005.jpg?fit=2592%2C1456&ssl=1\",\"contentUrl\":\"https:\/\/i0.wp.com\/www.jeannedarc-figeac.fr\/college-lycee\/wp-content\/uploads\/sites\/5\/2016\/01\/WP_20160106_005.jpg?fit=2592%2C1456&ssl=1\",\"width\":2592,\"height\":1456},{\"@type\":\"BreadcrumbList\",\"@id\":\"https:\/\/www.jeannedarc-figeac.fr\/college-lycee\/les-lyceens-de-la-section-foot-champions-du-lot-en-futsal\/#breadcrumb\",\"itemListElement\":[{\"@type\":\"ListItem\",\"position\":1,\"name\":\"Accueil\",\"item\":\"https:\/\/www.jeannedarc-figeac.fr\/college-lycee\/\"},{\"@type\":\"ListItem\",\"position\":2,\"name\":\"Actus\",\"item\":\"http:\/\/www.jeannedarc-figeac.fr\/college-lycee\/cat\/actus\/\"},{\"@type\":\"ListItem\",\"position\":3,\"name\":\"Les lyc\u00e9ens de la Section Foot champions du Lot en futsal\"}]},{\"@type\":\"WebSite\",\"@id\":\"https:\/\/www.jeannedarc-figeac.fr\/college-lycee\/#website\",\"url\":\"https:\/\/www.jeannedarc-figeac.fr\/college-lycee\/\",\"name\":\"Coll\u00e8ge et Lyc\u00e9e Jeanne d&#039;Arc\",\"description\":\"Jeanne d&#039;Arc Figeac\",\"potentialAction\":[{\"@type\":\"SearchAction\",\"target\":{\"@type\":\"EntryPoint\",\"urlTemplate\":\"https:\/\/www.jeannedarc-figeac.fr\/college-lycee\/?s={search_term_string}\"},\"query-input\":{\"@type\":\"PropertyValueSpecification\",\"valueRequired\":true,\"valueName\":\"search_term_string\"}}],\"inLanguage\":\"fr-FR\"},{\"@type\":\"Person\",\"@id\":\"https:\/\/www.jeannedarc-figeac.fr\/college-lycee\/#\/schema\/person\/29e5764f28e895dc8bf41d4468f99154\",\"name\":\"le secr\u00e9tariat\",\"image\":{\"@type\":\"ImageObject\",\"inLanguage\":\"fr-FR\",\"@id\":\"https:\/\/www.jeannedarc-figeac.fr\/college-lycee\/#\/schema\/person\/image\/\",\"url\":\"https:\/\/www.jeannedarc-figeac.fr\/college-lycee\/wp-content\/litespeed\/avatar\/5\/b7e8da60f53ba4adc9e9e66d91d84580.jpg?ver=1776943645\",\"contentUrl\":\"https:\/\/www.jeannedarc-figeac.fr\/college-lycee\/wp-content\/litespeed\/avatar\/5\/b7e8da60f53ba4adc9e9e66d91d84580.jpg?ver=1776943645\",\"caption\":\"le secr\u00e9tariat\"},\"url\":\"https:\/\/www.jeannedarc-figeac.fr\/college-lycee\/author\/arlette\/\"}]}<\/script>\n<!-- \/ Yoast SEO plugin. -->","yoast_head_json":{"title":"Les lyc\u00e9ens de la Section Foot champions du Lot en futsal","description":"Les lyc\u00e9ens de la Section Foot se sont d\u00e9plac\u00e9s \u00e0 Gourdon pour la finale d\u00e9partementale de Futsal. Oppos\u00e9s au Lyc\u00e9e du Montat et au Lyc\u00e9e L\u00e9o Ferr\u00e9 de","robots":{"index":"index","follow":"follow","max-snippet":"max-snippet:-1","max-image-preview":"max-image-preview:large","max-video-preview":"max-video-preview:-1"},"canonical":"https:\/\/www.jeannedarc-figeac.fr\/college-lycee\/les-lyceens-de-la-section-foot-champions-du-lot-en-futsal\/","og_locale":"fr_FR","og_type":"article","og_title":"Les lyc\u00e9ens de la Section Foot champions du Lot en futsal","og_description":"Les lyc\u00e9ens de la Section Foot se sont d\u00e9plac\u00e9s \u00e0 Gourdon pour la finale d\u00e9partementale de Futsal. Oppos\u00e9s au Lyc\u00e9e du Montat et au Lyc\u00e9e L\u00e9o Ferr\u00e9 de","og_url":"https:\/\/www.jeannedarc-figeac.fr\/college-lycee\/les-lyceens-de-la-section-foot-champions-du-lot-en-futsal\/","og_site_name":"Coll\u00e8ge et Lyc\u00e9e Jeanne d&#039;Arc","article_published_time":"2016-01-13T08:12:19+00:00","og_image":[{"url":"http:\/\/www.jeannedarc-figeac.fr\/college-lycee\/wp-content\/uploads\/sites\/5\/2016\/01\/WP_20160106_005-300x169.jpg","type":"","width":"","height":""}],"author":"le secr\u00e9tariat","schema":{"@context":"https:\/\/schema.org","@graph":[{"@type":"WebPage","@id":"https:\/\/www.jeannedarc-figeac.fr\/college-lycee\/les-lyceens-de-la-section-foot-champions-du-lot-en-futsal\/","url":"https:\/\/www.jeannedarc-figeac.fr\/college-lycee\/les-lyceens-de-la-section-foot-champions-du-lot-en-futsal\/","name":"Les lyc\u00e9ens de la Section Foot champions du Lot en futsal","isPartOf":{"@id":"https:\/\/www.jeannedarc-figeac.fr\/college-lycee\/#website"},"primaryImageOfPage":{"@id":"https:\/\/www.jeannedarc-figeac.fr\/college-lycee\/les-lyceens-de-la-section-foot-champions-du-lot-en-futsal\/#primaryimage"},"image":{"@id":"https:\/\/www.jeannedarc-figeac.fr\/college-lycee\/les-lyceens-de-la-section-foot-champions-du-lot-en-futsal\/#primaryimage"},"thumbnailUrl":"http:\/\/www.jeannedarc-figeac.fr\/college-lycee\/wp-content\/uploads\/sites\/5\/2016\/01\/WP_20160106_005-300x169.jpg","datePublished":"2016-01-13T08:12:19+00:00","author":{"@id":"https:\/\/www.jeannedarc-figeac.fr\/college-lycee\/#\/schema\/person\/29e5764f28e895dc8bf41d4468f99154"},"description":"Les lyc\u00e9ens de la Section Foot se sont d\u00e9plac\u00e9s \u00e0 Gourdon pour la finale d\u00e9partementale de Futsal. Oppos\u00e9s au Lyc\u00e9e du Montat et au Lyc\u00e9e L\u00e9o Ferr\u00e9 de","breadcrumb":{"@id":"https:\/\/www.jeannedarc-figeac.fr\/college-lycee\/les-lyceens-de-la-section-foot-champions-du-lot-en-futsal\/#breadcrumb"},"inLanguage":"fr-FR","potentialAction":[{"@type":"ReadAction","target":["https:\/\/www.jeannedarc-figeac.fr\/college-lycee\/les-lyceens-de-la-section-foot-champions-du-lot-en-futsal\/"]}]},{"@type":"ImageObject","inLanguage":"fr-FR","@id":"https:\/\/www.jeannedarc-figeac.fr\/college-lycee\/les-lyceens-de-la-section-foot-champions-du-lot-en-futsal\/#primaryimage","url":"https:\/\/i0.wp.com\/www.jeannedarc-figeac.fr\/college-lycee\/wp-content\/uploads\/sites\/5\/2016\/01\/WP_20160106_005.jpg?fit=2592%2C1456&ssl=1","contentUrl":"https:\/\/i0.wp.com\/www.jeannedarc-figeac.fr\/college-lycee\/wp-content\/uploads\/sites\/5\/2016\/01\/WP_20160106_005.jpg?fit=2592%2C1456&ssl=1","width":2592,"height":1456},{"@type":"BreadcrumbList","@id":"https:\/\/www.jeannedarc-figeac.fr\/college-lycee\/les-lyceens-de-la-section-foot-champions-du-lot-en-futsal\/#breadcrumb","itemListElement":[{"@type":"ListItem","position":1,"name":"Accueil","item":"https:\/\/www.jeannedarc-figeac.fr\/college-lycee\/"},{"@type":"ListItem","position":2,"name":"Actus","item":"http:\/\/www.jeannedarc-figeac.fr\/college-lycee\/cat\/actus\/"},{"@type":"ListItem","position":3,"name":"Les lyc\u00e9ens de la Section Foot champions du Lot en futsal"}]},{"@type":"WebSite","@id":"https:\/\/www.jeannedarc-figeac.fr\/college-lycee\/#website","url":"https:\/\/www.jeannedarc-figeac.fr\/college-lycee\/","name":"Coll\u00e8ge et Lyc\u00e9e Jeanne d&#039;Arc","description":"Jeanne d&#039;Arc Figeac","potentialAction":[{"@type":"SearchAction","target":{"@type":"EntryPoint","urlTemplate":"https:\/\/www.jeannedarc-figeac.fr\/college-lycee\/?s={search_term_string}"},"query-input":{"@type":"PropertyValueSpecification","valueRequired":true,"valueName":"search_term_string"}}],"inLanguage":"fr-FR"},{"@type":"Person","@id":"https:\/\/www.jeannedarc-figeac.fr\/college-lycee\/#\/schema\/person\/29e5764f28e895dc8bf41d4468f99154","name":"le secr\u00e9tariat","image":{"@type":"ImageObject","inLanguage":"fr-FR","@id":"https:\/\/www.jeannedarc-figeac.fr\/college-lycee\/#\/schema\/person\/image\/","url":"https:\/\/www.jeannedarc-figeac.fr\/college-lycee\/wp-content\/litespeed\/avatar\/5\/b7e8da60f53ba4adc9e9e66d91d84580.jpg?ver=1776943645","contentUrl":"https:\/\/www.jeannedarc-figeac.fr\/college-lycee\/wp-content\/litespeed\/avatar\/5\/b7e8da60f53ba4adc9e9e66d91d84580.jpg?ver=1776943645","caption":"le secr\u00e9tariat"},"url":"https:\/\/www.jeannedarc-figeac.fr\/college-lycee\/author\/arlette\/"}]}},"jetpack_featured_media_url":"","jetpack_sharing_enabled":true,"jetpack_shortlink":"https:\/\/wp.me\/p5Qyb6-tn","_links":{"self":[{"href":"https:\/\/www.jeannedarc-figeac.fr\/college-lycee\/wp-json\/wp\/v2\/posts\/1821","targetHints":{"allow":["GET"]}}],"collection":[{"href":"https:\/\/www.jeannedarc-figeac.fr\/college-lycee\/wp-json\/wp\/v2\/posts"}],"about":[{"href":"https:\/\/www.jeannedarc-figeac.fr\/college-lycee\/wp-json\/wp\/v2\/types\/post"}],"author":[{"embeddable":true,"href":"https:\/\/www.jeannedarc-figeac.fr\/college-lycee\/wp-json\/wp\/v2\/users\/12"}],"replies":[{"embeddable":true,"href":"https:\/\/www.jeannedarc-figeac.fr\/college-lycee\/wp-json\/wp\/v2\/comments?post=1821"}],"version-history":[{"count":1,"href":"https:\/\/www.jeannedarc-figeac.fr\/college-lycee\/wp-json\/wp\/v2\/posts\/1821\/revisions"}],"predecessor-version":[{"id":1823,"href":"https:\/\/www.jeannedarc-figeac.fr\/college-lycee\/wp-json\/wp\/v2\/posts\/1821\/revisions\/1823"}],"wp:attachment":[{"href":"https:\/\/www.jeannedarc-figeac.fr\/college-lycee\/wp-json\/wp\/v2\/media?parent=1821"}],"wp:term":[{"taxonomy":"category","embeddable":true,"href":"https:\/\/www.jeannedarc-figeac.fr\/college-lycee\/wp-json\/wp\/v2\/categories?post=1821"},{"taxonomy":"post_tag","embeddable":true,"href":"https:\/\/www.jeannedarc-figeac.fr\/college-lycee\/wp-json\/wp\/v2\/tags?post=1821"}],"curies":[{"name":"wp","href":"https:\/\/api.w.org\/{rel}","templated":true}]}}