{"id":1809,"date":"2015-12-16T08:30:59","date_gmt":"2015-12-16T08:30:59","guid":{"rendered":"http:\/\/www.jeannedarc-figeac.fr\/college-lycee\/?p=1809"},"modified":"2015-12-16T08:30:59","modified_gmt":"2015-12-16T08:30:59","slug":"accueillis-chez-leurs-correspondants","status":"publish","type":"post","link":"https:\/\/www.jeannedarc-figeac.fr\/college-lycee\/accueillis-chez-leurs-correspondants\/","title":{"rendered":"Accueillis chez leurs correspondants"},"content":{"rendered":"<p><a href=\"https:\/\/i0.wp.com\/www.jeannedarc-figeac.fr\/college-lycee\/wp-content\/uploads\/sites\/5\/2015\/12\/modifi%C3%A9.jpg\" rel=\"attachment wp-att-1810\"><img data-recalc-dims=\"1\" loading=\"lazy\" decoding=\"async\" class=\"size-medium wp-image-1810\" src=\"https:\/\/i0.wp.com\/www.jeannedarc-figeac.fr\/college-lycee\/wp-content\/uploads\/sites\/5\/2015\/12\/modifi%C3%A9.jpg?resize=300%2C225\" alt=\"OLYMPUS DIGITAL CAMERA\" width=\"300\" height=\"225\" srcset=\"https:\/\/i0.wp.com\/www.jeannedarc-figeac.fr\/college-lycee\/wp-content\/uploads\/sites\/5\/2015\/12\/modifi%C3%A9.jpg?resize=300%2C225&amp;ssl=1 300w, https:\/\/i0.wp.com\/www.jeannedarc-figeac.fr\/college-lycee\/wp-content\/uploads\/sites\/5\/2015\/12\/modifi%C3%A9.jpg?resize=768%2C576&amp;ssl=1 768w, https:\/\/i0.wp.com\/www.jeannedarc-figeac.fr\/college-lycee\/wp-content\/uploads\/sites\/5\/2015\/12\/modifi%C3%A9.jpg?resize=1024%2C768&amp;ssl=1 1024w, https:\/\/i0.wp.com\/www.jeannedarc-figeac.fr\/college-lycee\/wp-content\/uploads\/sites\/5\/2015\/12\/modifi%C3%A9.jpg?resize=1080%2C810&amp;ssl=1 1080w, https:\/\/i0.wp.com\/www.jeannedarc-figeac.fr\/college-lycee\/wp-content\/uploads\/sites\/5\/2015\/12\/modifi%C3%A9.jpg?w=1600&amp;ssl=1 1600w\" sizes=\"(max-width: 300px) 100vw, 300px\" \/><\/a><\/p>\n<p>Du 25 novembre au 4 d\u00e9cembre 2015, les \u00e9l\u00e8ves germanistes du coll\u00e8ge et lyc\u00e9e Jeanne d\u2019Arc de Figeac ainsi que ceux du coll\u00e8ge Sainte H\u00e9l\u00e8ne de Gramat se sont rendus dans leur \u00e9tablissement partenaire de Bielefeld. Ce fut l\u2019occasion de f\u00eater la 35i\u00e8me rencontre entre la Marienschule et Jeanne d\u2019Arc.<br \/>\nLes \u00e9l\u00e8ves fran\u00e7ais ont v\u00e9cu pendant une semaine \u00e0 l\u2019heure allemande en s\u00e9journant chez leur correspondant et en assistant \u00e0 des cours. Les jeunes Fran\u00e7ais ont tous \u00e9t\u00e9 tr\u00e8s sensibles \u00e0 la qualit\u00e9 de l\u2019accueil r\u00e9serv\u00e9 par nos amis allemands.<br \/>\nDe belles excursions \u00e9taient au programme, comme les visites d\u2019une fabrique de pain d\u2019\u00e9pices, de l\u2019Autostadt ou encore de l\u2019entreprise Dr. Oetker. En cette p\u00e9riode de l\u2019Avent, les \u00e9l\u00e8ves fran\u00e7ais ont pu \u00e9galement d\u00e9couvrir l\u2019ambiance des march\u00e9s de No\u00ebl.<br \/>\nLe s\u00e9jour s\u2019est termin\u00e9 par une chaleureuse soir\u00e9e franco-allemande, au cours de laquelle les \u00e9l\u00e8ves des deux pays ont pr\u00e9sent\u00e9 les traditions de No\u00ebl du pays partenaire.<br \/>\nSur le trajet du retour, le groupe a fait une halte \u00e0 Cologne pour d\u00e9couvrir cette m\u00e9tropole travers\u00e9e par le Rhin.<br \/>\nTous garderont un excellent souvenir de ce s\u00e9jour Outre-Rhin.<\/p>\n","protected":false},"excerpt":{"rendered":"<p>Du 25 novembre au 4 d\u00e9cembre 2015, les \u00e9l\u00e8ves germanistes du coll\u00e8ge et lyc\u00e9e Jeanne d\u2019Arc de Figeac ainsi que ceux du coll\u00e8ge Sainte H\u00e9l\u00e8ne de Gramat se sont rendus dans leur \u00e9tablissement partenaire de Bielefeld. Ce fut l\u2019occasion de f\u00eater la 35i\u00e8me rencontre entre la Marienschule et Jeanne d\u2019Arc. Les \u00e9l\u00e8ves fran\u00e7ais ont v\u00e9cu [&hellip;]<\/p>\n","protected":false},"author":12,"featured_media":0,"comment_status":"closed","ping_status":"open","sticky":false,"template":"","format":"standard","meta":{"_et_pb_use_builder":"","_et_pb_old_content":"","_et_gb_content_width":"","_jetpack_newsletter_access":"","_jetpack_dont_email_post_to_subs":false,"_jetpack_newsletter_tier_id":0,"_jetpack_memberships_contains_paywalled_content":false,"iawp_total_views":0,"_jetpack_memberships_contains_paid_content":false,"footnotes":""},"categories":[28],"tags":[],"class_list":["post-1809","post","type-post","status-publish","format-standard","hentry","category-actus"],"yoast_head":"<!-- This site is optimized with the Yoast SEO plugin v26.0 - https:\/\/yoast.com\/wordpress\/plugins\/seo\/ -->\n<title>Accueillis chez leurs correspondants<\/title>\n<meta name=\"description\" content=\"Du 25 novembre au 4 d\u00e9cembre 2015, les \u00e9l\u00e8ves germanistes du coll\u00e8ge et lyc\u00e9e Jeanne d\u2019Arc de Figeac ainsi que ceux du coll\u00e8ge Sainte H\u00e9l\u00e8ne de Gramat se\" \/>\n<meta name=\"robots\" content=\"index, follow, max-snippet:-1, max-image-preview:large, max-video-preview:-1\" \/>\n<link rel=\"canonical\" href=\"http:\/\/www.jeannedarc-figeac.fr\/college-lycee\/accueillis-chez-leurs-correspondants\/\" \/>\n<meta property=\"og:locale\" content=\"fr_FR\" \/>\n<meta property=\"og:type\" content=\"article\" \/>\n<meta property=\"og:title\" content=\"Accueillis chez leurs correspondants\" \/>\n<meta property=\"og:description\" content=\"Du 25 novembre au 4 d\u00e9cembre 2015, les \u00e9l\u00e8ves germanistes du coll\u00e8ge et lyc\u00e9e Jeanne d\u2019Arc de Figeac ainsi que ceux du coll\u00e8ge Sainte H\u00e9l\u00e8ne de Gramat se\" \/>\n<meta property=\"og:url\" content=\"http:\/\/www.jeannedarc-figeac.fr\/college-lycee\/accueillis-chez-leurs-correspondants\/\" \/>\n<meta property=\"og:site_name\" content=\"Coll\u00e8ge et Lyc\u00e9e Jeanne d&#039;Arc\" \/>\n<meta property=\"article:published_time\" content=\"2015-12-16T08:30:59+00:00\" \/>\n<meta name=\"author\" content=\"le secr\u00e9tariat\" \/>\n<script type=\"application\/ld+json\" class=\"yoast-schema-graph\">{\"@context\":\"https:\/\/schema.org\",\"@graph\":[{\"@type\":\"WebPage\",\"@id\":\"http:\/\/www.jeannedarc-figeac.fr\/college-lycee\/accueillis-chez-leurs-correspondants\/\",\"url\":\"http:\/\/www.jeannedarc-figeac.fr\/college-lycee\/accueillis-chez-leurs-correspondants\/\",\"name\":\"Accueillis chez leurs correspondants\",\"isPartOf\":{\"@id\":\"https:\/\/www.jeannedarc-figeac.fr\/college-lycee\/#website\"},\"datePublished\":\"2015-12-16T08:30:59+00:00\",\"author\":{\"@id\":\"https:\/\/www.jeannedarc-figeac.fr\/college-lycee\/#\/schema\/person\/29e5764f28e895dc8bf41d4468f99154\"},\"description\":\"Du 25 novembre au 4 d\u00e9cembre 2015, les \u00e9l\u00e8ves germanistes du coll\u00e8ge et lyc\u00e9e Jeanne d\u2019Arc de Figeac ainsi que ceux du coll\u00e8ge Sainte H\u00e9l\u00e8ne de Gramat se\",\"breadcrumb\":{\"@id\":\"http:\/\/www.jeannedarc-figeac.fr\/college-lycee\/accueillis-chez-leurs-correspondants\/#breadcrumb\"},\"inLanguage\":\"fr-FR\",\"potentialAction\":[{\"@type\":\"ReadAction\",\"target\":[\"http:\/\/www.jeannedarc-figeac.fr\/college-lycee\/accueillis-chez-leurs-correspondants\/\"]}]},{\"@type\":\"BreadcrumbList\",\"@id\":\"http:\/\/www.jeannedarc-figeac.fr\/college-lycee\/accueillis-chez-leurs-correspondants\/#breadcrumb\",\"itemListElement\":[{\"@type\":\"ListItem\",\"position\":1,\"name\":\"Accueil\",\"item\":\"https:\/\/www.jeannedarc-figeac.fr\/college-lycee\/\"},{\"@type\":\"ListItem\",\"position\":2,\"name\":\"Actus\",\"item\":\"http:\/\/www.jeannedarc-figeac.fr\/college-lycee\/cat\/actus\/\"},{\"@type\":\"ListItem\",\"position\":3,\"name\":\"Accueillis chez leurs correspondants\"}]},{\"@type\":\"WebSite\",\"@id\":\"https:\/\/www.jeannedarc-figeac.fr\/college-lycee\/#website\",\"url\":\"https:\/\/www.jeannedarc-figeac.fr\/college-lycee\/\",\"name\":\"Coll\u00e8ge et Lyc\u00e9e Jeanne d&#039;Arc\",\"description\":\"Jeanne d&#039;Arc Figeac\",\"potentialAction\":[{\"@type\":\"SearchAction\",\"target\":{\"@type\":\"EntryPoint\",\"urlTemplate\":\"https:\/\/www.jeannedarc-figeac.fr\/college-lycee\/?s={search_term_string}\"},\"query-input\":{\"@type\":\"PropertyValueSpecification\",\"valueRequired\":true,\"valueName\":\"search_term_string\"}}],\"inLanguage\":\"fr-FR\"},{\"@type\":\"Person\",\"@id\":\"https:\/\/www.jeannedarc-figeac.fr\/college-lycee\/#\/schema\/person\/29e5764f28e895dc8bf41d4468f99154\",\"name\":\"le secr\u00e9tariat\",\"image\":{\"@type\":\"ImageObject\",\"inLanguage\":\"fr-FR\",\"@id\":\"https:\/\/www.jeannedarc-figeac.fr\/college-lycee\/#\/schema\/person\/image\/\",\"url\":\"https:\/\/www.jeannedarc-figeac.fr\/college-lycee\/wp-content\/litespeed\/avatar\/5\/b7e8da60f53ba4adc9e9e66d91d84580.jpg?ver=1777548714\",\"contentUrl\":\"https:\/\/www.jeannedarc-figeac.fr\/college-lycee\/wp-content\/litespeed\/avatar\/5\/b7e8da60f53ba4adc9e9e66d91d84580.jpg?ver=1777548714\",\"caption\":\"le secr\u00e9tariat\"},\"url\":\"https:\/\/www.jeannedarc-figeac.fr\/college-lycee\/author\/arlette\/\"}]}<\/script>\n<!-- \/ Yoast SEO plugin. -->","yoast_head_json":{"title":"Accueillis chez leurs correspondants","description":"Du 25 novembre au 4 d\u00e9cembre 2015, les \u00e9l\u00e8ves germanistes du coll\u00e8ge et lyc\u00e9e Jeanne d\u2019Arc de Figeac ainsi que ceux du coll\u00e8ge Sainte H\u00e9l\u00e8ne de Gramat se","robots":{"index":"index","follow":"follow","max-snippet":"max-snippet:-1","max-image-preview":"max-image-preview:large","max-video-preview":"max-video-preview:-1"},"canonical":"http:\/\/www.jeannedarc-figeac.fr\/college-lycee\/accueillis-chez-leurs-correspondants\/","og_locale":"fr_FR","og_type":"article","og_title":"Accueillis chez leurs correspondants","og_description":"Du 25 novembre au 4 d\u00e9cembre 2015, les \u00e9l\u00e8ves germanistes du coll\u00e8ge et lyc\u00e9e Jeanne d\u2019Arc de Figeac ainsi que ceux du coll\u00e8ge Sainte H\u00e9l\u00e8ne de Gramat se","og_url":"http:\/\/www.jeannedarc-figeac.fr\/college-lycee\/accueillis-chez-leurs-correspondants\/","og_site_name":"Coll\u00e8ge et Lyc\u00e9e Jeanne d&#039;Arc","article_published_time":"2015-12-16T08:30:59+00:00","author":"le secr\u00e9tariat","schema":{"@context":"https:\/\/schema.org","@graph":[{"@type":"WebPage","@id":"http:\/\/www.jeannedarc-figeac.fr\/college-lycee\/accueillis-chez-leurs-correspondants\/","url":"http:\/\/www.jeannedarc-figeac.fr\/college-lycee\/accueillis-chez-leurs-correspondants\/","name":"Accueillis chez leurs correspondants","isPartOf":{"@id":"https:\/\/www.jeannedarc-figeac.fr\/college-lycee\/#website"},"datePublished":"2015-12-16T08:30:59+00:00","author":{"@id":"https:\/\/www.jeannedarc-figeac.fr\/college-lycee\/#\/schema\/person\/29e5764f28e895dc8bf41d4468f99154"},"description":"Du 25 novembre au 4 d\u00e9cembre 2015, les \u00e9l\u00e8ves germanistes du coll\u00e8ge et lyc\u00e9e Jeanne d\u2019Arc de Figeac ainsi que ceux du coll\u00e8ge Sainte H\u00e9l\u00e8ne de Gramat se","breadcrumb":{"@id":"http:\/\/www.jeannedarc-figeac.fr\/college-lycee\/accueillis-chez-leurs-correspondants\/#breadcrumb"},"inLanguage":"fr-FR","potentialAction":[{"@type":"ReadAction","target":["http:\/\/www.jeannedarc-figeac.fr\/college-lycee\/accueillis-chez-leurs-correspondants\/"]}]},{"@type":"BreadcrumbList","@id":"http:\/\/www.jeannedarc-figeac.fr\/college-lycee\/accueillis-chez-leurs-correspondants\/#breadcrumb","itemListElement":[{"@type":"ListItem","position":1,"name":"Accueil","item":"https:\/\/www.jeannedarc-figeac.fr\/college-lycee\/"},{"@type":"ListItem","position":2,"name":"Actus","item":"http:\/\/www.jeannedarc-figeac.fr\/college-lycee\/cat\/actus\/"},{"@type":"ListItem","position":3,"name":"Accueillis chez leurs correspondants"}]},{"@type":"WebSite","@id":"https:\/\/www.jeannedarc-figeac.fr\/college-lycee\/#website","url":"https:\/\/www.jeannedarc-figeac.fr\/college-lycee\/","name":"Coll\u00e8ge et Lyc\u00e9e Jeanne d&#039;Arc","description":"Jeanne d&#039;Arc Figeac","potentialAction":[{"@type":"SearchAction","target":{"@type":"EntryPoint","urlTemplate":"https:\/\/www.jeannedarc-figeac.fr\/college-lycee\/?s={search_term_string}"},"query-input":{"@type":"PropertyValueSpecification","valueRequired":true,"valueName":"search_term_string"}}],"inLanguage":"fr-FR"},{"@type":"Person","@id":"https:\/\/www.jeannedarc-figeac.fr\/college-lycee\/#\/schema\/person\/29e5764f28e895dc8bf41d4468f99154","name":"le secr\u00e9tariat","image":{"@type":"ImageObject","inLanguage":"fr-FR","@id":"https:\/\/www.jeannedarc-figeac.fr\/college-lycee\/#\/schema\/person\/image\/","url":"https:\/\/www.jeannedarc-figeac.fr\/college-lycee\/wp-content\/litespeed\/avatar\/5\/b7e8da60f53ba4adc9e9e66d91d84580.jpg?ver=1777548714","contentUrl":"https:\/\/www.jeannedarc-figeac.fr\/college-lycee\/wp-content\/litespeed\/avatar\/5\/b7e8da60f53ba4adc9e9e66d91d84580.jpg?ver=1777548714","caption":"le secr\u00e9tariat"},"url":"https:\/\/www.jeannedarc-figeac.fr\/college-lycee\/author\/arlette\/"}]}},"jetpack_featured_media_url":"","jetpack_sharing_enabled":true,"jetpack_shortlink":"https:\/\/wp.me\/p5Qyb6-tb","_links":{"self":[{"href":"https:\/\/www.jeannedarc-figeac.fr\/college-lycee\/wp-json\/wp\/v2\/posts\/1809","targetHints":{"allow":["GET"]}}],"collection":[{"href":"https:\/\/www.jeannedarc-figeac.fr\/college-lycee\/wp-json\/wp\/v2\/posts"}],"about":[{"href":"https:\/\/www.jeannedarc-figeac.fr\/college-lycee\/wp-json\/wp\/v2\/types\/post"}],"author":[{"embeddable":true,"href":"https:\/\/www.jeannedarc-figeac.fr\/college-lycee\/wp-json\/wp\/v2\/users\/12"}],"replies":[{"embeddable":true,"href":"https:\/\/www.jeannedarc-figeac.fr\/college-lycee\/wp-json\/wp\/v2\/comments?post=1809"}],"version-history":[{"count":1,"href":"https:\/\/www.jeannedarc-figeac.fr\/college-lycee\/wp-json\/wp\/v2\/posts\/1809\/revisions"}],"predecessor-version":[{"id":1811,"href":"https:\/\/www.jeannedarc-figeac.fr\/college-lycee\/wp-json\/wp\/v2\/posts\/1809\/revisions\/1811"}],"wp:attachment":[{"href":"https:\/\/www.jeannedarc-figeac.fr\/college-lycee\/wp-json\/wp\/v2\/media?parent=1809"}],"wp:term":[{"taxonomy":"category","embeddable":true,"href":"https:\/\/www.jeannedarc-figeac.fr\/college-lycee\/wp-json\/wp\/v2\/categories?post=1809"},{"taxonomy":"post_tag","embeddable":true,"href":"https:\/\/www.jeannedarc-figeac.fr\/college-lycee\/wp-json\/wp\/v2\/tags?post=1809"}],"curies":[{"name":"wp","href":"https:\/\/api.w.org\/{rel}","templated":true}]}}