{"id":1770,"date":"2015-10-21T09:32:16","date_gmt":"2015-10-21T09:32:16","guid":{"rendered":"http:\/\/www.jeannedarc-figeac.fr\/college-lycee\/?p=1770"},"modified":"2015-10-21T09:33:32","modified_gmt":"2015-10-21T09:33:32","slug":"assemblee-generale-de-lassociation-des-parents-deleves","status":"publish","type":"post","link":"https:\/\/www.jeannedarc-figeac.fr\/college-lycee\/assemblee-generale-de-lassociation-des-parents-deleves\/","title":{"rendered":"Assembl\u00e9e G\u00e9n\u00e9rale de l\u2019association  des parents d\u2019\u00e9l\u00e8ves"},"content":{"rendered":"<p><a href=\"https:\/\/i0.wp.com\/www.jeannedarc-figeac.fr\/college-lycee\/wp-content\/uploads\/sites\/5\/2015\/06\/logo-apel.png\"><img data-recalc-dims=\"1\" loading=\"lazy\" decoding=\"async\" class=\"size-full wp-image-1609 alignleft\" src=\"https:\/\/i0.wp.com\/www.jeannedarc-figeac.fr\/college-lycee\/wp-content\/uploads\/sites\/5\/2015\/06\/logo-apel.png?resize=181%2C138\" alt=\"logo-apel\" width=\"181\" height=\"138\" \/><\/a><\/p>\n<h2 style=\"text-align: center\"><span style=\"color: #99cc00\"><b>Le Mardi 3 novembre 2015 \u00e0 19 heures <\/b><\/span><\/h2>\n<p style=\"text-align: center\"><span style=\"font-weight: 400\">Dans les locaux de l\u2019\u00e9tablissement, \u00e0 la Chapelle<\/span><\/p>\n<p style=\"text-align: center\"><a href=\"http:\/\/www.jeannedarc-figeac.fr\/college-lycee\/wp-content\/uploads\/sites\/5\/2015\/10\/convocation-AG-2015-2016.pdf\" target=\"_blank\">convocation AG 2015-2016<\/a><\/p>\n<p style=\"text-align: center\">\n","protected":false},"excerpt":{"rendered":"<p>Le Mardi 3 novembre 2015 \u00e0 19 heures Dans les locaux de l\u2019\u00e9tablissement, \u00e0 la Chapelle convocation AG 2015-2016<\/p>\n","protected":false},"author":13,"featured_media":0,"comment_status":"closed","ping_status":"open","sticky":false,"template":"","format":"standard","meta":{"_et_pb_use_builder":"","_et_pb_old_content":"","_et_gb_content_width":"","_jetpack_newsletter_access":"","_jetpack_dont_email_post_to_subs":false,"_jetpack_newsletter_tier_id":0,"_jetpack_memberships_contains_paywalled_content":false,"iawp_total_views":2,"_jetpack_memberships_contains_paid_content":false,"footnotes":""},"categories":[24],"tags":[],"class_list":["post-1770","post","type-post","status-publish","format-standard","hentry","category-actus-apel"],"yoast_head":"<!-- This site is optimized with the Yoast SEO plugin v26.0 - https:\/\/yoast.com\/wordpress\/plugins\/seo\/ -->\n<title>Assembl\u00e9e G\u00e9n\u00e9rale de l\u2019association des parents d\u2019\u00e9l\u00e8ves<\/title>\n<meta name=\"description\" content=\"Le Mardi 3 novembre 2015 \u00e0 19 heures  Dans les locaux de l\u2019\u00e9tablissement, \u00e0 la Chapelle convocation AG 2015-2016\" \/>\n<meta name=\"robots\" content=\"index, follow, max-snippet:-1, max-image-preview:large, max-video-preview:-1\" \/>\n<link rel=\"canonical\" href=\"https:\/\/www.jeannedarc-figeac.fr\/college-lycee\/assemblee-generale-de-lassociation-des-parents-deleves\/\" \/>\n<meta property=\"og:locale\" content=\"fr_FR\" \/>\n<meta property=\"og:type\" content=\"article\" \/>\n<meta property=\"og:title\" content=\"Assembl\u00e9e G\u00e9n\u00e9rale de l\u2019association des parents d\u2019\u00e9l\u00e8ves\" \/>\n<meta property=\"og:description\" content=\"Le Mardi 3 novembre 2015 \u00e0 19 heures  Dans les locaux de l\u2019\u00e9tablissement, \u00e0 la Chapelle convocation AG 2015-2016\" \/>\n<meta property=\"og:url\" content=\"https:\/\/www.jeannedarc-figeac.fr\/college-lycee\/assemblee-generale-de-lassociation-des-parents-deleves\/\" \/>\n<meta property=\"og:site_name\" content=\"Coll\u00e8ge et Lyc\u00e9e Jeanne d&#039;Arc\" \/>\n<meta property=\"article:published_time\" content=\"2015-10-21T09:32:16+00:00\" \/>\n<meta property=\"article:modified_time\" content=\"2015-10-21T09:33:32+00:00\" \/>\n<meta property=\"og:image\" content=\"http:\/\/www.jeannedarc-figeac.fr\/college-lycee\/wp-content\/uploads\/sites\/5\/2015\/06\/logo-apel.png\" \/>\n<meta name=\"author\" content=\"Pr\u00e9sident APEL\" \/>\n<script type=\"application\/ld+json\" class=\"yoast-schema-graph\">{\"@context\":\"https:\/\/schema.org\",\"@graph\":[{\"@type\":\"WebPage\",\"@id\":\"https:\/\/www.jeannedarc-figeac.fr\/college-lycee\/assemblee-generale-de-lassociation-des-parents-deleves\/\",\"url\":\"https:\/\/www.jeannedarc-figeac.fr\/college-lycee\/assemblee-generale-de-lassociation-des-parents-deleves\/\",\"name\":\"Assembl\u00e9e G\u00e9n\u00e9rale de l\u2019association des parents d\u2019\u00e9l\u00e8ves\",\"isPartOf\":{\"@id\":\"https:\/\/www.jeannedarc-figeac.fr\/college-lycee\/#website\"},\"primaryImageOfPage\":{\"@id\":\"https:\/\/www.jeannedarc-figeac.fr\/college-lycee\/assemblee-generale-de-lassociation-des-parents-deleves\/#primaryimage\"},\"image\":{\"@id\":\"https:\/\/www.jeannedarc-figeac.fr\/college-lycee\/assemblee-generale-de-lassociation-des-parents-deleves\/#primaryimage\"},\"thumbnailUrl\":\"http:\/\/www.jeannedarc-figeac.fr\/college-lycee\/wp-content\/uploads\/sites\/5\/2015\/06\/logo-apel.png\",\"datePublished\":\"2015-10-21T09:32:16+00:00\",\"dateModified\":\"2015-10-21T09:33:32+00:00\",\"author\":{\"@id\":\"https:\/\/www.jeannedarc-figeac.fr\/college-lycee\/#\/schema\/person\/12ec11e30258497a2c28a7de4ef43ff5\"},\"description\":\"Le Mardi 3 novembre 2015 \u00e0 19 heures Dans les locaux de l\u2019\u00e9tablissement, \u00e0 la Chapelle convocation AG 2015-2016\",\"breadcrumb\":{\"@id\":\"https:\/\/www.jeannedarc-figeac.fr\/college-lycee\/assemblee-generale-de-lassociation-des-parents-deleves\/#breadcrumb\"},\"inLanguage\":\"fr-FR\",\"potentialAction\":[{\"@type\":\"ReadAction\",\"target\":[\"https:\/\/www.jeannedarc-figeac.fr\/college-lycee\/assemblee-generale-de-lassociation-des-parents-deleves\/\"]}]},{\"@type\":\"ImageObject\",\"inLanguage\":\"fr-FR\",\"@id\":\"https:\/\/www.jeannedarc-figeac.fr\/college-lycee\/assemblee-generale-de-lassociation-des-parents-deleves\/#primaryimage\",\"url\":\"https:\/\/i0.wp.com\/www.jeannedarc-figeac.fr\/college-lycee\/wp-content\/uploads\/sites\/5\/2015\/06\/logo-apel.png?fit=181%2C138&ssl=1\",\"contentUrl\":\"https:\/\/i0.wp.com\/www.jeannedarc-figeac.fr\/college-lycee\/wp-content\/uploads\/sites\/5\/2015\/06\/logo-apel.png?fit=181%2C138&ssl=1\",\"width\":181,\"height\":138},{\"@type\":\"BreadcrumbList\",\"@id\":\"https:\/\/www.jeannedarc-figeac.fr\/college-lycee\/assemblee-generale-de-lassociation-des-parents-deleves\/#breadcrumb\",\"itemListElement\":[{\"@type\":\"ListItem\",\"position\":1,\"name\":\"Accueil\",\"item\":\"https:\/\/www.jeannedarc-figeac.fr\/college-lycee\/\"},{\"@type\":\"ListItem\",\"position\":2,\"name\":\"Actus APEL\",\"item\":\"https:\/\/www.jeannedarc-figeac.fr\/college-lycee\/cat\/actus-apel\/\"},{\"@type\":\"ListItem\",\"position\":3,\"name\":\"Assembl\u00e9e G\u00e9n\u00e9rale de l\u2019association des parents d\u2019\u00e9l\u00e8ves\"}]},{\"@type\":\"WebSite\",\"@id\":\"https:\/\/www.jeannedarc-figeac.fr\/college-lycee\/#website\",\"url\":\"https:\/\/www.jeannedarc-figeac.fr\/college-lycee\/\",\"name\":\"Coll\u00e8ge et Lyc\u00e9e Jeanne d&#039;Arc\",\"description\":\"Jeanne d&#039;Arc Figeac\",\"potentialAction\":[{\"@type\":\"SearchAction\",\"target\":{\"@type\":\"EntryPoint\",\"urlTemplate\":\"https:\/\/www.jeannedarc-figeac.fr\/college-lycee\/?s={search_term_string}\"},\"query-input\":{\"@type\":\"PropertyValueSpecification\",\"valueRequired\":true,\"valueName\":\"search_term_string\"}}],\"inLanguage\":\"fr-FR\"},{\"@type\":\"Person\",\"@id\":\"https:\/\/www.jeannedarc-figeac.fr\/college-lycee\/#\/schema\/person\/12ec11e30258497a2c28a7de4ef43ff5\",\"name\":\"Pr\u00e9sident APEL\",\"image\":{\"@type\":\"ImageObject\",\"inLanguage\":\"fr-FR\",\"@id\":\"https:\/\/www.jeannedarc-figeac.fr\/college-lycee\/#\/schema\/person\/image\/\",\"url\":\"https:\/\/www.jeannedarc-figeac.fr\/college-lycee\/wp-content\/litespeed\/avatar\/5\/4cdfe00b0572b2688c14fa83163fb852.jpg?ver=1776943645\",\"contentUrl\":\"https:\/\/www.jeannedarc-figeac.fr\/college-lycee\/wp-content\/litespeed\/avatar\/5\/4cdfe00b0572b2688c14fa83163fb852.jpg?ver=1776943645\",\"caption\":\"Pr\u00e9sident APEL\"},\"url\":\"https:\/\/www.jeannedarc-figeac.fr\/college-lycee\/author\/claugero\/\"}]}<\/script>\n<!-- \/ Yoast SEO plugin. -->","yoast_head_json":{"title":"Assembl\u00e9e G\u00e9n\u00e9rale de l\u2019association des parents d\u2019\u00e9l\u00e8ves","description":"Le Mardi 3 novembre 2015 \u00e0 19 heures  Dans les locaux de l\u2019\u00e9tablissement, \u00e0 la Chapelle convocation AG 2015-2016","robots":{"index":"index","follow":"follow","max-snippet":"max-snippet:-1","max-image-preview":"max-image-preview:large","max-video-preview":"max-video-preview:-1"},"canonical":"https:\/\/www.jeannedarc-figeac.fr\/college-lycee\/assemblee-generale-de-lassociation-des-parents-deleves\/","og_locale":"fr_FR","og_type":"article","og_title":"Assembl\u00e9e G\u00e9n\u00e9rale de l\u2019association des parents d\u2019\u00e9l\u00e8ves","og_description":"Le Mardi 3 novembre 2015 \u00e0 19 heures  Dans les locaux de l\u2019\u00e9tablissement, \u00e0 la Chapelle convocation AG 2015-2016","og_url":"https:\/\/www.jeannedarc-figeac.fr\/college-lycee\/assemblee-generale-de-lassociation-des-parents-deleves\/","og_site_name":"Coll\u00e8ge et Lyc\u00e9e Jeanne d&#039;Arc","article_published_time":"2015-10-21T09:32:16+00:00","article_modified_time":"2015-10-21T09:33:32+00:00","og_image":[{"url":"http:\/\/www.jeannedarc-figeac.fr\/college-lycee\/wp-content\/uploads\/sites\/5\/2015\/06\/logo-apel.png","type":"","width":"","height":""}],"author":"Pr\u00e9sident APEL","schema":{"@context":"https:\/\/schema.org","@graph":[{"@type":"WebPage","@id":"https:\/\/www.jeannedarc-figeac.fr\/college-lycee\/assemblee-generale-de-lassociation-des-parents-deleves\/","url":"https:\/\/www.jeannedarc-figeac.fr\/college-lycee\/assemblee-generale-de-lassociation-des-parents-deleves\/","name":"Assembl\u00e9e G\u00e9n\u00e9rale de l\u2019association des parents d\u2019\u00e9l\u00e8ves","isPartOf":{"@id":"https:\/\/www.jeannedarc-figeac.fr\/college-lycee\/#website"},"primaryImageOfPage":{"@id":"https:\/\/www.jeannedarc-figeac.fr\/college-lycee\/assemblee-generale-de-lassociation-des-parents-deleves\/#primaryimage"},"image":{"@id":"https:\/\/www.jeannedarc-figeac.fr\/college-lycee\/assemblee-generale-de-lassociation-des-parents-deleves\/#primaryimage"},"thumbnailUrl":"http:\/\/www.jeannedarc-figeac.fr\/college-lycee\/wp-content\/uploads\/sites\/5\/2015\/06\/logo-apel.png","datePublished":"2015-10-21T09:32:16+00:00","dateModified":"2015-10-21T09:33:32+00:00","author":{"@id":"https:\/\/www.jeannedarc-figeac.fr\/college-lycee\/#\/schema\/person\/12ec11e30258497a2c28a7de4ef43ff5"},"description":"Le Mardi 3 novembre 2015 \u00e0 19 heures Dans les locaux de l\u2019\u00e9tablissement, \u00e0 la Chapelle convocation AG 2015-2016","breadcrumb":{"@id":"https:\/\/www.jeannedarc-figeac.fr\/college-lycee\/assemblee-generale-de-lassociation-des-parents-deleves\/#breadcrumb"},"inLanguage":"fr-FR","potentialAction":[{"@type":"ReadAction","target":["https:\/\/www.jeannedarc-figeac.fr\/college-lycee\/assemblee-generale-de-lassociation-des-parents-deleves\/"]}]},{"@type":"ImageObject","inLanguage":"fr-FR","@id":"https:\/\/www.jeannedarc-figeac.fr\/college-lycee\/assemblee-generale-de-lassociation-des-parents-deleves\/#primaryimage","url":"https:\/\/i0.wp.com\/www.jeannedarc-figeac.fr\/college-lycee\/wp-content\/uploads\/sites\/5\/2015\/06\/logo-apel.png?fit=181%2C138&ssl=1","contentUrl":"https:\/\/i0.wp.com\/www.jeannedarc-figeac.fr\/college-lycee\/wp-content\/uploads\/sites\/5\/2015\/06\/logo-apel.png?fit=181%2C138&ssl=1","width":181,"height":138},{"@type":"BreadcrumbList","@id":"https:\/\/www.jeannedarc-figeac.fr\/college-lycee\/assemblee-generale-de-lassociation-des-parents-deleves\/#breadcrumb","itemListElement":[{"@type":"ListItem","position":1,"name":"Accueil","item":"https:\/\/www.jeannedarc-figeac.fr\/college-lycee\/"},{"@type":"ListItem","position":2,"name":"Actus APEL","item":"https:\/\/www.jeannedarc-figeac.fr\/college-lycee\/cat\/actus-apel\/"},{"@type":"ListItem","position":3,"name":"Assembl\u00e9e G\u00e9n\u00e9rale de l\u2019association des parents d\u2019\u00e9l\u00e8ves"}]},{"@type":"WebSite","@id":"https:\/\/www.jeannedarc-figeac.fr\/college-lycee\/#website","url":"https:\/\/www.jeannedarc-figeac.fr\/college-lycee\/","name":"Coll\u00e8ge et Lyc\u00e9e Jeanne d&#039;Arc","description":"Jeanne d&#039;Arc Figeac","potentialAction":[{"@type":"SearchAction","target":{"@type":"EntryPoint","urlTemplate":"https:\/\/www.jeannedarc-figeac.fr\/college-lycee\/?s={search_term_string}"},"query-input":{"@type":"PropertyValueSpecification","valueRequired":true,"valueName":"search_term_string"}}],"inLanguage":"fr-FR"},{"@type":"Person","@id":"https:\/\/www.jeannedarc-figeac.fr\/college-lycee\/#\/schema\/person\/12ec11e30258497a2c28a7de4ef43ff5","name":"Pr\u00e9sident APEL","image":{"@type":"ImageObject","inLanguage":"fr-FR","@id":"https:\/\/www.jeannedarc-figeac.fr\/college-lycee\/#\/schema\/person\/image\/","url":"https:\/\/www.jeannedarc-figeac.fr\/college-lycee\/wp-content\/litespeed\/avatar\/5\/4cdfe00b0572b2688c14fa83163fb852.jpg?ver=1776943645","contentUrl":"https:\/\/www.jeannedarc-figeac.fr\/college-lycee\/wp-content\/litespeed\/avatar\/5\/4cdfe00b0572b2688c14fa83163fb852.jpg?ver=1776943645","caption":"Pr\u00e9sident APEL"},"url":"https:\/\/www.jeannedarc-figeac.fr\/college-lycee\/author\/claugero\/"}]}},"jetpack_featured_media_url":"","jetpack_sharing_enabled":true,"jetpack_shortlink":"https:\/\/wp.me\/p5Qyb6-sy","_links":{"self":[{"href":"https:\/\/www.jeannedarc-figeac.fr\/college-lycee\/wp-json\/wp\/v2\/posts\/1770","targetHints":{"allow":["GET"]}}],"collection":[{"href":"https:\/\/www.jeannedarc-figeac.fr\/college-lycee\/wp-json\/wp\/v2\/posts"}],"about":[{"href":"https:\/\/www.jeannedarc-figeac.fr\/college-lycee\/wp-json\/wp\/v2\/types\/post"}],"author":[{"embeddable":true,"href":"https:\/\/www.jeannedarc-figeac.fr\/college-lycee\/wp-json\/wp\/v2\/users\/13"}],"replies":[{"embeddable":true,"href":"https:\/\/www.jeannedarc-figeac.fr\/college-lycee\/wp-json\/wp\/v2\/comments?post=1770"}],"version-history":[{"count":8,"href":"https:\/\/www.jeannedarc-figeac.fr\/college-lycee\/wp-json\/wp\/v2\/posts\/1770\/revisions"}],"predecessor-version":[{"id":1777,"href":"https:\/\/www.jeannedarc-figeac.fr\/college-lycee\/wp-json\/wp\/v2\/posts\/1770\/revisions\/1777"}],"wp:attachment":[{"href":"https:\/\/www.jeannedarc-figeac.fr\/college-lycee\/wp-json\/wp\/v2\/media?parent=1770"}],"wp:term":[{"taxonomy":"category","embeddable":true,"href":"https:\/\/www.jeannedarc-figeac.fr\/college-lycee\/wp-json\/wp\/v2\/categories?post=1770"},{"taxonomy":"post_tag","embeddable":true,"href":"https:\/\/www.jeannedarc-figeac.fr\/college-lycee\/wp-json\/wp\/v2\/tags?post=1770"}],"curies":[{"name":"wp","href":"https:\/\/api.w.org\/{rel}","templated":true}]}}