{"id":1753,"date":"2015-10-20T07:04:33","date_gmt":"2015-10-20T07:04:33","guid":{"rendered":"http:\/\/www.jeannedarc-figeac.fr\/college-lycee\/?p=1753"},"modified":"2015-10-20T07:04:33","modified_gmt":"2015-10-20T07:04:33","slug":"les-eleves-de-jeanne-darc-plonges-dans-la-1ere-guerre-mondiale","status":"publish","type":"post","link":"https:\/\/www.jeannedarc-figeac.fr\/college-lycee\/les-eleves-de-jeanne-darc-plonges-dans-la-1ere-guerre-mondiale\/","title":{"rendered":"Les \u00e9l\u00e8ves de Jeanne d\u2019Arc plong\u00e9s dans la 1\u00e8re Guerre Mondiale"},"content":{"rendered":"<p><a href=\"https:\/\/i0.wp.com\/www.jeannedarc-figeac.fr\/college-lycee\/wp-content\/uploads\/sites\/5\/2015\/10\/P9280117-modifi%C3%A9.jpg\"><img data-recalc-dims=\"1\" loading=\"lazy\" decoding=\"async\" class=\"size-medium wp-image-1746\" src=\"https:\/\/i0.wp.com\/www.jeannedarc-figeac.fr\/college-lycee\/wp-content\/uploads\/sites\/5\/2015\/10\/P9280117-modifi%C3%A9.jpg?resize=300%2C225\" alt=\"OLYMPUS DIGITAL CAMERA\" width=\"300\" height=\"225\" srcset=\"https:\/\/i0.wp.com\/www.jeannedarc-figeac.fr\/college-lycee\/wp-content\/uploads\/sites\/5\/2015\/10\/P9280117-modifi%C3%A9.jpg?resize=300%2C225&amp;ssl=1 300w, https:\/\/i0.wp.com\/www.jeannedarc-figeac.fr\/college-lycee\/wp-content\/uploads\/sites\/5\/2015\/10\/P9280117-modifi%C3%A9.jpg?resize=1024%2C768&amp;ssl=1 1024w, https:\/\/i0.wp.com\/www.jeannedarc-figeac.fr\/college-lycee\/wp-content\/uploads\/sites\/5\/2015\/10\/P9280117-modifi%C3%A9.jpg?resize=1080%2C810&amp;ssl=1 1080w, https:\/\/i0.wp.com\/www.jeannedarc-figeac.fr\/college-lycee\/wp-content\/uploads\/sites\/5\/2015\/10\/P9280117-modifi%C3%A9.jpg?w=1600&amp;ssl=1 1600w\" sizes=\"(max-width: 300px) 100vw, 300px\" \/><\/a><\/p>\n<p>Organis\u00e9e par leurs professeurs d&rsquo;Histoire, les \u00e9l\u00e8ves de Premi\u00e8res et de Troisi\u00e8mes ont b\u00e9n\u00e9fici\u00e9 de la visite guid\u00e9e par Benjamin Philip, responsable du Service du Patrimoine, des lieux embl\u00e9matiques de Figeac de cette p\u00e9riode (le Monument aux morts de 1870, place de la Raison, une plaque comm\u00e9morative des Journ\u00e9es Figeacoises de f\u00e9vrier 1916, rue Caviale&#8230;), puis de l&rsquo;exposition, dans la salle du Patrimoine, rue de Colomb.<br \/>\nCette visite p\u00e9dagogique les pr\u00e9parait \u00e0 mieux appr\u00e9hender la pi\u00e8ce de th\u00e9\u00e2tre \u00ab\u00a0Il est des Lou de toute sorte\u00a0\u00bb, \u00e0 laquelle ils ont assist\u00e9 vendredi 2 octobre, au Cin\u00e9ma Charles Boyer. S&rsquo;appuyant sur un ouvrage de Marcelle Capy, la pi\u00e8ce fait entendre la voix de femmes, \u00e0 l&rsquo;Arri\u00e8re du Front de la guerre des tranch\u00e9es, femmes qui participent \u00e0 l&rsquo;effort de guerre totale par leur d\u00e9termination, leur d\u00e9tresse ou leur ambition. Cette sortie p\u00e9dagogique s&rsquo;ins\u00e8re dans un projet commun Lettres &#8211; Histoire.<br \/>\nToujours dans le cadre de l\u2019\u00e9tude de la 1\u00e8re Guerre Mondiale le groupe de 2nde g\u00e9n\u00e9rale et technologique, Litt\u00e9rature et Soci\u00e9t\u00e9, a \u00e9t\u00e9 accueilli pour la visite guid\u00e9e par M. Mijoule guide-conf\u00e9rencier, de l&rsquo;exposition Cacher &#8211; Coder, \u00e0 l&rsquo;Annexe du Mus\u00e9e des Ecritures ; cette visite doit stimuler l\u2019imaginaire des \u00e9l\u00e8ves afin de r\u00e9diger une nouvelle bas\u00e9e sur les \u00e9critures secr\u00e8tes et les langages cod\u00e9s&#8230; Le myst\u00e8re reste entier!\u00a0\u00bb<\/p>\n","protected":false},"excerpt":{"rendered":"<p>Organis\u00e9e par leurs professeurs d&rsquo;Histoire, les \u00e9l\u00e8ves de Premi\u00e8res et de Troisi\u00e8mes ont b\u00e9n\u00e9fici\u00e9 de la visite guid\u00e9e par Benjamin Philip, responsable du Service du Patrimoine, des lieux embl\u00e9matiques de Figeac de cette p\u00e9riode (le Monument aux morts de 1870, place de la Raison, une plaque comm\u00e9morative des Journ\u00e9es Figeacoises de f\u00e9vrier 1916, rue Caviale&#8230;), [&hellip;]<\/p>\n","protected":false},"author":12,"featured_media":0,"comment_status":"closed","ping_status":"open","sticky":false,"template":"","format":"standard","meta":{"_et_pb_use_builder":"","_et_pb_old_content":"","_et_gb_content_width":"","_jetpack_newsletter_access":"","_jetpack_dont_email_post_to_subs":false,"_jetpack_newsletter_tier_id":0,"_jetpack_memberships_contains_paywalled_content":false,"iawp_total_views":0,"_jetpack_memberships_contains_paid_content":false,"footnotes":""},"categories":[28],"tags":[],"class_list":["post-1753","post","type-post","status-publish","format-standard","hentry","category-actus"],"yoast_head":"<!-- This site is optimized with the Yoast SEO plugin v26.0 - https:\/\/yoast.com\/wordpress\/plugins\/seo\/ -->\n<title>Les \u00e9l\u00e8ves de Jeanne d\u2019Arc plong\u00e9s dans la 1\u00e8re Guerre Mondiale<\/title>\n<meta name=\"description\" content=\"Organis\u00e9e par leurs professeurs d&#039;Histoire, les \u00e9l\u00e8ves de Premi\u00e8res et de Troisi\u00e8mes ont b\u00e9n\u00e9fici\u00e9 de la visite guid\u00e9e par Benjamin Philip, responsable du\" \/>\n<meta name=\"robots\" content=\"index, follow, max-snippet:-1, max-image-preview:large, max-video-preview:-1\" \/>\n<link rel=\"canonical\" href=\"http:\/\/www.jeannedarc-figeac.fr\/college-lycee\/les-eleves-de-jeanne-darc-plonges-dans-la-1ere-guerre-mondiale\/\" \/>\n<meta property=\"og:locale\" content=\"fr_FR\" \/>\n<meta property=\"og:type\" content=\"article\" \/>\n<meta property=\"og:title\" content=\"Les \u00e9l\u00e8ves de Jeanne d\u2019Arc plong\u00e9s dans la 1\u00e8re Guerre Mondiale\" \/>\n<meta property=\"og:description\" content=\"Organis\u00e9e par leurs professeurs d&#039;Histoire, les \u00e9l\u00e8ves de Premi\u00e8res et de Troisi\u00e8mes ont b\u00e9n\u00e9fici\u00e9 de la visite guid\u00e9e par Benjamin Philip, responsable du\" \/>\n<meta property=\"og:url\" content=\"http:\/\/www.jeannedarc-figeac.fr\/college-lycee\/les-eleves-de-jeanne-darc-plonges-dans-la-1ere-guerre-mondiale\/\" \/>\n<meta property=\"og:site_name\" content=\"Coll\u00e8ge et Lyc\u00e9e Jeanne d&#039;Arc\" \/>\n<meta property=\"article:published_time\" content=\"2015-10-20T07:04:33+00:00\" \/>\n<meta name=\"author\" content=\"le secr\u00e9tariat\" \/>\n<script type=\"application\/ld+json\" class=\"yoast-schema-graph\">{\"@context\":\"https:\/\/schema.org\",\"@graph\":[{\"@type\":\"WebPage\",\"@id\":\"http:\/\/www.jeannedarc-figeac.fr\/college-lycee\/les-eleves-de-jeanne-darc-plonges-dans-la-1ere-guerre-mondiale\/\",\"url\":\"http:\/\/www.jeannedarc-figeac.fr\/college-lycee\/les-eleves-de-jeanne-darc-plonges-dans-la-1ere-guerre-mondiale\/\",\"name\":\"Les \u00e9l\u00e8ves de Jeanne d\u2019Arc plong\u00e9s dans la 1\u00e8re Guerre Mondiale\",\"isPartOf\":{\"@id\":\"https:\/\/www.jeannedarc-figeac.fr\/college-lycee\/#website\"},\"datePublished\":\"2015-10-20T07:04:33+00:00\",\"author\":{\"@id\":\"https:\/\/www.jeannedarc-figeac.fr\/college-lycee\/#\/schema\/person\/29e5764f28e895dc8bf41d4468f99154\"},\"description\":\"Organis\u00e9e par leurs professeurs d'Histoire, les \u00e9l\u00e8ves de Premi\u00e8res et de Troisi\u00e8mes ont b\u00e9n\u00e9fici\u00e9 de la visite guid\u00e9e par Benjamin Philip, responsable du\",\"breadcrumb\":{\"@id\":\"http:\/\/www.jeannedarc-figeac.fr\/college-lycee\/les-eleves-de-jeanne-darc-plonges-dans-la-1ere-guerre-mondiale\/#breadcrumb\"},\"inLanguage\":\"fr-FR\",\"potentialAction\":[{\"@type\":\"ReadAction\",\"target\":[\"http:\/\/www.jeannedarc-figeac.fr\/college-lycee\/les-eleves-de-jeanne-darc-plonges-dans-la-1ere-guerre-mondiale\/\"]}]},{\"@type\":\"BreadcrumbList\",\"@id\":\"http:\/\/www.jeannedarc-figeac.fr\/college-lycee\/les-eleves-de-jeanne-darc-plonges-dans-la-1ere-guerre-mondiale\/#breadcrumb\",\"itemListElement\":[{\"@type\":\"ListItem\",\"position\":1,\"name\":\"Accueil\",\"item\":\"https:\/\/www.jeannedarc-figeac.fr\/college-lycee\/\"},{\"@type\":\"ListItem\",\"position\":2,\"name\":\"Actus\",\"item\":\"http:\/\/www.jeannedarc-figeac.fr\/college-lycee\/cat\/actus\/\"},{\"@type\":\"ListItem\",\"position\":3,\"name\":\"Les \u00e9l\u00e8ves de Jeanne d\u2019Arc plong\u00e9s dans la 1\u00e8re Guerre Mondiale\"}]},{\"@type\":\"WebSite\",\"@id\":\"https:\/\/www.jeannedarc-figeac.fr\/college-lycee\/#website\",\"url\":\"https:\/\/www.jeannedarc-figeac.fr\/college-lycee\/\",\"name\":\"Coll\u00e8ge et Lyc\u00e9e Jeanne d&#039;Arc\",\"description\":\"Jeanne d&#039;Arc Figeac\",\"potentialAction\":[{\"@type\":\"SearchAction\",\"target\":{\"@type\":\"EntryPoint\",\"urlTemplate\":\"https:\/\/www.jeannedarc-figeac.fr\/college-lycee\/?s={search_term_string}\"},\"query-input\":{\"@type\":\"PropertyValueSpecification\",\"valueRequired\":true,\"valueName\":\"search_term_string\"}}],\"inLanguage\":\"fr-FR\"},{\"@type\":\"Person\",\"@id\":\"https:\/\/www.jeannedarc-figeac.fr\/college-lycee\/#\/schema\/person\/29e5764f28e895dc8bf41d4468f99154\",\"name\":\"le secr\u00e9tariat\",\"image\":{\"@type\":\"ImageObject\",\"inLanguage\":\"fr-FR\",\"@id\":\"https:\/\/www.jeannedarc-figeac.fr\/college-lycee\/#\/schema\/person\/image\/\",\"url\":\"https:\/\/www.jeannedarc-figeac.fr\/college-lycee\/wp-content\/litespeed\/avatar\/5\/b7e8da60f53ba4adc9e9e66d91d84580.jpg?ver=1777548714\",\"contentUrl\":\"https:\/\/www.jeannedarc-figeac.fr\/college-lycee\/wp-content\/litespeed\/avatar\/5\/b7e8da60f53ba4adc9e9e66d91d84580.jpg?ver=1777548714\",\"caption\":\"le secr\u00e9tariat\"},\"url\":\"https:\/\/www.jeannedarc-figeac.fr\/college-lycee\/author\/arlette\/\"}]}<\/script>\n<!-- \/ Yoast SEO plugin. -->","yoast_head_json":{"title":"Les \u00e9l\u00e8ves de Jeanne d\u2019Arc plong\u00e9s dans la 1\u00e8re Guerre Mondiale","description":"Organis\u00e9e par leurs professeurs d'Histoire, les \u00e9l\u00e8ves de Premi\u00e8res et de Troisi\u00e8mes ont b\u00e9n\u00e9fici\u00e9 de la visite guid\u00e9e par Benjamin Philip, responsable du","robots":{"index":"index","follow":"follow","max-snippet":"max-snippet:-1","max-image-preview":"max-image-preview:large","max-video-preview":"max-video-preview:-1"},"canonical":"http:\/\/www.jeannedarc-figeac.fr\/college-lycee\/les-eleves-de-jeanne-darc-plonges-dans-la-1ere-guerre-mondiale\/","og_locale":"fr_FR","og_type":"article","og_title":"Les \u00e9l\u00e8ves de Jeanne d\u2019Arc plong\u00e9s dans la 1\u00e8re Guerre Mondiale","og_description":"Organis\u00e9e par leurs professeurs d'Histoire, les \u00e9l\u00e8ves de Premi\u00e8res et de Troisi\u00e8mes ont b\u00e9n\u00e9fici\u00e9 de la visite guid\u00e9e par Benjamin Philip, responsable du","og_url":"http:\/\/www.jeannedarc-figeac.fr\/college-lycee\/les-eleves-de-jeanne-darc-plonges-dans-la-1ere-guerre-mondiale\/","og_site_name":"Coll\u00e8ge et Lyc\u00e9e Jeanne d&#039;Arc","article_published_time":"2015-10-20T07:04:33+00:00","author":"le secr\u00e9tariat","schema":{"@context":"https:\/\/schema.org","@graph":[{"@type":"WebPage","@id":"http:\/\/www.jeannedarc-figeac.fr\/college-lycee\/les-eleves-de-jeanne-darc-plonges-dans-la-1ere-guerre-mondiale\/","url":"http:\/\/www.jeannedarc-figeac.fr\/college-lycee\/les-eleves-de-jeanne-darc-plonges-dans-la-1ere-guerre-mondiale\/","name":"Les \u00e9l\u00e8ves de Jeanne d\u2019Arc plong\u00e9s dans la 1\u00e8re Guerre Mondiale","isPartOf":{"@id":"https:\/\/www.jeannedarc-figeac.fr\/college-lycee\/#website"},"datePublished":"2015-10-20T07:04:33+00:00","author":{"@id":"https:\/\/www.jeannedarc-figeac.fr\/college-lycee\/#\/schema\/person\/29e5764f28e895dc8bf41d4468f99154"},"description":"Organis\u00e9e par leurs professeurs d'Histoire, les \u00e9l\u00e8ves de Premi\u00e8res et de Troisi\u00e8mes ont b\u00e9n\u00e9fici\u00e9 de la visite guid\u00e9e par Benjamin Philip, responsable du","breadcrumb":{"@id":"http:\/\/www.jeannedarc-figeac.fr\/college-lycee\/les-eleves-de-jeanne-darc-plonges-dans-la-1ere-guerre-mondiale\/#breadcrumb"},"inLanguage":"fr-FR","potentialAction":[{"@type":"ReadAction","target":["http:\/\/www.jeannedarc-figeac.fr\/college-lycee\/les-eleves-de-jeanne-darc-plonges-dans-la-1ere-guerre-mondiale\/"]}]},{"@type":"BreadcrumbList","@id":"http:\/\/www.jeannedarc-figeac.fr\/college-lycee\/les-eleves-de-jeanne-darc-plonges-dans-la-1ere-guerre-mondiale\/#breadcrumb","itemListElement":[{"@type":"ListItem","position":1,"name":"Accueil","item":"https:\/\/www.jeannedarc-figeac.fr\/college-lycee\/"},{"@type":"ListItem","position":2,"name":"Actus","item":"http:\/\/www.jeannedarc-figeac.fr\/college-lycee\/cat\/actus\/"},{"@type":"ListItem","position":3,"name":"Les \u00e9l\u00e8ves de Jeanne d\u2019Arc plong\u00e9s dans la 1\u00e8re Guerre Mondiale"}]},{"@type":"WebSite","@id":"https:\/\/www.jeannedarc-figeac.fr\/college-lycee\/#website","url":"https:\/\/www.jeannedarc-figeac.fr\/college-lycee\/","name":"Coll\u00e8ge et Lyc\u00e9e Jeanne d&#039;Arc","description":"Jeanne d&#039;Arc Figeac","potentialAction":[{"@type":"SearchAction","target":{"@type":"EntryPoint","urlTemplate":"https:\/\/www.jeannedarc-figeac.fr\/college-lycee\/?s={search_term_string}"},"query-input":{"@type":"PropertyValueSpecification","valueRequired":true,"valueName":"search_term_string"}}],"inLanguage":"fr-FR"},{"@type":"Person","@id":"https:\/\/www.jeannedarc-figeac.fr\/college-lycee\/#\/schema\/person\/29e5764f28e895dc8bf41d4468f99154","name":"le secr\u00e9tariat","image":{"@type":"ImageObject","inLanguage":"fr-FR","@id":"https:\/\/www.jeannedarc-figeac.fr\/college-lycee\/#\/schema\/person\/image\/","url":"https:\/\/www.jeannedarc-figeac.fr\/college-lycee\/wp-content\/litespeed\/avatar\/5\/b7e8da60f53ba4adc9e9e66d91d84580.jpg?ver=1777548714","contentUrl":"https:\/\/www.jeannedarc-figeac.fr\/college-lycee\/wp-content\/litespeed\/avatar\/5\/b7e8da60f53ba4adc9e9e66d91d84580.jpg?ver=1777548714","caption":"le secr\u00e9tariat"},"url":"https:\/\/www.jeannedarc-figeac.fr\/college-lycee\/author\/arlette\/"}]}},"jetpack_featured_media_url":"","jetpack_sharing_enabled":true,"jetpack_shortlink":"https:\/\/wp.me\/p5Qyb6-sh","_links":{"self":[{"href":"https:\/\/www.jeannedarc-figeac.fr\/college-lycee\/wp-json\/wp\/v2\/posts\/1753","targetHints":{"allow":["GET"]}}],"collection":[{"href":"https:\/\/www.jeannedarc-figeac.fr\/college-lycee\/wp-json\/wp\/v2\/posts"}],"about":[{"href":"https:\/\/www.jeannedarc-figeac.fr\/college-lycee\/wp-json\/wp\/v2\/types\/post"}],"author":[{"embeddable":true,"href":"https:\/\/www.jeannedarc-figeac.fr\/college-lycee\/wp-json\/wp\/v2\/users\/12"}],"replies":[{"embeddable":true,"href":"https:\/\/www.jeannedarc-figeac.fr\/college-lycee\/wp-json\/wp\/v2\/comments?post=1753"}],"version-history":[{"count":1,"href":"https:\/\/www.jeannedarc-figeac.fr\/college-lycee\/wp-json\/wp\/v2\/posts\/1753\/revisions"}],"predecessor-version":[{"id":1754,"href":"https:\/\/www.jeannedarc-figeac.fr\/college-lycee\/wp-json\/wp\/v2\/posts\/1753\/revisions\/1754"}],"wp:attachment":[{"href":"https:\/\/www.jeannedarc-figeac.fr\/college-lycee\/wp-json\/wp\/v2\/media?parent=1753"}],"wp:term":[{"taxonomy":"category","embeddable":true,"href":"https:\/\/www.jeannedarc-figeac.fr\/college-lycee\/wp-json\/wp\/v2\/categories?post=1753"},{"taxonomy":"post_tag","embeddable":true,"href":"https:\/\/www.jeannedarc-figeac.fr\/college-lycee\/wp-json\/wp\/v2\/tags?post=1753"}],"curies":[{"name":"wp","href":"https:\/\/api.w.org\/{rel}","templated":true}]}}