{"id":1742,"date":"2015-10-19T14:59:39","date_gmt":"2015-10-19T14:59:39","guid":{"rendered":"http:\/\/www.jeannedarc-figeac.fr\/college-lycee\/?p=1742"},"modified":"2015-10-19T15:04:19","modified_gmt":"2015-10-19T15:04:19","slug":"les-tst2s-a-la-carsat-et-a-lars","status":"publish","type":"post","link":"https:\/\/www.jeannedarc-figeac.fr\/college-lycee\/les-tst2s-a-la-carsat-et-a-lars\/","title":{"rendered":"Les TST2S \u00e0 la CARSAT et \u00e0 l\u2019ARS"},"content":{"rendered":"<p><a href=\"https:\/\/i0.wp.com\/www.jeannedarc-figeac.fr\/college-lycee\/wp-content\/uploads\/sites\/5\/2015\/10\/PA080174-modifi%C3%A9.jpg\"><img data-recalc-dims=\"1\" loading=\"lazy\" decoding=\"async\" class=\"size-medium wp-image-1748\" src=\"https:\/\/i0.wp.com\/www.jeannedarc-figeac.fr\/college-lycee\/wp-content\/uploads\/sites\/5\/2015\/10\/PA080174-modifi%C3%A9.jpg?resize=300%2C225\" alt=\"OLYMPUS DIGITAL CAMERA\" width=\"300\" height=\"225\" srcset=\"https:\/\/i0.wp.com\/www.jeannedarc-figeac.fr\/college-lycee\/wp-content\/uploads\/sites\/5\/2015\/10\/PA080174-modifi%C3%A9.jpg?resize=300%2C225&amp;ssl=1 300w, https:\/\/i0.wp.com\/www.jeannedarc-figeac.fr\/college-lycee\/wp-content\/uploads\/sites\/5\/2015\/10\/PA080174-modifi%C3%A9.jpg?resize=1024%2C768&amp;ssl=1 1024w, https:\/\/i0.wp.com\/www.jeannedarc-figeac.fr\/college-lycee\/wp-content\/uploads\/sites\/5\/2015\/10\/PA080174-modifi%C3%A9.jpg?resize=1080%2C810&amp;ssl=1 1080w, https:\/\/i0.wp.com\/www.jeannedarc-figeac.fr\/college-lycee\/wp-content\/uploads\/sites\/5\/2015\/10\/PA080174-modifi%C3%A9.jpg?w=1600&amp;ssl=1 1600w\" sizes=\"(max-width: 300px) 100vw, 300px\" \/><\/a><\/p>\n<p>Jeudi 8 octobre, les lyc\u00e9ens de TST2S se sont rendus \u00e0 Toulouse.<br \/>\nLa matin\u00e9e \u00e0 la CARSAT, \u00e0 l\u2019occasion des 70 ans de la S\u00e9curit\u00e9 Sociale, les \u00e9l\u00e8ves ont particip\u00e9 \u00e0 diff\u00e9rents ateliers pour illustrer les r\u00f4les de la CARSAT (pr\u00e9vention des accidents du travail, action sociale, calcul des droits \u00e0 la retraite\u2026) et les m\u00e9tiers sp\u00e9cifiques des organismes de protection sociale.<br \/>\nEn d\u00e9but d\u2019apr\u00e8s midi, ils ont \u00e9t\u00e9 re\u00e7us \u00e0 l\u2019ARS Midi-Pyr\u00e9n\u00e9es.<br \/>\nLes diff\u00e9rentes missions de cet organisme : offre de soins, veille et alerte sanitaire, pr\u00e9vention, sant\u00e9 et environnement, contr\u00f4le des \u00e9tablissements sanitaires et m\u00e9dico-sociaux ont \u00e9t\u00e9 expliqu\u00e9s et \u00e9tay\u00e9s par des exemples concrets.<br \/>\nCette journ\u00e9e a \u00e9t\u00e9 l\u2019occasion pour les jeunes d\u2019appr\u00e9hender de fa\u00e7on plus concr\u00e8te deux institutions majeures abord\u00e9s dans les programmes de sciences et techniques sanitaires et sociales.<\/p>\n","protected":false},"excerpt":{"rendered":"<p>Jeudi 8 octobre, les lyc\u00e9ens de TST2S se sont rendus \u00e0 Toulouse. La matin\u00e9e \u00e0 la CARSAT, \u00e0 l\u2019occasion des 70 ans de la S\u00e9curit\u00e9 Sociale, les \u00e9l\u00e8ves ont particip\u00e9 \u00e0 diff\u00e9rents ateliers pour illustrer les r\u00f4les de la CARSAT (pr\u00e9vention des accidents du travail, action sociale, calcul des droits \u00e0 la retraite\u2026) et les [&hellip;]<\/p>\n","protected":false},"author":12,"featured_media":0,"comment_status":"closed","ping_status":"open","sticky":false,"template":"","format":"standard","meta":{"_et_pb_use_builder":"","_et_pb_old_content":"","_et_gb_content_width":"","_jetpack_newsletter_access":"","_jetpack_dont_email_post_to_subs":false,"_jetpack_newsletter_tier_id":0,"_jetpack_memberships_contains_paywalled_content":false,"iawp_total_views":0,"_jetpack_memberships_contains_paid_content":false,"footnotes":""},"categories":[28],"tags":[],"class_list":["post-1742","post","type-post","status-publish","format-standard","hentry","category-actus"],"yoast_head":"<!-- This site is optimized with the Yoast SEO plugin v26.0 - https:\/\/yoast.com\/wordpress\/plugins\/seo\/ -->\n<title>Les TST2S \u00e0 la CARSAT et \u00e0 l\u2019ARS<\/title>\n<meta name=\"description\" content=\"Jeudi 8 octobre, les lyc\u00e9ens de TST2S se sont rendus \u00e0 Toulouse. La matin\u00e9e \u00e0 la CARSAT, \u00e0 l\u2019occasion des 70 ans de la S\u00e9curit\u00e9 Sociale, les \u00e9l\u00e8ves ont\" \/>\n<meta name=\"robots\" content=\"index, follow, max-snippet:-1, max-image-preview:large, max-video-preview:-1\" \/>\n<link rel=\"canonical\" href=\"http:\/\/www.jeannedarc-figeac.fr\/college-lycee\/les-tst2s-a-la-carsat-et-a-lars\/\" \/>\n<meta property=\"og:locale\" content=\"fr_FR\" \/>\n<meta property=\"og:type\" content=\"article\" \/>\n<meta property=\"og:title\" content=\"Les TST2S \u00e0 la CARSAT et \u00e0 l\u2019ARS\" \/>\n<meta property=\"og:description\" content=\"Jeudi 8 octobre, les lyc\u00e9ens de TST2S se sont rendus \u00e0 Toulouse. La matin\u00e9e \u00e0 la CARSAT, \u00e0 l\u2019occasion des 70 ans de la S\u00e9curit\u00e9 Sociale, les \u00e9l\u00e8ves ont\" \/>\n<meta property=\"og:url\" content=\"http:\/\/www.jeannedarc-figeac.fr\/college-lycee\/les-tst2s-a-la-carsat-et-a-lars\/\" \/>\n<meta property=\"og:site_name\" content=\"Coll\u00e8ge et Lyc\u00e9e Jeanne d&#039;Arc\" \/>\n<meta property=\"article:published_time\" content=\"2015-10-19T14:59:39+00:00\" \/>\n<meta property=\"article:modified_time\" content=\"2015-10-19T15:04:19+00:00\" \/>\n<meta name=\"author\" content=\"le secr\u00e9tariat\" \/>\n<script type=\"application\/ld+json\" class=\"yoast-schema-graph\">{\"@context\":\"https:\/\/schema.org\",\"@graph\":[{\"@type\":\"WebPage\",\"@id\":\"http:\/\/www.jeannedarc-figeac.fr\/college-lycee\/les-tst2s-a-la-carsat-et-a-lars\/\",\"url\":\"http:\/\/www.jeannedarc-figeac.fr\/college-lycee\/les-tst2s-a-la-carsat-et-a-lars\/\",\"name\":\"Les TST2S \u00e0 la CARSAT et \u00e0 l\u2019ARS\",\"isPartOf\":{\"@id\":\"https:\/\/www.jeannedarc-figeac.fr\/college-lycee\/#website\"},\"datePublished\":\"2015-10-19T14:59:39+00:00\",\"dateModified\":\"2015-10-19T15:04:19+00:00\",\"author\":{\"@id\":\"https:\/\/www.jeannedarc-figeac.fr\/college-lycee\/#\/schema\/person\/29e5764f28e895dc8bf41d4468f99154\"},\"description\":\"Jeudi 8 octobre, les lyc\u00e9ens de TST2S se sont rendus \u00e0 Toulouse. La matin\u00e9e \u00e0 la CARSAT, \u00e0 l\u2019occasion des 70 ans de la S\u00e9curit\u00e9 Sociale, les \u00e9l\u00e8ves ont\",\"breadcrumb\":{\"@id\":\"http:\/\/www.jeannedarc-figeac.fr\/college-lycee\/les-tst2s-a-la-carsat-et-a-lars\/#breadcrumb\"},\"inLanguage\":\"fr-FR\",\"potentialAction\":[{\"@type\":\"ReadAction\",\"target\":[\"http:\/\/www.jeannedarc-figeac.fr\/college-lycee\/les-tst2s-a-la-carsat-et-a-lars\/\"]}]},{\"@type\":\"BreadcrumbList\",\"@id\":\"http:\/\/www.jeannedarc-figeac.fr\/college-lycee\/les-tst2s-a-la-carsat-et-a-lars\/#breadcrumb\",\"itemListElement\":[{\"@type\":\"ListItem\",\"position\":1,\"name\":\"Accueil\",\"item\":\"https:\/\/www.jeannedarc-figeac.fr\/college-lycee\/\"},{\"@type\":\"ListItem\",\"position\":2,\"name\":\"Actus\",\"item\":\"http:\/\/www.jeannedarc-figeac.fr\/college-lycee\/cat\/actus\/\"},{\"@type\":\"ListItem\",\"position\":3,\"name\":\"Les TST2S \u00e0 la CARSAT et \u00e0 l\u2019ARS\"}]},{\"@type\":\"WebSite\",\"@id\":\"https:\/\/www.jeannedarc-figeac.fr\/college-lycee\/#website\",\"url\":\"https:\/\/www.jeannedarc-figeac.fr\/college-lycee\/\",\"name\":\"Coll\u00e8ge et Lyc\u00e9e Jeanne d&#039;Arc\",\"description\":\"Jeanne d&#039;Arc Figeac\",\"potentialAction\":[{\"@type\":\"SearchAction\",\"target\":{\"@type\":\"EntryPoint\",\"urlTemplate\":\"https:\/\/www.jeannedarc-figeac.fr\/college-lycee\/?s={search_term_string}\"},\"query-input\":{\"@type\":\"PropertyValueSpecification\",\"valueRequired\":true,\"valueName\":\"search_term_string\"}}],\"inLanguage\":\"fr-FR\"},{\"@type\":\"Person\",\"@id\":\"https:\/\/www.jeannedarc-figeac.fr\/college-lycee\/#\/schema\/person\/29e5764f28e895dc8bf41d4468f99154\",\"name\":\"le secr\u00e9tariat\",\"image\":{\"@type\":\"ImageObject\",\"inLanguage\":\"fr-FR\",\"@id\":\"https:\/\/www.jeannedarc-figeac.fr\/college-lycee\/#\/schema\/person\/image\/\",\"url\":\"https:\/\/www.jeannedarc-figeac.fr\/college-lycee\/wp-content\/litespeed\/avatar\/5\/b7e8da60f53ba4adc9e9e66d91d84580.jpg?ver=1777548714\",\"contentUrl\":\"https:\/\/www.jeannedarc-figeac.fr\/college-lycee\/wp-content\/litespeed\/avatar\/5\/b7e8da60f53ba4adc9e9e66d91d84580.jpg?ver=1777548714\",\"caption\":\"le secr\u00e9tariat\"},\"url\":\"https:\/\/www.jeannedarc-figeac.fr\/college-lycee\/author\/arlette\/\"}]}<\/script>\n<!-- \/ Yoast SEO plugin. -->","yoast_head_json":{"title":"Les TST2S \u00e0 la CARSAT et \u00e0 l\u2019ARS","description":"Jeudi 8 octobre, les lyc\u00e9ens de TST2S se sont rendus \u00e0 Toulouse. La matin\u00e9e \u00e0 la CARSAT, \u00e0 l\u2019occasion des 70 ans de la S\u00e9curit\u00e9 Sociale, les \u00e9l\u00e8ves ont","robots":{"index":"index","follow":"follow","max-snippet":"max-snippet:-1","max-image-preview":"max-image-preview:large","max-video-preview":"max-video-preview:-1"},"canonical":"http:\/\/www.jeannedarc-figeac.fr\/college-lycee\/les-tst2s-a-la-carsat-et-a-lars\/","og_locale":"fr_FR","og_type":"article","og_title":"Les TST2S \u00e0 la CARSAT et \u00e0 l\u2019ARS","og_description":"Jeudi 8 octobre, les lyc\u00e9ens de TST2S se sont rendus \u00e0 Toulouse. La matin\u00e9e \u00e0 la CARSAT, \u00e0 l\u2019occasion des 70 ans de la S\u00e9curit\u00e9 Sociale, les \u00e9l\u00e8ves ont","og_url":"http:\/\/www.jeannedarc-figeac.fr\/college-lycee\/les-tst2s-a-la-carsat-et-a-lars\/","og_site_name":"Coll\u00e8ge et Lyc\u00e9e Jeanne d&#039;Arc","article_published_time":"2015-10-19T14:59:39+00:00","article_modified_time":"2015-10-19T15:04:19+00:00","author":"le secr\u00e9tariat","schema":{"@context":"https:\/\/schema.org","@graph":[{"@type":"WebPage","@id":"http:\/\/www.jeannedarc-figeac.fr\/college-lycee\/les-tst2s-a-la-carsat-et-a-lars\/","url":"http:\/\/www.jeannedarc-figeac.fr\/college-lycee\/les-tst2s-a-la-carsat-et-a-lars\/","name":"Les TST2S \u00e0 la CARSAT et \u00e0 l\u2019ARS","isPartOf":{"@id":"https:\/\/www.jeannedarc-figeac.fr\/college-lycee\/#website"},"datePublished":"2015-10-19T14:59:39+00:00","dateModified":"2015-10-19T15:04:19+00:00","author":{"@id":"https:\/\/www.jeannedarc-figeac.fr\/college-lycee\/#\/schema\/person\/29e5764f28e895dc8bf41d4468f99154"},"description":"Jeudi 8 octobre, les lyc\u00e9ens de TST2S se sont rendus \u00e0 Toulouse. La matin\u00e9e \u00e0 la CARSAT, \u00e0 l\u2019occasion des 70 ans de la S\u00e9curit\u00e9 Sociale, les \u00e9l\u00e8ves ont","breadcrumb":{"@id":"http:\/\/www.jeannedarc-figeac.fr\/college-lycee\/les-tst2s-a-la-carsat-et-a-lars\/#breadcrumb"},"inLanguage":"fr-FR","potentialAction":[{"@type":"ReadAction","target":["http:\/\/www.jeannedarc-figeac.fr\/college-lycee\/les-tst2s-a-la-carsat-et-a-lars\/"]}]},{"@type":"BreadcrumbList","@id":"http:\/\/www.jeannedarc-figeac.fr\/college-lycee\/les-tst2s-a-la-carsat-et-a-lars\/#breadcrumb","itemListElement":[{"@type":"ListItem","position":1,"name":"Accueil","item":"https:\/\/www.jeannedarc-figeac.fr\/college-lycee\/"},{"@type":"ListItem","position":2,"name":"Actus","item":"http:\/\/www.jeannedarc-figeac.fr\/college-lycee\/cat\/actus\/"},{"@type":"ListItem","position":3,"name":"Les TST2S \u00e0 la CARSAT et \u00e0 l\u2019ARS"}]},{"@type":"WebSite","@id":"https:\/\/www.jeannedarc-figeac.fr\/college-lycee\/#website","url":"https:\/\/www.jeannedarc-figeac.fr\/college-lycee\/","name":"Coll\u00e8ge et Lyc\u00e9e Jeanne d&#039;Arc","description":"Jeanne d&#039;Arc Figeac","potentialAction":[{"@type":"SearchAction","target":{"@type":"EntryPoint","urlTemplate":"https:\/\/www.jeannedarc-figeac.fr\/college-lycee\/?s={search_term_string}"},"query-input":{"@type":"PropertyValueSpecification","valueRequired":true,"valueName":"search_term_string"}}],"inLanguage":"fr-FR"},{"@type":"Person","@id":"https:\/\/www.jeannedarc-figeac.fr\/college-lycee\/#\/schema\/person\/29e5764f28e895dc8bf41d4468f99154","name":"le secr\u00e9tariat","image":{"@type":"ImageObject","inLanguage":"fr-FR","@id":"https:\/\/www.jeannedarc-figeac.fr\/college-lycee\/#\/schema\/person\/image\/","url":"https:\/\/www.jeannedarc-figeac.fr\/college-lycee\/wp-content\/litespeed\/avatar\/5\/b7e8da60f53ba4adc9e9e66d91d84580.jpg?ver=1777548714","contentUrl":"https:\/\/www.jeannedarc-figeac.fr\/college-lycee\/wp-content\/litespeed\/avatar\/5\/b7e8da60f53ba4adc9e9e66d91d84580.jpg?ver=1777548714","caption":"le secr\u00e9tariat"},"url":"https:\/\/www.jeannedarc-figeac.fr\/college-lycee\/author\/arlette\/"}]}},"jetpack_featured_media_url":"","jetpack_sharing_enabled":true,"jetpack_shortlink":"https:\/\/wp.me\/p5Qyb6-s6","_links":{"self":[{"href":"https:\/\/www.jeannedarc-figeac.fr\/college-lycee\/wp-json\/wp\/v2\/posts\/1742","targetHints":{"allow":["GET"]}}],"collection":[{"href":"https:\/\/www.jeannedarc-figeac.fr\/college-lycee\/wp-json\/wp\/v2\/posts"}],"about":[{"href":"https:\/\/www.jeannedarc-figeac.fr\/college-lycee\/wp-json\/wp\/v2\/types\/post"}],"author":[{"embeddable":true,"href":"https:\/\/www.jeannedarc-figeac.fr\/college-lycee\/wp-json\/wp\/v2\/users\/12"}],"replies":[{"embeddable":true,"href":"https:\/\/www.jeannedarc-figeac.fr\/college-lycee\/wp-json\/wp\/v2\/comments?post=1742"}],"version-history":[{"count":4,"href":"https:\/\/www.jeannedarc-figeac.fr\/college-lycee\/wp-json\/wp\/v2\/posts\/1742\/revisions"}],"predecessor-version":[{"id":1749,"href":"https:\/\/www.jeannedarc-figeac.fr\/college-lycee\/wp-json\/wp\/v2\/posts\/1742\/revisions\/1749"}],"wp:attachment":[{"href":"https:\/\/www.jeannedarc-figeac.fr\/college-lycee\/wp-json\/wp\/v2\/media?parent=1742"}],"wp:term":[{"taxonomy":"category","embeddable":true,"href":"https:\/\/www.jeannedarc-figeac.fr\/college-lycee\/wp-json\/wp\/v2\/categories?post=1742"},{"taxonomy":"post_tag","embeddable":true,"href":"https:\/\/www.jeannedarc-figeac.fr\/college-lycee\/wp-json\/wp\/v2\/tags?post=1742"}],"curies":[{"name":"wp","href":"https:\/\/api.w.org\/{rel}","templated":true}]}}