{"id":1727,"date":"2015-09-28T09:16:47","date_gmt":"2015-09-28T09:16:47","guid":{"rendered":"http:\/\/www.jeannedarc-figeac.fr\/college-lycee\/?p=1727"},"modified":"2015-09-28T09:16:47","modified_gmt":"2015-09-28T09:16:47","slug":"celebration-de-rentree","status":"publish","type":"post","link":"https:\/\/www.jeannedarc-figeac.fr\/college-lycee\/celebration-de-rentree\/","title":{"rendered":"C\u00e9l\u00e9bration de rentr\u00e9e"},"content":{"rendered":"<p><a href=\"https:\/\/i0.wp.com\/www.jeannedarc-figeac.fr\/college-lycee\/wp-content\/uploads\/sites\/5\/2015\/09\/P9180073-modifi%C3%A9.jpg\"><img data-recalc-dims=\"1\" loading=\"lazy\" decoding=\"async\" class=\"alignnone size-medium wp-image-1728\" src=\"https:\/\/i0.wp.com\/www.jeannedarc-figeac.fr\/college-lycee\/wp-content\/uploads\/sites\/5\/2015\/09\/P9180073-modifi%C3%A9.jpg?resize=300%2C225\" alt=\"c\u00e9l\u00e9bration de rentr\u00e9e\" width=\"300\" height=\"225\" srcset=\"https:\/\/i0.wp.com\/www.jeannedarc-figeac.fr\/college-lycee\/wp-content\/uploads\/sites\/5\/2015\/09\/P9180073-modifi%C3%A9.jpg?resize=300%2C225&amp;ssl=1 300w, https:\/\/i0.wp.com\/www.jeannedarc-figeac.fr\/college-lycee\/wp-content\/uploads\/sites\/5\/2015\/09\/P9180073-modifi%C3%A9.jpg?resize=1024%2C768&amp;ssl=1 1024w, https:\/\/i0.wp.com\/www.jeannedarc-figeac.fr\/college-lycee\/wp-content\/uploads\/sites\/5\/2015\/09\/P9180073-modifi%C3%A9.jpg?resize=1080%2C810&amp;ssl=1 1080w, https:\/\/i0.wp.com\/www.jeannedarc-figeac.fr\/college-lycee\/wp-content\/uploads\/sites\/5\/2015\/09\/P9180073-modifi%C3%A9.jpg?w=1600&amp;ssl=1 1600w\" sizes=\"(max-width: 300px) 100vw, 300px\" \/><\/a><\/p>\n<p>Cette ann\u00e9e, la messe de rentr\u00e9e marquait le point de d\u00e9part des festivit\u00e9s du Bicentenaire de la Sainte Famille. Et c\u2019est dans l\u2019\u00e9glise du Puy, lumineuse et fleurie que se sont retrouv\u00e9s les \u00e9l\u00e8ves du CM1 et CM2 du Primaire, des coll\u00e9giens et lyc\u00e9ens volontaires ainsi que des enseignants, des parents et des personnels autour du P\u00e8re Luc Denjean et de Jean Baptiste. Nous \u00e9tions environ 200 \u00e0 nous recueillir ensemble pour d\u00e9marrer une nouvelle ann\u00e9e scolaire. Au d\u00e9but de la c\u00e9r\u00e9monie, de jeunes coll\u00e9giennes ont port\u00e9 en procession la statue de Sainte Emilie de Rodat, un planisph\u00e8re et un livre symbolisant ainsi l\u2019engagement et les \u0153uvres de Sainte Emilie.<br \/>\nNous remercions les jeunes et les adultes qui se sont impliqu\u00e9s dans la pr\u00e9paration et l\u2019animation ce qui a contribu\u00e9 \u00e0 la beaut\u00e9 et \u00e0 la profondeur de cette c\u00e9l\u00e9bration.<br \/>\nLa particularit\u00e9 de cette c\u00e9r\u00e9monie est qu\u2019elle \u00e9tait c\u00e9l\u00e9br\u00e9e en m\u00eame temps dans tous les \u00e9tablissements de la Sainte Famille. Cela repr\u00e9sente 7 700 \u00e9l\u00e8ves et 27 \u00e9tablissements scolaires du r\u00e9seau Sainte Famille implant\u00e9s sur 8 dioc\u00e8ses (Aude, Aveyron, Calvados, Haute Garonne, Lot, Loz\u00e8re, Tarn et Garonne et Val d\u2019Oise) . Nous avons tous v\u00e9cu un temps commun afin de c\u00e9l\u00e9brer et faire m\u00e9moire pour que l\u2019esprit de Sainte Emilie continue \u00e0 irriguer l\u2019ensemble de nos communaut\u00e9s \u00e9ducatives.<\/p>\n","protected":false},"excerpt":{"rendered":"<p>Cette ann\u00e9e, la messe de rentr\u00e9e marquait le point de d\u00e9part des festivit\u00e9s du Bicentenaire de la Sainte Famille. Et c\u2019est dans l\u2019\u00e9glise du Puy, lumineuse et fleurie que se sont retrouv\u00e9s les \u00e9l\u00e8ves du CM1 et CM2 du Primaire, des coll\u00e9giens et lyc\u00e9ens volontaires ainsi que des enseignants, des parents et des personnels autour [&hellip;]<\/p>\n","protected":false},"author":12,"featured_media":0,"comment_status":"closed","ping_status":"open","sticky":false,"template":"","format":"standard","meta":{"_et_pb_use_builder":"","_et_pb_old_content":"","_et_gb_content_width":"","_jetpack_newsletter_access":"","_jetpack_dont_email_post_to_subs":false,"_jetpack_newsletter_tier_id":0,"_jetpack_memberships_contains_paywalled_content":false,"iawp_total_views":0,"_jetpack_memberships_contains_paid_content":false,"footnotes":""},"categories":[28],"tags":[],"class_list":["post-1727","post","type-post","status-publish","format-standard","hentry","category-actus"],"yoast_head":"<!-- This site is optimized with the Yoast SEO plugin v26.0 - https:\/\/yoast.com\/wordpress\/plugins\/seo\/ -->\n<title>C\u00e9l\u00e9bration de rentr\u00e9e<\/title>\n<meta name=\"description\" content=\"Cette ann\u00e9e, la messe de rentr\u00e9e marquait le point de d\u00e9part des festivit\u00e9s du Bicentenaire de la Sainte Famille. Et c\u2019est dans l\u2019\u00e9glise du Puy, lumineuse\" \/>\n<meta name=\"robots\" content=\"index, follow, max-snippet:-1, max-image-preview:large, max-video-preview:-1\" \/>\n<link rel=\"canonical\" href=\"http:\/\/www.jeannedarc-figeac.fr\/college-lycee\/celebration-de-rentree\/\" \/>\n<meta property=\"og:locale\" content=\"fr_FR\" \/>\n<meta property=\"og:type\" content=\"article\" \/>\n<meta property=\"og:title\" content=\"C\u00e9l\u00e9bration de rentr\u00e9e\" \/>\n<meta property=\"og:description\" content=\"Cette ann\u00e9e, la messe de rentr\u00e9e marquait le point de d\u00e9part des festivit\u00e9s du Bicentenaire de la Sainte Famille. Et c\u2019est dans l\u2019\u00e9glise du Puy, lumineuse\" \/>\n<meta property=\"og:url\" content=\"http:\/\/www.jeannedarc-figeac.fr\/college-lycee\/celebration-de-rentree\/\" \/>\n<meta property=\"og:site_name\" content=\"Coll\u00e8ge et Lyc\u00e9e Jeanne d&#039;Arc\" \/>\n<meta property=\"article:published_time\" content=\"2015-09-28T09:16:47+00:00\" \/>\n<meta name=\"author\" content=\"le secr\u00e9tariat\" \/>\n<script type=\"application\/ld+json\" class=\"yoast-schema-graph\">{\"@context\":\"https:\/\/schema.org\",\"@graph\":[{\"@type\":\"WebPage\",\"@id\":\"http:\/\/www.jeannedarc-figeac.fr\/college-lycee\/celebration-de-rentree\/\",\"url\":\"http:\/\/www.jeannedarc-figeac.fr\/college-lycee\/celebration-de-rentree\/\",\"name\":\"C\u00e9l\u00e9bration de rentr\u00e9e\",\"isPartOf\":{\"@id\":\"https:\/\/www.jeannedarc-figeac.fr\/college-lycee\/#website\"},\"datePublished\":\"2015-09-28T09:16:47+00:00\",\"author\":{\"@id\":\"https:\/\/www.jeannedarc-figeac.fr\/college-lycee\/#\/schema\/person\/29e5764f28e895dc8bf41d4468f99154\"},\"description\":\"Cette ann\u00e9e, la messe de rentr\u00e9e marquait le point de d\u00e9part des festivit\u00e9s du Bicentenaire de la Sainte Famille. Et c\u2019est dans l\u2019\u00e9glise du Puy, lumineuse\",\"breadcrumb\":{\"@id\":\"http:\/\/www.jeannedarc-figeac.fr\/college-lycee\/celebration-de-rentree\/#breadcrumb\"},\"inLanguage\":\"fr-FR\",\"potentialAction\":[{\"@type\":\"ReadAction\",\"target\":[\"http:\/\/www.jeannedarc-figeac.fr\/college-lycee\/celebration-de-rentree\/\"]}]},{\"@type\":\"BreadcrumbList\",\"@id\":\"http:\/\/www.jeannedarc-figeac.fr\/college-lycee\/celebration-de-rentree\/#breadcrumb\",\"itemListElement\":[{\"@type\":\"ListItem\",\"position\":1,\"name\":\"Accueil\",\"item\":\"https:\/\/www.jeannedarc-figeac.fr\/college-lycee\/\"},{\"@type\":\"ListItem\",\"position\":2,\"name\":\"Actus\",\"item\":\"http:\/\/www.jeannedarc-figeac.fr\/college-lycee\/cat\/actus\/\"},{\"@type\":\"ListItem\",\"position\":3,\"name\":\"C\u00e9l\u00e9bration de rentr\u00e9e\"}]},{\"@type\":\"WebSite\",\"@id\":\"https:\/\/www.jeannedarc-figeac.fr\/college-lycee\/#website\",\"url\":\"https:\/\/www.jeannedarc-figeac.fr\/college-lycee\/\",\"name\":\"Coll\u00e8ge et Lyc\u00e9e Jeanne d&#039;Arc\",\"description\":\"Jeanne d&#039;Arc Figeac\",\"potentialAction\":[{\"@type\":\"SearchAction\",\"target\":{\"@type\":\"EntryPoint\",\"urlTemplate\":\"https:\/\/www.jeannedarc-figeac.fr\/college-lycee\/?s={search_term_string}\"},\"query-input\":{\"@type\":\"PropertyValueSpecification\",\"valueRequired\":true,\"valueName\":\"search_term_string\"}}],\"inLanguage\":\"fr-FR\"},{\"@type\":\"Person\",\"@id\":\"https:\/\/www.jeannedarc-figeac.fr\/college-lycee\/#\/schema\/person\/29e5764f28e895dc8bf41d4468f99154\",\"name\":\"le secr\u00e9tariat\",\"image\":{\"@type\":\"ImageObject\",\"inLanguage\":\"fr-FR\",\"@id\":\"https:\/\/www.jeannedarc-figeac.fr\/college-lycee\/#\/schema\/person\/image\/\",\"url\":\"https:\/\/www.jeannedarc-figeac.fr\/college-lycee\/wp-content\/litespeed\/avatar\/5\/b7e8da60f53ba4adc9e9e66d91d84580.jpg?ver=1776943645\",\"contentUrl\":\"https:\/\/www.jeannedarc-figeac.fr\/college-lycee\/wp-content\/litespeed\/avatar\/5\/b7e8da60f53ba4adc9e9e66d91d84580.jpg?ver=1776943645\",\"caption\":\"le secr\u00e9tariat\"},\"url\":\"https:\/\/www.jeannedarc-figeac.fr\/college-lycee\/author\/arlette\/\"}]}<\/script>\n<!-- \/ Yoast SEO plugin. -->","yoast_head_json":{"title":"C\u00e9l\u00e9bration de rentr\u00e9e","description":"Cette ann\u00e9e, la messe de rentr\u00e9e marquait le point de d\u00e9part des festivit\u00e9s du Bicentenaire de la Sainte Famille. Et c\u2019est dans l\u2019\u00e9glise du Puy, lumineuse","robots":{"index":"index","follow":"follow","max-snippet":"max-snippet:-1","max-image-preview":"max-image-preview:large","max-video-preview":"max-video-preview:-1"},"canonical":"http:\/\/www.jeannedarc-figeac.fr\/college-lycee\/celebration-de-rentree\/","og_locale":"fr_FR","og_type":"article","og_title":"C\u00e9l\u00e9bration de rentr\u00e9e","og_description":"Cette ann\u00e9e, la messe de rentr\u00e9e marquait le point de d\u00e9part des festivit\u00e9s du Bicentenaire de la Sainte Famille. Et c\u2019est dans l\u2019\u00e9glise du Puy, lumineuse","og_url":"http:\/\/www.jeannedarc-figeac.fr\/college-lycee\/celebration-de-rentree\/","og_site_name":"Coll\u00e8ge et Lyc\u00e9e Jeanne d&#039;Arc","article_published_time":"2015-09-28T09:16:47+00:00","author":"le secr\u00e9tariat","schema":{"@context":"https:\/\/schema.org","@graph":[{"@type":"WebPage","@id":"http:\/\/www.jeannedarc-figeac.fr\/college-lycee\/celebration-de-rentree\/","url":"http:\/\/www.jeannedarc-figeac.fr\/college-lycee\/celebration-de-rentree\/","name":"C\u00e9l\u00e9bration de rentr\u00e9e","isPartOf":{"@id":"https:\/\/www.jeannedarc-figeac.fr\/college-lycee\/#website"},"datePublished":"2015-09-28T09:16:47+00:00","author":{"@id":"https:\/\/www.jeannedarc-figeac.fr\/college-lycee\/#\/schema\/person\/29e5764f28e895dc8bf41d4468f99154"},"description":"Cette ann\u00e9e, la messe de rentr\u00e9e marquait le point de d\u00e9part des festivit\u00e9s du Bicentenaire de la Sainte Famille. Et c\u2019est dans l\u2019\u00e9glise du Puy, lumineuse","breadcrumb":{"@id":"http:\/\/www.jeannedarc-figeac.fr\/college-lycee\/celebration-de-rentree\/#breadcrumb"},"inLanguage":"fr-FR","potentialAction":[{"@type":"ReadAction","target":["http:\/\/www.jeannedarc-figeac.fr\/college-lycee\/celebration-de-rentree\/"]}]},{"@type":"BreadcrumbList","@id":"http:\/\/www.jeannedarc-figeac.fr\/college-lycee\/celebration-de-rentree\/#breadcrumb","itemListElement":[{"@type":"ListItem","position":1,"name":"Accueil","item":"https:\/\/www.jeannedarc-figeac.fr\/college-lycee\/"},{"@type":"ListItem","position":2,"name":"Actus","item":"http:\/\/www.jeannedarc-figeac.fr\/college-lycee\/cat\/actus\/"},{"@type":"ListItem","position":3,"name":"C\u00e9l\u00e9bration de rentr\u00e9e"}]},{"@type":"WebSite","@id":"https:\/\/www.jeannedarc-figeac.fr\/college-lycee\/#website","url":"https:\/\/www.jeannedarc-figeac.fr\/college-lycee\/","name":"Coll\u00e8ge et Lyc\u00e9e Jeanne d&#039;Arc","description":"Jeanne d&#039;Arc Figeac","potentialAction":[{"@type":"SearchAction","target":{"@type":"EntryPoint","urlTemplate":"https:\/\/www.jeannedarc-figeac.fr\/college-lycee\/?s={search_term_string}"},"query-input":{"@type":"PropertyValueSpecification","valueRequired":true,"valueName":"search_term_string"}}],"inLanguage":"fr-FR"},{"@type":"Person","@id":"https:\/\/www.jeannedarc-figeac.fr\/college-lycee\/#\/schema\/person\/29e5764f28e895dc8bf41d4468f99154","name":"le secr\u00e9tariat","image":{"@type":"ImageObject","inLanguage":"fr-FR","@id":"https:\/\/www.jeannedarc-figeac.fr\/college-lycee\/#\/schema\/person\/image\/","url":"https:\/\/www.jeannedarc-figeac.fr\/college-lycee\/wp-content\/litespeed\/avatar\/5\/b7e8da60f53ba4adc9e9e66d91d84580.jpg?ver=1776943645","contentUrl":"https:\/\/www.jeannedarc-figeac.fr\/college-lycee\/wp-content\/litespeed\/avatar\/5\/b7e8da60f53ba4adc9e9e66d91d84580.jpg?ver=1776943645","caption":"le secr\u00e9tariat"},"url":"https:\/\/www.jeannedarc-figeac.fr\/college-lycee\/author\/arlette\/"}]}},"jetpack_featured_media_url":"","jetpack_sharing_enabled":true,"jetpack_shortlink":"https:\/\/wp.me\/p5Qyb6-rR","_links":{"self":[{"href":"https:\/\/www.jeannedarc-figeac.fr\/college-lycee\/wp-json\/wp\/v2\/posts\/1727","targetHints":{"allow":["GET"]}}],"collection":[{"href":"https:\/\/www.jeannedarc-figeac.fr\/college-lycee\/wp-json\/wp\/v2\/posts"}],"about":[{"href":"https:\/\/www.jeannedarc-figeac.fr\/college-lycee\/wp-json\/wp\/v2\/types\/post"}],"author":[{"embeddable":true,"href":"https:\/\/www.jeannedarc-figeac.fr\/college-lycee\/wp-json\/wp\/v2\/users\/12"}],"replies":[{"embeddable":true,"href":"https:\/\/www.jeannedarc-figeac.fr\/college-lycee\/wp-json\/wp\/v2\/comments?post=1727"}],"version-history":[{"count":1,"href":"https:\/\/www.jeannedarc-figeac.fr\/college-lycee\/wp-json\/wp\/v2\/posts\/1727\/revisions"}],"predecessor-version":[{"id":1729,"href":"https:\/\/www.jeannedarc-figeac.fr\/college-lycee\/wp-json\/wp\/v2\/posts\/1727\/revisions\/1729"}],"wp:attachment":[{"href":"https:\/\/www.jeannedarc-figeac.fr\/college-lycee\/wp-json\/wp\/v2\/media?parent=1727"}],"wp:term":[{"taxonomy":"category","embeddable":true,"href":"https:\/\/www.jeannedarc-figeac.fr\/college-lycee\/wp-json\/wp\/v2\/categories?post=1727"},{"taxonomy":"post_tag","embeddable":true,"href":"https:\/\/www.jeannedarc-figeac.fr\/college-lycee\/wp-json\/wp\/v2\/tags?post=1727"}],"curies":[{"name":"wp","href":"https:\/\/api.w.org\/{rel}","templated":true}]}}