{"id":1705,"date":"2015-09-15T09:48:49","date_gmt":"2015-09-15T09:48:49","guid":{"rendered":"http:\/\/www.jeannedarc-figeac.fr\/college-lycee\/?p=1705"},"modified":"2015-09-15T09:48:49","modified_gmt":"2015-09-15T09:48:49","slug":"journee-dintegration-pour-les-secondes","status":"publish","type":"post","link":"https:\/\/www.jeannedarc-figeac.fr\/college-lycee\/journee-dintegration-pour-les-secondes\/","title":{"rendered":"JOURNEE D&rsquo;INTEGRATION POUR LES SECONDES"},"content":{"rendered":"<p>Tous les lyc\u00e9ens des classes de Seconde G\u00e9n\u00e9rale et Technologique, de Seconde Professionnelle ASSP ainsi que les CAP ATMFC premi\u00e8re ann\u00e9e, se sont rendus \u00e0 Rocamadour durant toute une journ\u00e9e.<a href=\"https:\/\/i0.wp.com\/www.jeannedarc-figeac.fr\/college-lycee\/wp-content\/uploads\/sites\/5\/2015\/09\/P9080035.jpg\"><img data-recalc-dims=\"1\" loading=\"lazy\" decoding=\"async\" class=\"alignnone size-medium wp-image-1707\" src=\"https:\/\/i0.wp.com\/www.jeannedarc-figeac.fr\/college-lycee\/wp-content\/uploads\/sites\/5\/2015\/09\/P9080035.jpg?resize=300%2C225\" alt=\"Les \u00e9l\u00e8ves \u00e0 l'accrobranche\" width=\"300\" height=\"225\" srcset=\"https:\/\/i0.wp.com\/www.jeannedarc-figeac.fr\/college-lycee\/wp-content\/uploads\/sites\/5\/2015\/09\/P9080035.jpg?resize=300%2C225&amp;ssl=1 300w, https:\/\/i0.wp.com\/www.jeannedarc-figeac.fr\/college-lycee\/wp-content\/uploads\/sites\/5\/2015\/09\/P9080035.jpg?resize=1024%2C768&amp;ssl=1 1024w, https:\/\/i0.wp.com\/www.jeannedarc-figeac.fr\/college-lycee\/wp-content\/uploads\/sites\/5\/2015\/09\/P9080035.jpg?resize=1080%2C810&amp;ssl=1 1080w, https:\/\/i0.wp.com\/www.jeannedarc-figeac.fr\/college-lycee\/wp-content\/uploads\/sites\/5\/2015\/09\/P9080035.jpg?w=2160 2160w\" sizes=\"(max-width: 300px) 100vw, 300px\" \/><\/a><br \/>\nL\u2019objectif de la journ\u00e9e \u00e9tant de faire connaissance et de souder un esprit de classe.<br \/>\nLes jeunes ont r\u00e9alis\u00e9 un rallye \u2013 jeu de piste dans la cit\u00e9 mariale o\u00f9 de l\u2019Hospitalet, au village, puis aux sanctuaires en passant par le chemin de croix pour finir au ch\u00e2teau, ils ont r\u00e9solu l\u2019\u00e9nigme du \u00ab vol de statue de la Vierge noire \u00bb !<br \/>\nApr\u00e8s une pause pique-nique, devant le ch\u00e2teau, la journ\u00e9e s\u2019est poursuivie par un temps sportif \u00e0 l\u2019accrobranche de \u00ab Rocamadour aventure \u00bb.<br \/>\nLes \u00e9l\u00e8ves et leurs professeurs \u00e9taient ravis de cette belle journ\u00e9e ensoleill\u00e9e o\u00f9 le dynamisme, la curiosit\u00e9 et l\u2019esprit d\u2019\u00e9quipe ont \u00e9t\u00e9 mis en valeur.<br \/>\nEnrichis par ce moment de partage, les lyc\u00e9ens vont aborder la classe de seconde, avec cette ann\u00e9e dans le cadre de l\u2019accompagnement personnalis\u00e9, des temps de projet et de renforcement p\u00e9dagogique selon les besoins de chacun.<\/p>\n","protected":false},"excerpt":{"rendered":"<p>Tous les lyc\u00e9ens des classes de Seconde G\u00e9n\u00e9rale et Technologique, de Seconde Professionnelle ASSP ainsi que les CAP ATMFC premi\u00e8re ann\u00e9e, se sont rendus \u00e0 Rocamadour durant toute une journ\u00e9e. L\u2019objectif de la journ\u00e9e \u00e9tant de faire connaissance et de souder un esprit de classe. Les jeunes ont r\u00e9alis\u00e9 un rallye \u2013 jeu de piste [&hellip;]<\/p>\n","protected":false},"author":12,"featured_media":0,"comment_status":"closed","ping_status":"open","sticky":false,"template":"","format":"standard","meta":{"_et_pb_use_builder":"","_et_pb_old_content":"","_et_gb_content_width":"","_jetpack_newsletter_access":"","_jetpack_dont_email_post_to_subs":false,"_jetpack_newsletter_tier_id":0,"_jetpack_memberships_contains_paywalled_content":false,"iawp_total_views":0,"_jetpack_memberships_contains_paid_content":false,"footnotes":""},"categories":[28],"tags":[],"class_list":["post-1705","post","type-post","status-publish","format-standard","hentry","category-actus"],"yoast_head":"<!-- This site is optimized with the Yoast SEO plugin v26.0 - https:\/\/yoast.com\/wordpress\/plugins\/seo\/ -->\n<title>JOURNEE D&#039;INTEGRATION POUR LES SECONDES<\/title>\n<meta name=\"description\" content=\"Tous les lyc\u00e9ens des classes de Seconde G\u00e9n\u00e9rale et Technologique, de Seconde Professionnelle ASSP ainsi que les CAP ATMFC premi\u00e8re ann\u00e9e, se sont rendus\" \/>\n<meta name=\"robots\" content=\"index, follow, max-snippet:-1, max-image-preview:large, max-video-preview:-1\" \/>\n<link rel=\"canonical\" href=\"http:\/\/www.jeannedarc-figeac.fr\/college-lycee\/journee-dintegration-pour-les-secondes\/\" \/>\n<meta property=\"og:locale\" content=\"fr_FR\" \/>\n<meta property=\"og:type\" content=\"article\" \/>\n<meta property=\"og:title\" content=\"JOURNEE D&#039;INTEGRATION POUR LES SECONDES\" \/>\n<meta property=\"og:description\" content=\"Tous les lyc\u00e9ens des classes de Seconde G\u00e9n\u00e9rale et Technologique, de Seconde Professionnelle ASSP ainsi que les CAP ATMFC premi\u00e8re ann\u00e9e, se sont rendus\" \/>\n<meta property=\"og:url\" content=\"http:\/\/www.jeannedarc-figeac.fr\/college-lycee\/journee-dintegration-pour-les-secondes\/\" \/>\n<meta property=\"og:site_name\" content=\"Coll\u00e8ge et Lyc\u00e9e Jeanne d&#039;Arc\" \/>\n<meta property=\"article:published_time\" content=\"2015-09-15T09:48:49+00:00\" \/>\n<meta property=\"og:image\" content=\"http:\/\/www.jeannedarc-figeac.fr\/college-lycee\/wp-content\/uploads\/sites\/5\/2015\/09\/P9080035-300x225.jpg\" \/>\n<meta name=\"author\" content=\"le secr\u00e9tariat\" \/>\n<script type=\"application\/ld+json\" class=\"yoast-schema-graph\">{\"@context\":\"https:\/\/schema.org\",\"@graph\":[{\"@type\":\"WebPage\",\"@id\":\"http:\/\/www.jeannedarc-figeac.fr\/college-lycee\/journee-dintegration-pour-les-secondes\/\",\"url\":\"http:\/\/www.jeannedarc-figeac.fr\/college-lycee\/journee-dintegration-pour-les-secondes\/\",\"name\":\"JOURNEE D'INTEGRATION POUR LES SECONDES\",\"isPartOf\":{\"@id\":\"https:\/\/www.jeannedarc-figeac.fr\/college-lycee\/#website\"},\"primaryImageOfPage\":{\"@id\":\"http:\/\/www.jeannedarc-figeac.fr\/college-lycee\/journee-dintegration-pour-les-secondes\/#primaryimage\"},\"image\":{\"@id\":\"http:\/\/www.jeannedarc-figeac.fr\/college-lycee\/journee-dintegration-pour-les-secondes\/#primaryimage\"},\"thumbnailUrl\":\"http:\/\/www.jeannedarc-figeac.fr\/college-lycee\/wp-content\/uploads\/sites\/5\/2015\/09\/P9080035-300x225.jpg\",\"datePublished\":\"2015-09-15T09:48:49+00:00\",\"author\":{\"@id\":\"https:\/\/www.jeannedarc-figeac.fr\/college-lycee\/#\/schema\/person\/29e5764f28e895dc8bf41d4468f99154\"},\"description\":\"Tous les lyc\u00e9ens des classes de Seconde G\u00e9n\u00e9rale et Technologique, de Seconde Professionnelle ASSP ainsi que les CAP ATMFC premi\u00e8re ann\u00e9e, se sont rendus\",\"breadcrumb\":{\"@id\":\"http:\/\/www.jeannedarc-figeac.fr\/college-lycee\/journee-dintegration-pour-les-secondes\/#breadcrumb\"},\"inLanguage\":\"fr-FR\",\"potentialAction\":[{\"@type\":\"ReadAction\",\"target\":[\"http:\/\/www.jeannedarc-figeac.fr\/college-lycee\/journee-dintegration-pour-les-secondes\/\"]}]},{\"@type\":\"ImageObject\",\"inLanguage\":\"fr-FR\",\"@id\":\"http:\/\/www.jeannedarc-figeac.fr\/college-lycee\/journee-dintegration-pour-les-secondes\/#primaryimage\",\"url\":\"https:\/\/i0.wp.com\/www.jeannedarc-figeac.fr\/college-lycee\/wp-content\/uploads\/sites\/5\/2015\/09\/P9080035.jpg?fit=2560%2C1920&ssl=1\",\"contentUrl\":\"https:\/\/i0.wp.com\/www.jeannedarc-figeac.fr\/college-lycee\/wp-content\/uploads\/sites\/5\/2015\/09\/P9080035.jpg?fit=2560%2C1920&ssl=1\",\"width\":2560,\"height\":1920},{\"@type\":\"BreadcrumbList\",\"@id\":\"http:\/\/www.jeannedarc-figeac.fr\/college-lycee\/journee-dintegration-pour-les-secondes\/#breadcrumb\",\"itemListElement\":[{\"@type\":\"ListItem\",\"position\":1,\"name\":\"Accueil\",\"item\":\"https:\/\/www.jeannedarc-figeac.fr\/college-lycee\/\"},{\"@type\":\"ListItem\",\"position\":2,\"name\":\"Actus\",\"item\":\"http:\/\/www.jeannedarc-figeac.fr\/college-lycee\/cat\/actus\/\"},{\"@type\":\"ListItem\",\"position\":3,\"name\":\"JOURNEE D&rsquo;INTEGRATION POUR LES SECONDES\"}]},{\"@type\":\"WebSite\",\"@id\":\"https:\/\/www.jeannedarc-figeac.fr\/college-lycee\/#website\",\"url\":\"https:\/\/www.jeannedarc-figeac.fr\/college-lycee\/\",\"name\":\"Coll\u00e8ge et Lyc\u00e9e Jeanne d&#039;Arc\",\"description\":\"Jeanne d&#039;Arc Figeac\",\"potentialAction\":[{\"@type\":\"SearchAction\",\"target\":{\"@type\":\"EntryPoint\",\"urlTemplate\":\"https:\/\/www.jeannedarc-figeac.fr\/college-lycee\/?s={search_term_string}\"},\"query-input\":{\"@type\":\"PropertyValueSpecification\",\"valueRequired\":true,\"valueName\":\"search_term_string\"}}],\"inLanguage\":\"fr-FR\"},{\"@type\":\"Person\",\"@id\":\"https:\/\/www.jeannedarc-figeac.fr\/college-lycee\/#\/schema\/person\/29e5764f28e895dc8bf41d4468f99154\",\"name\":\"le secr\u00e9tariat\",\"image\":{\"@type\":\"ImageObject\",\"inLanguage\":\"fr-FR\",\"@id\":\"https:\/\/www.jeannedarc-figeac.fr\/college-lycee\/#\/schema\/person\/image\/\",\"url\":\"https:\/\/www.jeannedarc-figeac.fr\/college-lycee\/wp-content\/litespeed\/avatar\/5\/b7e8da60f53ba4adc9e9e66d91d84580.jpg?ver=1777548714\",\"contentUrl\":\"https:\/\/www.jeannedarc-figeac.fr\/college-lycee\/wp-content\/litespeed\/avatar\/5\/b7e8da60f53ba4adc9e9e66d91d84580.jpg?ver=1777548714\",\"caption\":\"le secr\u00e9tariat\"},\"url\":\"https:\/\/www.jeannedarc-figeac.fr\/college-lycee\/author\/arlette\/\"}]}<\/script>\n<!-- \/ Yoast SEO plugin. -->","yoast_head_json":{"title":"JOURNEE D'INTEGRATION POUR LES SECONDES","description":"Tous les lyc\u00e9ens des classes de Seconde G\u00e9n\u00e9rale et Technologique, de Seconde Professionnelle ASSP ainsi que les CAP ATMFC premi\u00e8re ann\u00e9e, se sont rendus","robots":{"index":"index","follow":"follow","max-snippet":"max-snippet:-1","max-image-preview":"max-image-preview:large","max-video-preview":"max-video-preview:-1"},"canonical":"http:\/\/www.jeannedarc-figeac.fr\/college-lycee\/journee-dintegration-pour-les-secondes\/","og_locale":"fr_FR","og_type":"article","og_title":"JOURNEE D'INTEGRATION POUR LES SECONDES","og_description":"Tous les lyc\u00e9ens des classes de Seconde G\u00e9n\u00e9rale et Technologique, de Seconde Professionnelle ASSP ainsi que les CAP ATMFC premi\u00e8re ann\u00e9e, se sont rendus","og_url":"http:\/\/www.jeannedarc-figeac.fr\/college-lycee\/journee-dintegration-pour-les-secondes\/","og_site_name":"Coll\u00e8ge et Lyc\u00e9e Jeanne d&#039;Arc","article_published_time":"2015-09-15T09:48:49+00:00","og_image":[{"url":"http:\/\/www.jeannedarc-figeac.fr\/college-lycee\/wp-content\/uploads\/sites\/5\/2015\/09\/P9080035-300x225.jpg","type":"","width":"","height":""}],"author":"le secr\u00e9tariat","schema":{"@context":"https:\/\/schema.org","@graph":[{"@type":"WebPage","@id":"http:\/\/www.jeannedarc-figeac.fr\/college-lycee\/journee-dintegration-pour-les-secondes\/","url":"http:\/\/www.jeannedarc-figeac.fr\/college-lycee\/journee-dintegration-pour-les-secondes\/","name":"JOURNEE D'INTEGRATION POUR LES SECONDES","isPartOf":{"@id":"https:\/\/www.jeannedarc-figeac.fr\/college-lycee\/#website"},"primaryImageOfPage":{"@id":"http:\/\/www.jeannedarc-figeac.fr\/college-lycee\/journee-dintegration-pour-les-secondes\/#primaryimage"},"image":{"@id":"http:\/\/www.jeannedarc-figeac.fr\/college-lycee\/journee-dintegration-pour-les-secondes\/#primaryimage"},"thumbnailUrl":"http:\/\/www.jeannedarc-figeac.fr\/college-lycee\/wp-content\/uploads\/sites\/5\/2015\/09\/P9080035-300x225.jpg","datePublished":"2015-09-15T09:48:49+00:00","author":{"@id":"https:\/\/www.jeannedarc-figeac.fr\/college-lycee\/#\/schema\/person\/29e5764f28e895dc8bf41d4468f99154"},"description":"Tous les lyc\u00e9ens des classes de Seconde G\u00e9n\u00e9rale et Technologique, de Seconde Professionnelle ASSP ainsi que les CAP ATMFC premi\u00e8re ann\u00e9e, se sont rendus","breadcrumb":{"@id":"http:\/\/www.jeannedarc-figeac.fr\/college-lycee\/journee-dintegration-pour-les-secondes\/#breadcrumb"},"inLanguage":"fr-FR","potentialAction":[{"@type":"ReadAction","target":["http:\/\/www.jeannedarc-figeac.fr\/college-lycee\/journee-dintegration-pour-les-secondes\/"]}]},{"@type":"ImageObject","inLanguage":"fr-FR","@id":"http:\/\/www.jeannedarc-figeac.fr\/college-lycee\/journee-dintegration-pour-les-secondes\/#primaryimage","url":"https:\/\/i0.wp.com\/www.jeannedarc-figeac.fr\/college-lycee\/wp-content\/uploads\/sites\/5\/2015\/09\/P9080035.jpg?fit=2560%2C1920&ssl=1","contentUrl":"https:\/\/i0.wp.com\/www.jeannedarc-figeac.fr\/college-lycee\/wp-content\/uploads\/sites\/5\/2015\/09\/P9080035.jpg?fit=2560%2C1920&ssl=1","width":2560,"height":1920},{"@type":"BreadcrumbList","@id":"http:\/\/www.jeannedarc-figeac.fr\/college-lycee\/journee-dintegration-pour-les-secondes\/#breadcrumb","itemListElement":[{"@type":"ListItem","position":1,"name":"Accueil","item":"https:\/\/www.jeannedarc-figeac.fr\/college-lycee\/"},{"@type":"ListItem","position":2,"name":"Actus","item":"http:\/\/www.jeannedarc-figeac.fr\/college-lycee\/cat\/actus\/"},{"@type":"ListItem","position":3,"name":"JOURNEE D&rsquo;INTEGRATION POUR LES SECONDES"}]},{"@type":"WebSite","@id":"https:\/\/www.jeannedarc-figeac.fr\/college-lycee\/#website","url":"https:\/\/www.jeannedarc-figeac.fr\/college-lycee\/","name":"Coll\u00e8ge et Lyc\u00e9e Jeanne d&#039;Arc","description":"Jeanne d&#039;Arc Figeac","potentialAction":[{"@type":"SearchAction","target":{"@type":"EntryPoint","urlTemplate":"https:\/\/www.jeannedarc-figeac.fr\/college-lycee\/?s={search_term_string}"},"query-input":{"@type":"PropertyValueSpecification","valueRequired":true,"valueName":"search_term_string"}}],"inLanguage":"fr-FR"},{"@type":"Person","@id":"https:\/\/www.jeannedarc-figeac.fr\/college-lycee\/#\/schema\/person\/29e5764f28e895dc8bf41d4468f99154","name":"le secr\u00e9tariat","image":{"@type":"ImageObject","inLanguage":"fr-FR","@id":"https:\/\/www.jeannedarc-figeac.fr\/college-lycee\/#\/schema\/person\/image\/","url":"https:\/\/www.jeannedarc-figeac.fr\/college-lycee\/wp-content\/litespeed\/avatar\/5\/b7e8da60f53ba4adc9e9e66d91d84580.jpg?ver=1777548714","contentUrl":"https:\/\/www.jeannedarc-figeac.fr\/college-lycee\/wp-content\/litespeed\/avatar\/5\/b7e8da60f53ba4adc9e9e66d91d84580.jpg?ver=1777548714","caption":"le secr\u00e9tariat"},"url":"https:\/\/www.jeannedarc-figeac.fr\/college-lycee\/author\/arlette\/"}]}},"jetpack_featured_media_url":"","jetpack_sharing_enabled":true,"jetpack_shortlink":"https:\/\/wp.me\/p5Qyb6-rv","_links":{"self":[{"href":"https:\/\/www.jeannedarc-figeac.fr\/college-lycee\/wp-json\/wp\/v2\/posts\/1705","targetHints":{"allow":["GET"]}}],"collection":[{"href":"https:\/\/www.jeannedarc-figeac.fr\/college-lycee\/wp-json\/wp\/v2\/posts"}],"about":[{"href":"https:\/\/www.jeannedarc-figeac.fr\/college-lycee\/wp-json\/wp\/v2\/types\/post"}],"author":[{"embeddable":true,"href":"https:\/\/www.jeannedarc-figeac.fr\/college-lycee\/wp-json\/wp\/v2\/users\/12"}],"replies":[{"embeddable":true,"href":"https:\/\/www.jeannedarc-figeac.fr\/college-lycee\/wp-json\/wp\/v2\/comments?post=1705"}],"version-history":[{"count":2,"href":"https:\/\/www.jeannedarc-figeac.fr\/college-lycee\/wp-json\/wp\/v2\/posts\/1705\/revisions"}],"predecessor-version":[{"id":1709,"href":"https:\/\/www.jeannedarc-figeac.fr\/college-lycee\/wp-json\/wp\/v2\/posts\/1705\/revisions\/1709"}],"wp:attachment":[{"href":"https:\/\/www.jeannedarc-figeac.fr\/college-lycee\/wp-json\/wp\/v2\/media?parent=1705"}],"wp:term":[{"taxonomy":"category","embeddable":true,"href":"https:\/\/www.jeannedarc-figeac.fr\/college-lycee\/wp-json\/wp\/v2\/categories?post=1705"},{"taxonomy":"post_tag","embeddable":true,"href":"https:\/\/www.jeannedarc-figeac.fr\/college-lycee\/wp-json\/wp\/v2\/tags?post=1705"}],"curies":[{"name":"wp","href":"https:\/\/api.w.org\/{rel}","templated":true}]}}