{"id":1680,"date":"2015-07-02T09:00:57","date_gmt":"2015-07-02T09:00:57","guid":{"rendered":"http:\/\/www.jeannedarc-figeac.fr\/college-lycee\/?p=1680"},"modified":"2015-07-02T09:00:57","modified_gmt":"2015-07-02T09:00:57","slug":"les-6eme-et-5eme-de-laumonerie-en-sortie-a-villefranche-de-rouergue","status":"publish","type":"post","link":"https:\/\/www.jeannedarc-figeac.fr\/college-lycee\/les-6eme-et-5eme-de-laumonerie-en-sortie-a-villefranche-de-rouergue\/","title":{"rendered":"Les 6\u00e8me et 5\u00e8me de l\u2019aum\u00f4nerie en sortie \u00e0 Villefranche de Rouergue"},"content":{"rendered":"<p>C\u2019est une trentaine d\u2019\u00e9l\u00e8ves qui sont partis \u00e0 Villefranche sur les traces de Sainte Emilie de Rodat.<br \/>\nApr\u00e8s avoir pique-niqu\u00e9 dans les jardins de la Congr\u00e9gation des S\u0153urs de la Sainte Famille, nous sommes partis d\u00e9couvrir les richesses historiques de la Bastide, \u00ab\u00a0la Perle du Rouergue\u00a0\u00bb avec un guide-conf\u00e9rencier. Les \u00e9l\u00e8ves ont b\u00e9n\u00e9fici\u00e9 d\u2019une visite de l\u2019imposante Coll\u00e9giale du XV\u00e8me si\u00e8cle puis sont rest\u00e9s \u00e9bahis devant la beaut\u00e9 des sculptures et peintures de la chapelle des P\u00e9nitents noirs du XVII\u00e8me si\u00e8cle, joyau de l\u2019art baroque. Cette d\u00e9couverte de la ville \u00e9tait ponctu\u00e9e d\u2019allusions \u00e0 la vie de S\u0153ur Emilie.<br \/>\nPuis, dans un deuxi\u00e8me temps, nous avons v\u00e9cu un moment de recueillement gr\u00e2ce aux s\u0153urs de la Sainte Famille. Elles ont pris le temps de nous parler de l\u2019enfance et de la jeunesse d\u2019 Emilie la d\u00e9crivant comme une jeune fille de caract\u00e8re comme nos jeunes. Ils ont \u00e9t\u00e9 \u00e0 la fois surpris et touch\u00e9s. Ils ont pu admirer les dessins de la galerie et enfin la chambre de Sainte Emilie. La journ\u00e9e s\u2019est termin\u00e9e par un temps de pri\u00e8re dans la crypte.<br \/>\nNous sommes tous revenus heureux d\u2019avoir partag\u00e9 le message de S\u0153ur Emilie, fondatrice de notre \u00e9cole.<\/p>\n<p><a href=\"https:\/\/i0.wp.com\/www.jeannedarc-figeac.fr\/college-lycee\/wp-content\/uploads\/sites\/5\/2015\/07\/villef-site.jpg\"><img data-recalc-dims=\"1\" loading=\"lazy\" decoding=\"async\" class=\"alignnone size-medium wp-image-1681\" src=\"https:\/\/i0.wp.com\/www.jeannedarc-figeac.fr\/college-lycee\/wp-content\/uploads\/sites\/5\/2015\/07\/villef-site.jpg?resize=300%2C225\" alt=\"villef site\" width=\"300\" height=\"225\" srcset=\"https:\/\/i0.wp.com\/www.jeannedarc-figeac.fr\/college-lycee\/wp-content\/uploads\/sites\/5\/2015\/07\/villef-site.jpg?resize=300%2C225&amp;ssl=1 300w, https:\/\/i0.wp.com\/www.jeannedarc-figeac.fr\/college-lycee\/wp-content\/uploads\/sites\/5\/2015\/07\/villef-site.jpg?resize=1024%2C768&amp;ssl=1 1024w, https:\/\/i0.wp.com\/www.jeannedarc-figeac.fr\/college-lycee\/wp-content\/uploads\/sites\/5\/2015\/07\/villef-site.jpg?resize=1080%2C810&amp;ssl=1 1080w, https:\/\/i0.wp.com\/www.jeannedarc-figeac.fr\/college-lycee\/wp-content\/uploads\/sites\/5\/2015\/07\/villef-site.jpg?w=1600&amp;ssl=1 1600w\" sizes=\"(max-width: 300px) 100vw, 300px\" \/><\/a><\/p>\n","protected":false},"excerpt":{"rendered":"<p>C\u2019est une trentaine d\u2019\u00e9l\u00e8ves qui sont partis \u00e0 Villefranche sur les traces de Sainte Emilie de Rodat. Apr\u00e8s avoir pique-niqu\u00e9 dans les jardins de la Congr\u00e9gation des S\u0153urs de la Sainte Famille, nous sommes partis d\u00e9couvrir les richesses historiques de la Bastide, \u00ab\u00a0la Perle du Rouergue\u00a0\u00bb avec un guide-conf\u00e9rencier. Les \u00e9l\u00e8ves ont b\u00e9n\u00e9fici\u00e9 d\u2019une visite [&hellip;]<\/p>\n","protected":false},"author":12,"featured_media":0,"comment_status":"closed","ping_status":"open","sticky":false,"template":"","format":"standard","meta":{"_et_pb_use_builder":"","_et_pb_old_content":"","_et_gb_content_width":"","_jetpack_newsletter_access":"","_jetpack_dont_email_post_to_subs":false,"_jetpack_newsletter_tier_id":0,"_jetpack_memberships_contains_paywalled_content":false,"iawp_total_views":0,"_jetpack_memberships_contains_paid_content":false,"footnotes":""},"categories":[28],"tags":[],"class_list":["post-1680","post","type-post","status-publish","format-standard","hentry","category-actus"],"yoast_head":"<!-- This site is optimized with the Yoast SEO plugin v26.0 - https:\/\/yoast.com\/wordpress\/plugins\/seo\/ -->\n<title>Les 6\u00e8me et 5\u00e8me de l\u2019aum\u00f4nerie en sortie \u00e0 Villefranche de Rouergue<\/title>\n<meta name=\"description\" content=\"C\u2019est une trentaine d\u2019\u00e9l\u00e8ves qui sont partis \u00e0 Villefranche sur les traces de Sainte Emilie de Rodat. Apr\u00e8s avoir pique-niqu\u00e9 dans les jardins de la\" \/>\n<meta name=\"robots\" content=\"index, follow, max-snippet:-1, max-image-preview:large, max-video-preview:-1\" \/>\n<link rel=\"canonical\" href=\"http:\/\/www.jeannedarc-figeac.fr\/college-lycee\/les-6eme-et-5eme-de-laumonerie-en-sortie-a-villefranche-de-rouergue\/\" \/>\n<meta property=\"og:locale\" content=\"fr_FR\" \/>\n<meta property=\"og:type\" content=\"article\" \/>\n<meta property=\"og:title\" content=\"Les 6\u00e8me et 5\u00e8me de l\u2019aum\u00f4nerie en sortie \u00e0 Villefranche de Rouergue\" \/>\n<meta property=\"og:description\" content=\"C\u2019est une trentaine d\u2019\u00e9l\u00e8ves qui sont partis \u00e0 Villefranche sur les traces de Sainte Emilie de Rodat. Apr\u00e8s avoir pique-niqu\u00e9 dans les jardins de la\" \/>\n<meta property=\"og:url\" content=\"http:\/\/www.jeannedarc-figeac.fr\/college-lycee\/les-6eme-et-5eme-de-laumonerie-en-sortie-a-villefranche-de-rouergue\/\" \/>\n<meta property=\"og:site_name\" content=\"Coll\u00e8ge et Lyc\u00e9e Jeanne d&#039;Arc\" \/>\n<meta property=\"article:published_time\" content=\"2015-07-02T09:00:57+00:00\" \/>\n<meta property=\"og:image\" content=\"http:\/\/www.jeannedarc-figeac.fr\/college-lycee\/wp-content\/uploads\/sites\/5\/2015\/07\/villef-site-300x225.jpg\" \/>\n<meta name=\"author\" content=\"le secr\u00e9tariat\" \/>\n<script type=\"application\/ld+json\" class=\"yoast-schema-graph\">{\"@context\":\"https:\/\/schema.org\",\"@graph\":[{\"@type\":\"WebPage\",\"@id\":\"http:\/\/www.jeannedarc-figeac.fr\/college-lycee\/les-6eme-et-5eme-de-laumonerie-en-sortie-a-villefranche-de-rouergue\/\",\"url\":\"http:\/\/www.jeannedarc-figeac.fr\/college-lycee\/les-6eme-et-5eme-de-laumonerie-en-sortie-a-villefranche-de-rouergue\/\",\"name\":\"Les 6\u00e8me et 5\u00e8me de l\u2019aum\u00f4nerie en sortie \u00e0 Villefranche de Rouergue\",\"isPartOf\":{\"@id\":\"https:\/\/www.jeannedarc-figeac.fr\/college-lycee\/#website\"},\"primaryImageOfPage\":{\"@id\":\"http:\/\/www.jeannedarc-figeac.fr\/college-lycee\/les-6eme-et-5eme-de-laumonerie-en-sortie-a-villefranche-de-rouergue\/#primaryimage\"},\"image\":{\"@id\":\"http:\/\/www.jeannedarc-figeac.fr\/college-lycee\/les-6eme-et-5eme-de-laumonerie-en-sortie-a-villefranche-de-rouergue\/#primaryimage\"},\"thumbnailUrl\":\"http:\/\/www.jeannedarc-figeac.fr\/college-lycee\/wp-content\/uploads\/sites\/5\/2015\/07\/villef-site-300x225.jpg\",\"datePublished\":\"2015-07-02T09:00:57+00:00\",\"author\":{\"@id\":\"https:\/\/www.jeannedarc-figeac.fr\/college-lycee\/#\/schema\/person\/29e5764f28e895dc8bf41d4468f99154\"},\"description\":\"C\u2019est une trentaine d\u2019\u00e9l\u00e8ves qui sont partis \u00e0 Villefranche sur les traces de Sainte Emilie de Rodat. Apr\u00e8s avoir pique-niqu\u00e9 dans les jardins de la\",\"breadcrumb\":{\"@id\":\"http:\/\/www.jeannedarc-figeac.fr\/college-lycee\/les-6eme-et-5eme-de-laumonerie-en-sortie-a-villefranche-de-rouergue\/#breadcrumb\"},\"inLanguage\":\"fr-FR\",\"potentialAction\":[{\"@type\":\"ReadAction\",\"target\":[\"http:\/\/www.jeannedarc-figeac.fr\/college-lycee\/les-6eme-et-5eme-de-laumonerie-en-sortie-a-villefranche-de-rouergue\/\"]}]},{\"@type\":\"ImageObject\",\"inLanguage\":\"fr-FR\",\"@id\":\"http:\/\/www.jeannedarc-figeac.fr\/college-lycee\/les-6eme-et-5eme-de-laumonerie-en-sortie-a-villefranche-de-rouergue\/#primaryimage\",\"url\":\"https:\/\/i0.wp.com\/www.jeannedarc-figeac.fr\/college-lycee\/wp-content\/uploads\/sites\/5\/2015\/07\/villef-site.jpg?fit=1600%2C1200&ssl=1\",\"contentUrl\":\"https:\/\/i0.wp.com\/www.jeannedarc-figeac.fr\/college-lycee\/wp-content\/uploads\/sites\/5\/2015\/07\/villef-site.jpg?fit=1600%2C1200&ssl=1\",\"width\":1600,\"height\":1200},{\"@type\":\"BreadcrumbList\",\"@id\":\"http:\/\/www.jeannedarc-figeac.fr\/college-lycee\/les-6eme-et-5eme-de-laumonerie-en-sortie-a-villefranche-de-rouergue\/#breadcrumb\",\"itemListElement\":[{\"@type\":\"ListItem\",\"position\":1,\"name\":\"Accueil\",\"item\":\"https:\/\/www.jeannedarc-figeac.fr\/college-lycee\/\"},{\"@type\":\"ListItem\",\"position\":2,\"name\":\"Actus\",\"item\":\"http:\/\/www.jeannedarc-figeac.fr\/college-lycee\/cat\/actus\/\"},{\"@type\":\"ListItem\",\"position\":3,\"name\":\"Les 6\u00e8me et 5\u00e8me de l\u2019aum\u00f4nerie en sortie \u00e0 Villefranche de Rouergue\"}]},{\"@type\":\"WebSite\",\"@id\":\"https:\/\/www.jeannedarc-figeac.fr\/college-lycee\/#website\",\"url\":\"https:\/\/www.jeannedarc-figeac.fr\/college-lycee\/\",\"name\":\"Coll\u00e8ge et Lyc\u00e9e Jeanne d&#039;Arc\",\"description\":\"Jeanne d&#039;Arc Figeac\",\"potentialAction\":[{\"@type\":\"SearchAction\",\"target\":{\"@type\":\"EntryPoint\",\"urlTemplate\":\"https:\/\/www.jeannedarc-figeac.fr\/college-lycee\/?s={search_term_string}\"},\"query-input\":{\"@type\":\"PropertyValueSpecification\",\"valueRequired\":true,\"valueName\":\"search_term_string\"}}],\"inLanguage\":\"fr-FR\"},{\"@type\":\"Person\",\"@id\":\"https:\/\/www.jeannedarc-figeac.fr\/college-lycee\/#\/schema\/person\/29e5764f28e895dc8bf41d4468f99154\",\"name\":\"le secr\u00e9tariat\",\"image\":{\"@type\":\"ImageObject\",\"inLanguage\":\"fr-FR\",\"@id\":\"https:\/\/www.jeannedarc-figeac.fr\/college-lycee\/#\/schema\/person\/image\/\",\"url\":\"https:\/\/www.jeannedarc-figeac.fr\/college-lycee\/wp-content\/litespeed\/avatar\/5\/b7e8da60f53ba4adc9e9e66d91d84580.jpg?ver=1777548714\",\"contentUrl\":\"https:\/\/www.jeannedarc-figeac.fr\/college-lycee\/wp-content\/litespeed\/avatar\/5\/b7e8da60f53ba4adc9e9e66d91d84580.jpg?ver=1777548714\",\"caption\":\"le secr\u00e9tariat\"},\"url\":\"https:\/\/www.jeannedarc-figeac.fr\/college-lycee\/author\/arlette\/\"}]}<\/script>\n<!-- \/ Yoast SEO plugin. -->","yoast_head_json":{"title":"Les 6\u00e8me et 5\u00e8me de l\u2019aum\u00f4nerie en sortie \u00e0 Villefranche de Rouergue","description":"C\u2019est une trentaine d\u2019\u00e9l\u00e8ves qui sont partis \u00e0 Villefranche sur les traces de Sainte Emilie de Rodat. Apr\u00e8s avoir pique-niqu\u00e9 dans les jardins de la","robots":{"index":"index","follow":"follow","max-snippet":"max-snippet:-1","max-image-preview":"max-image-preview:large","max-video-preview":"max-video-preview:-1"},"canonical":"http:\/\/www.jeannedarc-figeac.fr\/college-lycee\/les-6eme-et-5eme-de-laumonerie-en-sortie-a-villefranche-de-rouergue\/","og_locale":"fr_FR","og_type":"article","og_title":"Les 6\u00e8me et 5\u00e8me de l\u2019aum\u00f4nerie en sortie \u00e0 Villefranche de Rouergue","og_description":"C\u2019est une trentaine d\u2019\u00e9l\u00e8ves qui sont partis \u00e0 Villefranche sur les traces de Sainte Emilie de Rodat. Apr\u00e8s avoir pique-niqu\u00e9 dans les jardins de la","og_url":"http:\/\/www.jeannedarc-figeac.fr\/college-lycee\/les-6eme-et-5eme-de-laumonerie-en-sortie-a-villefranche-de-rouergue\/","og_site_name":"Coll\u00e8ge et Lyc\u00e9e Jeanne d&#039;Arc","article_published_time":"2015-07-02T09:00:57+00:00","og_image":[{"url":"http:\/\/www.jeannedarc-figeac.fr\/college-lycee\/wp-content\/uploads\/sites\/5\/2015\/07\/villef-site-300x225.jpg","type":"","width":"","height":""}],"author":"le secr\u00e9tariat","schema":{"@context":"https:\/\/schema.org","@graph":[{"@type":"WebPage","@id":"http:\/\/www.jeannedarc-figeac.fr\/college-lycee\/les-6eme-et-5eme-de-laumonerie-en-sortie-a-villefranche-de-rouergue\/","url":"http:\/\/www.jeannedarc-figeac.fr\/college-lycee\/les-6eme-et-5eme-de-laumonerie-en-sortie-a-villefranche-de-rouergue\/","name":"Les 6\u00e8me et 5\u00e8me de l\u2019aum\u00f4nerie en sortie \u00e0 Villefranche de Rouergue","isPartOf":{"@id":"https:\/\/www.jeannedarc-figeac.fr\/college-lycee\/#website"},"primaryImageOfPage":{"@id":"http:\/\/www.jeannedarc-figeac.fr\/college-lycee\/les-6eme-et-5eme-de-laumonerie-en-sortie-a-villefranche-de-rouergue\/#primaryimage"},"image":{"@id":"http:\/\/www.jeannedarc-figeac.fr\/college-lycee\/les-6eme-et-5eme-de-laumonerie-en-sortie-a-villefranche-de-rouergue\/#primaryimage"},"thumbnailUrl":"http:\/\/www.jeannedarc-figeac.fr\/college-lycee\/wp-content\/uploads\/sites\/5\/2015\/07\/villef-site-300x225.jpg","datePublished":"2015-07-02T09:00:57+00:00","author":{"@id":"https:\/\/www.jeannedarc-figeac.fr\/college-lycee\/#\/schema\/person\/29e5764f28e895dc8bf41d4468f99154"},"description":"C\u2019est une trentaine d\u2019\u00e9l\u00e8ves qui sont partis \u00e0 Villefranche sur les traces de Sainte Emilie de Rodat. Apr\u00e8s avoir pique-niqu\u00e9 dans les jardins de la","breadcrumb":{"@id":"http:\/\/www.jeannedarc-figeac.fr\/college-lycee\/les-6eme-et-5eme-de-laumonerie-en-sortie-a-villefranche-de-rouergue\/#breadcrumb"},"inLanguage":"fr-FR","potentialAction":[{"@type":"ReadAction","target":["http:\/\/www.jeannedarc-figeac.fr\/college-lycee\/les-6eme-et-5eme-de-laumonerie-en-sortie-a-villefranche-de-rouergue\/"]}]},{"@type":"ImageObject","inLanguage":"fr-FR","@id":"http:\/\/www.jeannedarc-figeac.fr\/college-lycee\/les-6eme-et-5eme-de-laumonerie-en-sortie-a-villefranche-de-rouergue\/#primaryimage","url":"https:\/\/i0.wp.com\/www.jeannedarc-figeac.fr\/college-lycee\/wp-content\/uploads\/sites\/5\/2015\/07\/villef-site.jpg?fit=1600%2C1200&ssl=1","contentUrl":"https:\/\/i0.wp.com\/www.jeannedarc-figeac.fr\/college-lycee\/wp-content\/uploads\/sites\/5\/2015\/07\/villef-site.jpg?fit=1600%2C1200&ssl=1","width":1600,"height":1200},{"@type":"BreadcrumbList","@id":"http:\/\/www.jeannedarc-figeac.fr\/college-lycee\/les-6eme-et-5eme-de-laumonerie-en-sortie-a-villefranche-de-rouergue\/#breadcrumb","itemListElement":[{"@type":"ListItem","position":1,"name":"Accueil","item":"https:\/\/www.jeannedarc-figeac.fr\/college-lycee\/"},{"@type":"ListItem","position":2,"name":"Actus","item":"http:\/\/www.jeannedarc-figeac.fr\/college-lycee\/cat\/actus\/"},{"@type":"ListItem","position":3,"name":"Les 6\u00e8me et 5\u00e8me de l\u2019aum\u00f4nerie en sortie \u00e0 Villefranche de Rouergue"}]},{"@type":"WebSite","@id":"https:\/\/www.jeannedarc-figeac.fr\/college-lycee\/#website","url":"https:\/\/www.jeannedarc-figeac.fr\/college-lycee\/","name":"Coll\u00e8ge et Lyc\u00e9e Jeanne d&#039;Arc","description":"Jeanne d&#039;Arc Figeac","potentialAction":[{"@type":"SearchAction","target":{"@type":"EntryPoint","urlTemplate":"https:\/\/www.jeannedarc-figeac.fr\/college-lycee\/?s={search_term_string}"},"query-input":{"@type":"PropertyValueSpecification","valueRequired":true,"valueName":"search_term_string"}}],"inLanguage":"fr-FR"},{"@type":"Person","@id":"https:\/\/www.jeannedarc-figeac.fr\/college-lycee\/#\/schema\/person\/29e5764f28e895dc8bf41d4468f99154","name":"le secr\u00e9tariat","image":{"@type":"ImageObject","inLanguage":"fr-FR","@id":"https:\/\/www.jeannedarc-figeac.fr\/college-lycee\/#\/schema\/person\/image\/","url":"https:\/\/www.jeannedarc-figeac.fr\/college-lycee\/wp-content\/litespeed\/avatar\/5\/b7e8da60f53ba4adc9e9e66d91d84580.jpg?ver=1777548714","contentUrl":"https:\/\/www.jeannedarc-figeac.fr\/college-lycee\/wp-content\/litespeed\/avatar\/5\/b7e8da60f53ba4adc9e9e66d91d84580.jpg?ver=1777548714","caption":"le secr\u00e9tariat"},"url":"https:\/\/www.jeannedarc-figeac.fr\/college-lycee\/author\/arlette\/"}]}},"jetpack_featured_media_url":"","jetpack_sharing_enabled":true,"jetpack_shortlink":"https:\/\/wp.me\/p5Qyb6-r6","_links":{"self":[{"href":"https:\/\/www.jeannedarc-figeac.fr\/college-lycee\/wp-json\/wp\/v2\/posts\/1680","targetHints":{"allow":["GET"]}}],"collection":[{"href":"https:\/\/www.jeannedarc-figeac.fr\/college-lycee\/wp-json\/wp\/v2\/posts"}],"about":[{"href":"https:\/\/www.jeannedarc-figeac.fr\/college-lycee\/wp-json\/wp\/v2\/types\/post"}],"author":[{"embeddable":true,"href":"https:\/\/www.jeannedarc-figeac.fr\/college-lycee\/wp-json\/wp\/v2\/users\/12"}],"replies":[{"embeddable":true,"href":"https:\/\/www.jeannedarc-figeac.fr\/college-lycee\/wp-json\/wp\/v2\/comments?post=1680"}],"version-history":[{"count":1,"href":"https:\/\/www.jeannedarc-figeac.fr\/college-lycee\/wp-json\/wp\/v2\/posts\/1680\/revisions"}],"predecessor-version":[{"id":1682,"href":"https:\/\/www.jeannedarc-figeac.fr\/college-lycee\/wp-json\/wp\/v2\/posts\/1680\/revisions\/1682"}],"wp:attachment":[{"href":"https:\/\/www.jeannedarc-figeac.fr\/college-lycee\/wp-json\/wp\/v2\/media?parent=1680"}],"wp:term":[{"taxonomy":"category","embeddable":true,"href":"https:\/\/www.jeannedarc-figeac.fr\/college-lycee\/wp-json\/wp\/v2\/categories?post=1680"},{"taxonomy":"post_tag","embeddable":true,"href":"https:\/\/www.jeannedarc-figeac.fr\/college-lycee\/wp-json\/wp\/v2\/tags?post=1680"}],"curies":[{"name":"wp","href":"https:\/\/api.w.org\/{rel}","templated":true}]}}