{"id":1678,"date":"2015-07-02T08:52:37","date_gmt":"2015-07-02T08:52:37","guid":{"rendered":"http:\/\/www.jeannedarc-figeac.fr\/college-lycee\/?p=1678"},"modified":"2015-07-02T08:52:37","modified_gmt":"2015-07-02T08:52:37","slug":"belle-journee-a-lecomusee-de-cuzals-pour-les-6eme","status":"publish","type":"post","link":"https:\/\/www.jeannedarc-figeac.fr\/college-lycee\/belle-journee-a-lecomusee-de-cuzals-pour-les-6eme\/","title":{"rendered":"Belle journ\u00e9e \u00e0 l\u2019Ecomus\u00e9e de Cuzals pour les 6eme"},"content":{"rendered":"<p>Les \u00e9l\u00e8ves de 6e se sont rendus \u00e0 Cuzals (Sauliac-sur-C\u00e9l\u00e9) pour leur sortie de fin d\u2019ann\u00e9e.<br \/>\nDivis\u00e9s en trois groupes, ils ont pu d\u00e9couvrir l\u2019ensemble du site au travers d\u2019activit\u00e9s diff\u00e9rentes : fabrication de pain pour les uns, visite guid\u00e9e de la ferme des ann\u00e9es 20 pour les autres, d\u00e9monstrations d\u2019artisans (sabotier, meunier\u2026.), d\u00e9couverte des abeilles, expositions diverses (poteries, vaisselle\u2026).<br \/>\nA l\u2019occasion de notre venue, une \u00e9quipe du d\u00e9partement du Lot a film\u00e9 les \u00e9l\u00e8ves (pour lesquels les parents avaient donn\u00e9 leur accord) \u00e0 diff\u00e9rents moments afin de valoriser le c\u00f4t\u00e9 p\u00e9dagogique de l\u2019Ecomus\u00e9e. Les images seront visibles d\u2019ici une dizaine de jours sur le site du d\u00e9partement.<br \/>\nTout ceci s\u2019est d\u00e9roul\u00e9 sous une chaleur estivale ! Heureusement, des brumisateurs install\u00e9s non loin de l\u2019aire de pique-nique ont permis \u00e0 tous ceux qui le souhaitaient de se rafra\u00eechir !<br \/>\nNous sommes rentr\u00e9s avec deux sabots (qui seront conserv\u00e9s au coll\u00e8ge) et 35 \u00ab tourtes \u00bb de bon pain (farine de ch\u00e2taigne, de seigle et de bl\u00e9) encore ti\u00e8de que nous avons partag\u00e9es afin que chaque participant ram\u00e8ne chez lui un souvenir de cette journ\u00e9e.<\/p>\n<p>&nbsp;<\/p>\n","protected":false},"excerpt":{"rendered":"<p>Les \u00e9l\u00e8ves de 6e se sont rendus \u00e0 Cuzals (Sauliac-sur-C\u00e9l\u00e9) pour leur sortie de fin d\u2019ann\u00e9e. Divis\u00e9s en trois groupes, ils ont pu d\u00e9couvrir l\u2019ensemble du site au travers d\u2019activit\u00e9s diff\u00e9rentes : fabrication de pain pour les uns, visite guid\u00e9e de la ferme des ann\u00e9es 20 pour les autres, d\u00e9monstrations d\u2019artisans (sabotier, meunier\u2026.), d\u00e9couverte des [&hellip;]<\/p>\n","protected":false},"author":12,"featured_media":0,"comment_status":"closed","ping_status":"open","sticky":false,"template":"","format":"standard","meta":{"_et_pb_use_builder":"","_et_pb_old_content":"","_et_gb_content_width":"","_jetpack_newsletter_access":"","_jetpack_dont_email_post_to_subs":false,"_jetpack_newsletter_tier_id":0,"_jetpack_memberships_contains_paywalled_content":false,"iawp_total_views":0,"_jetpack_memberships_contains_paid_content":false,"footnotes":""},"categories":[28],"tags":[],"class_list":["post-1678","post","type-post","status-publish","format-standard","hentry","category-actus"],"yoast_head":"<!-- This site is optimized with the Yoast SEO plugin v26.0 - https:\/\/yoast.com\/wordpress\/plugins\/seo\/ -->\n<title>Belle journ\u00e9e \u00e0 l\u2019Ecomus\u00e9e de Cuzals pour les 6eme<\/title>\n<meta name=\"description\" content=\"Les \u00e9l\u00e8ves de 6e se sont rendus \u00e0 Cuzals (Sauliac-sur-C\u00e9l\u00e9) pour leur sortie de fin d\u2019ann\u00e9e. Divis\u00e9s en trois groupes, ils ont pu d\u00e9couvrir l\u2019ensemble du\" \/>\n<meta name=\"robots\" content=\"index, follow, max-snippet:-1, max-image-preview:large, max-video-preview:-1\" \/>\n<link rel=\"canonical\" href=\"http:\/\/www.jeannedarc-figeac.fr\/college-lycee\/belle-journee-a-lecomusee-de-cuzals-pour-les-6eme\/\" \/>\n<meta property=\"og:locale\" content=\"fr_FR\" \/>\n<meta property=\"og:type\" content=\"article\" \/>\n<meta property=\"og:title\" content=\"Belle journ\u00e9e \u00e0 l\u2019Ecomus\u00e9e de Cuzals pour les 6eme\" \/>\n<meta property=\"og:description\" content=\"Les \u00e9l\u00e8ves de 6e se sont rendus \u00e0 Cuzals (Sauliac-sur-C\u00e9l\u00e9) pour leur sortie de fin d\u2019ann\u00e9e. Divis\u00e9s en trois groupes, ils ont pu d\u00e9couvrir l\u2019ensemble du\" \/>\n<meta property=\"og:url\" content=\"http:\/\/www.jeannedarc-figeac.fr\/college-lycee\/belle-journee-a-lecomusee-de-cuzals-pour-les-6eme\/\" \/>\n<meta property=\"og:site_name\" content=\"Coll\u00e8ge et Lyc\u00e9e Jeanne d&#039;Arc\" \/>\n<meta property=\"article:published_time\" content=\"2015-07-02T08:52:37+00:00\" \/>\n<meta name=\"author\" content=\"le secr\u00e9tariat\" \/>\n<script type=\"application\/ld+json\" class=\"yoast-schema-graph\">{\"@context\":\"https:\/\/schema.org\",\"@graph\":[{\"@type\":\"WebPage\",\"@id\":\"http:\/\/www.jeannedarc-figeac.fr\/college-lycee\/belle-journee-a-lecomusee-de-cuzals-pour-les-6eme\/\",\"url\":\"http:\/\/www.jeannedarc-figeac.fr\/college-lycee\/belle-journee-a-lecomusee-de-cuzals-pour-les-6eme\/\",\"name\":\"Belle journ\u00e9e \u00e0 l\u2019Ecomus\u00e9e de Cuzals pour les 6eme\",\"isPartOf\":{\"@id\":\"https:\/\/www.jeannedarc-figeac.fr\/college-lycee\/#website\"},\"datePublished\":\"2015-07-02T08:52:37+00:00\",\"author\":{\"@id\":\"https:\/\/www.jeannedarc-figeac.fr\/college-lycee\/#\/schema\/person\/29e5764f28e895dc8bf41d4468f99154\"},\"description\":\"Les \u00e9l\u00e8ves de 6e se sont rendus \u00e0 Cuzals (Sauliac-sur-C\u00e9l\u00e9) pour leur sortie de fin d\u2019ann\u00e9e. Divis\u00e9s en trois groupes, ils ont pu d\u00e9couvrir l\u2019ensemble du\",\"breadcrumb\":{\"@id\":\"http:\/\/www.jeannedarc-figeac.fr\/college-lycee\/belle-journee-a-lecomusee-de-cuzals-pour-les-6eme\/#breadcrumb\"},\"inLanguage\":\"fr-FR\",\"potentialAction\":[{\"@type\":\"ReadAction\",\"target\":[\"http:\/\/www.jeannedarc-figeac.fr\/college-lycee\/belle-journee-a-lecomusee-de-cuzals-pour-les-6eme\/\"]}]},{\"@type\":\"BreadcrumbList\",\"@id\":\"http:\/\/www.jeannedarc-figeac.fr\/college-lycee\/belle-journee-a-lecomusee-de-cuzals-pour-les-6eme\/#breadcrumb\",\"itemListElement\":[{\"@type\":\"ListItem\",\"position\":1,\"name\":\"Accueil\",\"item\":\"https:\/\/www.jeannedarc-figeac.fr\/college-lycee\/\"},{\"@type\":\"ListItem\",\"position\":2,\"name\":\"Actus\",\"item\":\"http:\/\/www.jeannedarc-figeac.fr\/college-lycee\/cat\/actus\/\"},{\"@type\":\"ListItem\",\"position\":3,\"name\":\"Belle journ\u00e9e \u00e0 l\u2019Ecomus\u00e9e de Cuzals pour les 6eme\"}]},{\"@type\":\"WebSite\",\"@id\":\"https:\/\/www.jeannedarc-figeac.fr\/college-lycee\/#website\",\"url\":\"https:\/\/www.jeannedarc-figeac.fr\/college-lycee\/\",\"name\":\"Coll\u00e8ge et Lyc\u00e9e Jeanne d&#039;Arc\",\"description\":\"Jeanne d&#039;Arc Figeac\",\"potentialAction\":[{\"@type\":\"SearchAction\",\"target\":{\"@type\":\"EntryPoint\",\"urlTemplate\":\"https:\/\/www.jeannedarc-figeac.fr\/college-lycee\/?s={search_term_string}\"},\"query-input\":{\"@type\":\"PropertyValueSpecification\",\"valueRequired\":true,\"valueName\":\"search_term_string\"}}],\"inLanguage\":\"fr-FR\"},{\"@type\":\"Person\",\"@id\":\"https:\/\/www.jeannedarc-figeac.fr\/college-lycee\/#\/schema\/person\/29e5764f28e895dc8bf41d4468f99154\",\"name\":\"le secr\u00e9tariat\",\"image\":{\"@type\":\"ImageObject\",\"inLanguage\":\"fr-FR\",\"@id\":\"https:\/\/www.jeannedarc-figeac.fr\/college-lycee\/#\/schema\/person\/image\/\",\"url\":\"https:\/\/www.jeannedarc-figeac.fr\/college-lycee\/wp-content\/litespeed\/avatar\/5\/b7e8da60f53ba4adc9e9e66d91d84580.jpg?ver=1777548714\",\"contentUrl\":\"https:\/\/www.jeannedarc-figeac.fr\/college-lycee\/wp-content\/litespeed\/avatar\/5\/b7e8da60f53ba4adc9e9e66d91d84580.jpg?ver=1777548714\",\"caption\":\"le secr\u00e9tariat\"},\"url\":\"https:\/\/www.jeannedarc-figeac.fr\/college-lycee\/author\/arlette\/\"}]}<\/script>\n<!-- \/ Yoast SEO plugin. -->","yoast_head_json":{"title":"Belle journ\u00e9e \u00e0 l\u2019Ecomus\u00e9e de Cuzals pour les 6eme","description":"Les \u00e9l\u00e8ves de 6e se sont rendus \u00e0 Cuzals (Sauliac-sur-C\u00e9l\u00e9) pour leur sortie de fin d\u2019ann\u00e9e. Divis\u00e9s en trois groupes, ils ont pu d\u00e9couvrir l\u2019ensemble du","robots":{"index":"index","follow":"follow","max-snippet":"max-snippet:-1","max-image-preview":"max-image-preview:large","max-video-preview":"max-video-preview:-1"},"canonical":"http:\/\/www.jeannedarc-figeac.fr\/college-lycee\/belle-journee-a-lecomusee-de-cuzals-pour-les-6eme\/","og_locale":"fr_FR","og_type":"article","og_title":"Belle journ\u00e9e \u00e0 l\u2019Ecomus\u00e9e de Cuzals pour les 6eme","og_description":"Les \u00e9l\u00e8ves de 6e se sont rendus \u00e0 Cuzals (Sauliac-sur-C\u00e9l\u00e9) pour leur sortie de fin d\u2019ann\u00e9e. Divis\u00e9s en trois groupes, ils ont pu d\u00e9couvrir l\u2019ensemble du","og_url":"http:\/\/www.jeannedarc-figeac.fr\/college-lycee\/belle-journee-a-lecomusee-de-cuzals-pour-les-6eme\/","og_site_name":"Coll\u00e8ge et Lyc\u00e9e Jeanne d&#039;Arc","article_published_time":"2015-07-02T08:52:37+00:00","author":"le secr\u00e9tariat","schema":{"@context":"https:\/\/schema.org","@graph":[{"@type":"WebPage","@id":"http:\/\/www.jeannedarc-figeac.fr\/college-lycee\/belle-journee-a-lecomusee-de-cuzals-pour-les-6eme\/","url":"http:\/\/www.jeannedarc-figeac.fr\/college-lycee\/belle-journee-a-lecomusee-de-cuzals-pour-les-6eme\/","name":"Belle journ\u00e9e \u00e0 l\u2019Ecomus\u00e9e de Cuzals pour les 6eme","isPartOf":{"@id":"https:\/\/www.jeannedarc-figeac.fr\/college-lycee\/#website"},"datePublished":"2015-07-02T08:52:37+00:00","author":{"@id":"https:\/\/www.jeannedarc-figeac.fr\/college-lycee\/#\/schema\/person\/29e5764f28e895dc8bf41d4468f99154"},"description":"Les \u00e9l\u00e8ves de 6e se sont rendus \u00e0 Cuzals (Sauliac-sur-C\u00e9l\u00e9) pour leur sortie de fin d\u2019ann\u00e9e. Divis\u00e9s en trois groupes, ils ont pu d\u00e9couvrir l\u2019ensemble du","breadcrumb":{"@id":"http:\/\/www.jeannedarc-figeac.fr\/college-lycee\/belle-journee-a-lecomusee-de-cuzals-pour-les-6eme\/#breadcrumb"},"inLanguage":"fr-FR","potentialAction":[{"@type":"ReadAction","target":["http:\/\/www.jeannedarc-figeac.fr\/college-lycee\/belle-journee-a-lecomusee-de-cuzals-pour-les-6eme\/"]}]},{"@type":"BreadcrumbList","@id":"http:\/\/www.jeannedarc-figeac.fr\/college-lycee\/belle-journee-a-lecomusee-de-cuzals-pour-les-6eme\/#breadcrumb","itemListElement":[{"@type":"ListItem","position":1,"name":"Accueil","item":"https:\/\/www.jeannedarc-figeac.fr\/college-lycee\/"},{"@type":"ListItem","position":2,"name":"Actus","item":"http:\/\/www.jeannedarc-figeac.fr\/college-lycee\/cat\/actus\/"},{"@type":"ListItem","position":3,"name":"Belle journ\u00e9e \u00e0 l\u2019Ecomus\u00e9e de Cuzals pour les 6eme"}]},{"@type":"WebSite","@id":"https:\/\/www.jeannedarc-figeac.fr\/college-lycee\/#website","url":"https:\/\/www.jeannedarc-figeac.fr\/college-lycee\/","name":"Coll\u00e8ge et Lyc\u00e9e Jeanne d&#039;Arc","description":"Jeanne d&#039;Arc Figeac","potentialAction":[{"@type":"SearchAction","target":{"@type":"EntryPoint","urlTemplate":"https:\/\/www.jeannedarc-figeac.fr\/college-lycee\/?s={search_term_string}"},"query-input":{"@type":"PropertyValueSpecification","valueRequired":true,"valueName":"search_term_string"}}],"inLanguage":"fr-FR"},{"@type":"Person","@id":"https:\/\/www.jeannedarc-figeac.fr\/college-lycee\/#\/schema\/person\/29e5764f28e895dc8bf41d4468f99154","name":"le secr\u00e9tariat","image":{"@type":"ImageObject","inLanguage":"fr-FR","@id":"https:\/\/www.jeannedarc-figeac.fr\/college-lycee\/#\/schema\/person\/image\/","url":"https:\/\/www.jeannedarc-figeac.fr\/college-lycee\/wp-content\/litespeed\/avatar\/5\/b7e8da60f53ba4adc9e9e66d91d84580.jpg?ver=1777548714","contentUrl":"https:\/\/www.jeannedarc-figeac.fr\/college-lycee\/wp-content\/litespeed\/avatar\/5\/b7e8da60f53ba4adc9e9e66d91d84580.jpg?ver=1777548714","caption":"le secr\u00e9tariat"},"url":"https:\/\/www.jeannedarc-figeac.fr\/college-lycee\/author\/arlette\/"}]}},"jetpack_featured_media_url":"","jetpack_sharing_enabled":true,"jetpack_shortlink":"https:\/\/wp.me\/p5Qyb6-r4","_links":{"self":[{"href":"https:\/\/www.jeannedarc-figeac.fr\/college-lycee\/wp-json\/wp\/v2\/posts\/1678","targetHints":{"allow":["GET"]}}],"collection":[{"href":"https:\/\/www.jeannedarc-figeac.fr\/college-lycee\/wp-json\/wp\/v2\/posts"}],"about":[{"href":"https:\/\/www.jeannedarc-figeac.fr\/college-lycee\/wp-json\/wp\/v2\/types\/post"}],"author":[{"embeddable":true,"href":"https:\/\/www.jeannedarc-figeac.fr\/college-lycee\/wp-json\/wp\/v2\/users\/12"}],"replies":[{"embeddable":true,"href":"https:\/\/www.jeannedarc-figeac.fr\/college-lycee\/wp-json\/wp\/v2\/comments?post=1678"}],"version-history":[{"count":1,"href":"https:\/\/www.jeannedarc-figeac.fr\/college-lycee\/wp-json\/wp\/v2\/posts\/1678\/revisions"}],"predecessor-version":[{"id":1679,"href":"https:\/\/www.jeannedarc-figeac.fr\/college-lycee\/wp-json\/wp\/v2\/posts\/1678\/revisions\/1679"}],"wp:attachment":[{"href":"https:\/\/www.jeannedarc-figeac.fr\/college-lycee\/wp-json\/wp\/v2\/media?parent=1678"}],"wp:term":[{"taxonomy":"category","embeddable":true,"href":"https:\/\/www.jeannedarc-figeac.fr\/college-lycee\/wp-json\/wp\/v2\/categories?post=1678"},{"taxonomy":"post_tag","embeddable":true,"href":"https:\/\/www.jeannedarc-figeac.fr\/college-lycee\/wp-json\/wp\/v2\/tags?post=1678"}],"curies":[{"name":"wp","href":"https:\/\/api.w.org\/{rel}","templated":true}]}}