{"id":1589,"date":"2015-06-10T12:40:22","date_gmt":"2015-06-10T12:40:22","guid":{"rendered":"http:\/\/www.jeannedarc-figeac.fr\/college-lycee\/?p=1589"},"modified":"2015-06-10T12:40:39","modified_gmt":"2015-06-10T12:40:39","slug":"un-memorial-de-la-premiere-guerre-mondiale-a-figeac","status":"publish","type":"post","link":"https:\/\/www.jeannedarc-figeac.fr\/college-lycee\/un-memorial-de-la-premiere-guerre-mondiale-a-figeac\/","title":{"rendered":"Un Memorial de la Premi\u00e8re Guerre Mondiale \u00e0 Figeac ?"},"content":{"rendered":"<p>En cette p\u00e9riode de centenaire de la Premi\u00e8re Guerre Mondiale, nombreuses sont les comm\u00e9morations, et rares sont celles qui durent. C&rsquo;est pourquoi, dans le cadre de l&rsquo;enseignement d&rsquo;exploration \u00a0\u00bbLitt\u00e9rature et Soci\u00e9t\u00e9\u00a0\u00bb, <strong>5 \u00e9l\u00e8ves<\/strong> du lyc\u00e9e Jeanne d&rsquo;Arc de Figeac, de 15 \u00e0 16 ans, <span style=\"text-decoration: underline\">initient le projet de mettre en place un lieu de comm\u00e9moration permanent dans notre ville <\/span>(\u00ab\u00a0Figeac, une ville de l&rsquo;Arri\u00e8re dans la Premi\u00e8re Guerre Mondiale\u00a0\u00bb), en compl\u00e9ment de l&rsquo;Annexe du Mus\u00e9e de la R\u00e9sistance et de la D\u00e9portation qui d\u00e9crit Figeac et ses traumatismes lors de la Seconde Guerre mondiale, rue Emile Zola \u00e0 Figeac.<\/p>\n<div id=\"attachment_1590\" style=\"width: 310px\" class=\"wp-caption aligncenter\"><a href=\"https:\/\/i0.wp.com\/www.jeannedarc-figeac.fr\/college-lycee\/wp-content\/uploads\/sites\/5\/2015\/06\/Travail-annuel-Litt%C3%A9-Soc-2015.jpg\"><img data-recalc-dims=\"1\" loading=\"lazy\" decoding=\"async\" aria-describedby=\"caption-attachment-1590\" class=\"size-medium wp-image-1590\" src=\"https:\/\/i0.wp.com\/www.jeannedarc-figeac.fr\/college-lycee\/wp-content\/uploads\/sites\/5\/2015\/06\/Travail-annuel-Litt%C3%A9-Soc-2015.jpg?resize=300%2C225\" alt=\"Un Memorial de la 1\u00e8re Guerre mondiale \u00e0 Figeac ?\" width=\"300\" height=\"225\" srcset=\"https:\/\/i0.wp.com\/www.jeannedarc-figeac.fr\/college-lycee\/wp-content\/uploads\/sites\/5\/2015\/06\/Travail-annuel-Litt%C3%A9-Soc-2015.jpg?resize=300%2C225&amp;ssl=1 300w, https:\/\/i0.wp.com\/www.jeannedarc-figeac.fr\/college-lycee\/wp-content\/uploads\/sites\/5\/2015\/06\/Travail-annuel-Litt%C3%A9-Soc-2015.jpg?resize=1024%2C768&amp;ssl=1 1024w, https:\/\/i0.wp.com\/www.jeannedarc-figeac.fr\/college-lycee\/wp-content\/uploads\/sites\/5\/2015\/06\/Travail-annuel-Litt%C3%A9-Soc-2015.jpg?resize=1080%2C810&amp;ssl=1 1080w, https:\/\/i0.wp.com\/www.jeannedarc-figeac.fr\/college-lycee\/wp-content\/uploads\/sites\/5\/2015\/06\/Travail-annuel-Litt%C3%A9-Soc-2015.jpg?w=1600&amp;ssl=1 1600w\" sizes=\"(max-width: 300px) 100vw, 300px\" \/><\/a><p id=\"caption-attachment-1590\" class=\"wp-caption-text\">Un Memorial de la 1\u00e8re Guerre mondiale \u00e0 Figeac ?<\/p><\/div>\n<p>Visites d&rsquo;expositions, analyse d&rsquo;affiches, recherches personnelles (expos\u00e9s, r\u00e9dactions, oraux&#8230;.) et interviews ont rythm\u00e9 l&rsquo;ann\u00e9e scolaire et d\u00e9sormais, ces \u00e9l\u00e8ves \u0153uvrent concr\u00e8tement \u00e0 l&rsquo;ouverture de ce Memorial.<\/p>\n<p>Ils l&rsquo;imaginent comme un lieu d&rsquo;\u00e9changes et de m\u00e9moire: nos doyens pourraient ainsi t\u00e9moigner de leur histoire familiale aupr\u00e8s de g\u00e9n\u00e9rations plus jeunes. Des associations comme l&rsquo;A.S.F.E. (Association du Souvenir de Figeac et ses Environs) et le C.M.J. (Conseil Municipal des Jeunes), ont \u00e9t\u00e9 sollicit\u00e9 pour relayer ce projet.<\/p>\n<p>D\u00e9marche assez rare dans l&rsquo;arri\u00e8re-pays rural moins meurtri, un tel Memorial permettrait aux Figeacois de d\u00e9voiler un pan de l&rsquo;histoire locale d&rsquo;une guerre qui emporta dans sa tourmente toute l&rsquo;Europe. C&rsquo;est une fa\u00e7on de rendre hommage aux Poilus figeacois morts au Front et \u00e0 ceux qui ont souffert; c&rsquo;est une fa\u00e7on de prouver que les jeunes se souviennent.<\/p>\n<p>Adrien C., Bram V., Laura D., Marie F.,Thomas V. &amp; leurs professeurs Brigitte F. et G\u00e9raldine F..<\/p>\n","protected":false},"excerpt":{"rendered":"<p>En cette p\u00e9riode de centenaire de la Premi\u00e8re Guerre Mondiale, nombreuses sont les comm\u00e9morations, et rares sont celles qui durent. C&rsquo;est pourquoi, dans le cadre de l&rsquo;enseignement d&rsquo;exploration \u00a0\u00bbLitt\u00e9rature et Soci\u00e9t\u00e9\u00a0\u00bb, 5 \u00e9l\u00e8ves du lyc\u00e9e Jeanne d&rsquo;Arc de Figeac, de 15 \u00e0 16 ans, initient le projet de mettre en place un lieu de comm\u00e9moration [&hellip;]<\/p>\n","protected":false},"author":10,"featured_media":0,"comment_status":"closed","ping_status":"open","sticky":false,"template":"","format":"standard","meta":{"_et_pb_use_builder":"","_et_pb_old_content":"","_et_gb_content_width":"","_jetpack_newsletter_access":"","_jetpack_dont_email_post_to_subs":false,"_jetpack_newsletter_tier_id":0,"_jetpack_memberships_contains_paywalled_content":false,"iawp_total_views":0,"_jetpack_memberships_contains_paid_content":false,"footnotes":""},"categories":[28],"tags":[],"class_list":["post-1589","post","type-post","status-publish","format-standard","hentry","category-actus"],"yoast_head":"<!-- This site is optimized with the Yoast SEO plugin v26.0 - https:\/\/yoast.com\/wordpress\/plugins\/seo\/ -->\n<title>Un Memorial de la Premi\u00e8re Guerre Mondiale \u00e0 Figeac ?<\/title>\n<meta name=\"description\" content=\"En cette p\u00e9riode de centenaire de la Premi\u00e8re Guerre Mondiale, nombreuses sont les comm\u00e9morations, et rares sont celles qui durent. C&#039;est pourquoi, dans\" \/>\n<meta name=\"robots\" content=\"index, follow, max-snippet:-1, max-image-preview:large, max-video-preview:-1\" \/>\n<link rel=\"canonical\" href=\"http:\/\/www.jeannedarc-figeac.fr\/college-lycee\/un-memorial-de-la-premiere-guerre-mondiale-a-figeac\/\" \/>\n<meta property=\"og:locale\" content=\"fr_FR\" \/>\n<meta property=\"og:type\" content=\"article\" \/>\n<meta property=\"og:title\" content=\"Un Memorial de la Premi\u00e8re Guerre Mondiale \u00e0 Figeac ?\" \/>\n<meta property=\"og:description\" content=\"En cette p\u00e9riode de centenaire de la Premi\u00e8re Guerre Mondiale, nombreuses sont les comm\u00e9morations, et rares sont celles qui durent. C&#039;est pourquoi, dans\" \/>\n<meta property=\"og:url\" content=\"http:\/\/www.jeannedarc-figeac.fr\/college-lycee\/un-memorial-de-la-premiere-guerre-mondiale-a-figeac\/\" \/>\n<meta property=\"og:site_name\" content=\"Coll\u00e8ge et Lyc\u00e9e Jeanne d&#039;Arc\" \/>\n<meta property=\"article:published_time\" content=\"2015-06-10T12:40:22+00:00\" \/>\n<meta property=\"article:modified_time\" content=\"2015-06-10T12:40:39+00:00\" \/>\n<meta name=\"author\" content=\"lbodi\" \/>\n<script type=\"application\/ld+json\" class=\"yoast-schema-graph\">{\"@context\":\"https:\/\/schema.org\",\"@graph\":[{\"@type\":\"WebPage\",\"@id\":\"http:\/\/www.jeannedarc-figeac.fr\/college-lycee\/un-memorial-de-la-premiere-guerre-mondiale-a-figeac\/\",\"url\":\"http:\/\/www.jeannedarc-figeac.fr\/college-lycee\/un-memorial-de-la-premiere-guerre-mondiale-a-figeac\/\",\"name\":\"Un Memorial de la Premi\u00e8re Guerre Mondiale \u00e0 Figeac ?\",\"isPartOf\":{\"@id\":\"https:\/\/www.jeannedarc-figeac.fr\/college-lycee\/#website\"},\"datePublished\":\"2015-06-10T12:40:22+00:00\",\"dateModified\":\"2015-06-10T12:40:39+00:00\",\"author\":{\"@id\":\"https:\/\/www.jeannedarc-figeac.fr\/college-lycee\/#\/schema\/person\/73c77ff8c704c2a97b0e1f3f5b764da8\"},\"description\":\"En cette p\u00e9riode de centenaire de la Premi\u00e8re Guerre Mondiale, nombreuses sont les comm\u00e9morations, et rares sont celles qui durent. C'est pourquoi, dans\",\"breadcrumb\":{\"@id\":\"http:\/\/www.jeannedarc-figeac.fr\/college-lycee\/un-memorial-de-la-premiere-guerre-mondiale-a-figeac\/#breadcrumb\"},\"inLanguage\":\"fr-FR\",\"potentialAction\":[{\"@type\":\"ReadAction\",\"target\":[\"http:\/\/www.jeannedarc-figeac.fr\/college-lycee\/un-memorial-de-la-premiere-guerre-mondiale-a-figeac\/\"]}]},{\"@type\":\"BreadcrumbList\",\"@id\":\"http:\/\/www.jeannedarc-figeac.fr\/college-lycee\/un-memorial-de-la-premiere-guerre-mondiale-a-figeac\/#breadcrumb\",\"itemListElement\":[{\"@type\":\"ListItem\",\"position\":1,\"name\":\"Accueil\",\"item\":\"https:\/\/www.jeannedarc-figeac.fr\/college-lycee\/\"},{\"@type\":\"ListItem\",\"position\":2,\"name\":\"Actus\",\"item\":\"http:\/\/www.jeannedarc-figeac.fr\/college-lycee\/cat\/actus\/\"},{\"@type\":\"ListItem\",\"position\":3,\"name\":\"Un Memorial de la Premi\u00e8re Guerre Mondiale \u00e0 Figeac ?\"}]},{\"@type\":\"WebSite\",\"@id\":\"https:\/\/www.jeannedarc-figeac.fr\/college-lycee\/#website\",\"url\":\"https:\/\/www.jeannedarc-figeac.fr\/college-lycee\/\",\"name\":\"Coll\u00e8ge et Lyc\u00e9e Jeanne d&#039;Arc\",\"description\":\"Jeanne d&#039;Arc Figeac\",\"potentialAction\":[{\"@type\":\"SearchAction\",\"target\":{\"@type\":\"EntryPoint\",\"urlTemplate\":\"https:\/\/www.jeannedarc-figeac.fr\/college-lycee\/?s={search_term_string}\"},\"query-input\":{\"@type\":\"PropertyValueSpecification\",\"valueRequired\":true,\"valueName\":\"search_term_string\"}}],\"inLanguage\":\"fr-FR\"},{\"@type\":\"Person\",\"@id\":\"https:\/\/www.jeannedarc-figeac.fr\/college-lycee\/#\/schema\/person\/73c77ff8c704c2a97b0e1f3f5b764da8\",\"name\":\"lbodi\",\"image\":{\"@type\":\"ImageObject\",\"inLanguage\":\"fr-FR\",\"@id\":\"https:\/\/www.jeannedarc-figeac.fr\/college-lycee\/#\/schema\/person\/image\/\",\"url\":\"https:\/\/www.jeannedarc-figeac.fr\/college-lycee\/wp-content\/litespeed\/avatar\/5\/88f2c477d3cd582cfaf81093731fe5fb.jpg?ver=1776943642\",\"contentUrl\":\"https:\/\/www.jeannedarc-figeac.fr\/college-lycee\/wp-content\/litespeed\/avatar\/5\/88f2c477d3cd582cfaf81093731fe5fb.jpg?ver=1776943642\",\"caption\":\"lbodi\"},\"url\":\"https:\/\/www.jeannedarc-figeac.fr\/college-lycee\/author\/lbodi\/\"}]}<\/script>\n<!-- \/ Yoast SEO plugin. -->","yoast_head_json":{"title":"Un Memorial de la Premi\u00e8re Guerre Mondiale \u00e0 Figeac ?","description":"En cette p\u00e9riode de centenaire de la Premi\u00e8re Guerre Mondiale, nombreuses sont les comm\u00e9morations, et rares sont celles qui durent. C'est pourquoi, dans","robots":{"index":"index","follow":"follow","max-snippet":"max-snippet:-1","max-image-preview":"max-image-preview:large","max-video-preview":"max-video-preview:-1"},"canonical":"http:\/\/www.jeannedarc-figeac.fr\/college-lycee\/un-memorial-de-la-premiere-guerre-mondiale-a-figeac\/","og_locale":"fr_FR","og_type":"article","og_title":"Un Memorial de la Premi\u00e8re Guerre Mondiale \u00e0 Figeac ?","og_description":"En cette p\u00e9riode de centenaire de la Premi\u00e8re Guerre Mondiale, nombreuses sont les comm\u00e9morations, et rares sont celles qui durent. C'est pourquoi, dans","og_url":"http:\/\/www.jeannedarc-figeac.fr\/college-lycee\/un-memorial-de-la-premiere-guerre-mondiale-a-figeac\/","og_site_name":"Coll\u00e8ge et Lyc\u00e9e Jeanne d&#039;Arc","article_published_time":"2015-06-10T12:40:22+00:00","article_modified_time":"2015-06-10T12:40:39+00:00","author":"lbodi","schema":{"@context":"https:\/\/schema.org","@graph":[{"@type":"WebPage","@id":"http:\/\/www.jeannedarc-figeac.fr\/college-lycee\/un-memorial-de-la-premiere-guerre-mondiale-a-figeac\/","url":"http:\/\/www.jeannedarc-figeac.fr\/college-lycee\/un-memorial-de-la-premiere-guerre-mondiale-a-figeac\/","name":"Un Memorial de la Premi\u00e8re Guerre Mondiale \u00e0 Figeac ?","isPartOf":{"@id":"https:\/\/www.jeannedarc-figeac.fr\/college-lycee\/#website"},"datePublished":"2015-06-10T12:40:22+00:00","dateModified":"2015-06-10T12:40:39+00:00","author":{"@id":"https:\/\/www.jeannedarc-figeac.fr\/college-lycee\/#\/schema\/person\/73c77ff8c704c2a97b0e1f3f5b764da8"},"description":"En cette p\u00e9riode de centenaire de la Premi\u00e8re Guerre Mondiale, nombreuses sont les comm\u00e9morations, et rares sont celles qui durent. C'est pourquoi, dans","breadcrumb":{"@id":"http:\/\/www.jeannedarc-figeac.fr\/college-lycee\/un-memorial-de-la-premiere-guerre-mondiale-a-figeac\/#breadcrumb"},"inLanguage":"fr-FR","potentialAction":[{"@type":"ReadAction","target":["http:\/\/www.jeannedarc-figeac.fr\/college-lycee\/un-memorial-de-la-premiere-guerre-mondiale-a-figeac\/"]}]},{"@type":"BreadcrumbList","@id":"http:\/\/www.jeannedarc-figeac.fr\/college-lycee\/un-memorial-de-la-premiere-guerre-mondiale-a-figeac\/#breadcrumb","itemListElement":[{"@type":"ListItem","position":1,"name":"Accueil","item":"https:\/\/www.jeannedarc-figeac.fr\/college-lycee\/"},{"@type":"ListItem","position":2,"name":"Actus","item":"http:\/\/www.jeannedarc-figeac.fr\/college-lycee\/cat\/actus\/"},{"@type":"ListItem","position":3,"name":"Un Memorial de la Premi\u00e8re Guerre Mondiale \u00e0 Figeac ?"}]},{"@type":"WebSite","@id":"https:\/\/www.jeannedarc-figeac.fr\/college-lycee\/#website","url":"https:\/\/www.jeannedarc-figeac.fr\/college-lycee\/","name":"Coll\u00e8ge et Lyc\u00e9e Jeanne d&#039;Arc","description":"Jeanne d&#039;Arc Figeac","potentialAction":[{"@type":"SearchAction","target":{"@type":"EntryPoint","urlTemplate":"https:\/\/www.jeannedarc-figeac.fr\/college-lycee\/?s={search_term_string}"},"query-input":{"@type":"PropertyValueSpecification","valueRequired":true,"valueName":"search_term_string"}}],"inLanguage":"fr-FR"},{"@type":"Person","@id":"https:\/\/www.jeannedarc-figeac.fr\/college-lycee\/#\/schema\/person\/73c77ff8c704c2a97b0e1f3f5b764da8","name":"lbodi","image":{"@type":"ImageObject","inLanguage":"fr-FR","@id":"https:\/\/www.jeannedarc-figeac.fr\/college-lycee\/#\/schema\/person\/image\/","url":"https:\/\/www.jeannedarc-figeac.fr\/college-lycee\/wp-content\/litespeed\/avatar\/5\/88f2c477d3cd582cfaf81093731fe5fb.jpg?ver=1776943642","contentUrl":"https:\/\/www.jeannedarc-figeac.fr\/college-lycee\/wp-content\/litespeed\/avatar\/5\/88f2c477d3cd582cfaf81093731fe5fb.jpg?ver=1776943642","caption":"lbodi"},"url":"https:\/\/www.jeannedarc-figeac.fr\/college-lycee\/author\/lbodi\/"}]}},"jetpack_featured_media_url":"","jetpack_sharing_enabled":true,"jetpack_shortlink":"https:\/\/wp.me\/p5Qyb6-pD","_links":{"self":[{"href":"https:\/\/www.jeannedarc-figeac.fr\/college-lycee\/wp-json\/wp\/v2\/posts\/1589","targetHints":{"allow":["GET"]}}],"collection":[{"href":"https:\/\/www.jeannedarc-figeac.fr\/college-lycee\/wp-json\/wp\/v2\/posts"}],"about":[{"href":"https:\/\/www.jeannedarc-figeac.fr\/college-lycee\/wp-json\/wp\/v2\/types\/post"}],"author":[{"embeddable":true,"href":"https:\/\/www.jeannedarc-figeac.fr\/college-lycee\/wp-json\/wp\/v2\/users\/10"}],"replies":[{"embeddable":true,"href":"https:\/\/www.jeannedarc-figeac.fr\/college-lycee\/wp-json\/wp\/v2\/comments?post=1589"}],"version-history":[{"count":2,"href":"https:\/\/www.jeannedarc-figeac.fr\/college-lycee\/wp-json\/wp\/v2\/posts\/1589\/revisions"}],"predecessor-version":[{"id":1592,"href":"https:\/\/www.jeannedarc-figeac.fr\/college-lycee\/wp-json\/wp\/v2\/posts\/1589\/revisions\/1592"}],"wp:attachment":[{"href":"https:\/\/www.jeannedarc-figeac.fr\/college-lycee\/wp-json\/wp\/v2\/media?parent=1589"}],"wp:term":[{"taxonomy":"category","embeddable":true,"href":"https:\/\/www.jeannedarc-figeac.fr\/college-lycee\/wp-json\/wp\/v2\/categories?post=1589"},{"taxonomy":"post_tag","embeddable":true,"href":"https:\/\/www.jeannedarc-figeac.fr\/college-lycee\/wp-json\/wp\/v2\/tags?post=1589"}],"curies":[{"name":"wp","href":"https:\/\/api.w.org\/{rel}","templated":true}]}}