{"id":1578,"date":"2015-06-01T09:47:41","date_gmt":"2015-06-01T09:47:41","guid":{"rendered":"http:\/\/www.jeannedarc-figeac.fr\/college-lycee\/?p=1578"},"modified":"2015-06-03T09:31:39","modified_gmt":"2015-06-03T09:31:39","slug":"remise-des-prix-des-olympiades-de-mathematiques","status":"publish","type":"post","link":"https:\/\/www.jeannedarc-figeac.fr\/college-lycee\/remise-des-prix-des-olympiades-de-mathematiques\/","title":{"rendered":"Remise des prix des Olympiades de math\u00e9matiques"},"content":{"rendered":"<div id=\"attachment_1584\" style=\"width: 310px\" class=\"wp-caption alignnone\"><a href=\"https:\/\/i0.wp.com\/www.jeannedarc-figeac.fr\/college-lycee\/wp-content\/uploads\/sites\/5\/2015\/06\/Remis-Bru-Prix-Maths-modifi%C3%A9.jpg\"><img data-recalc-dims=\"1\" loading=\"lazy\" decoding=\"async\" aria-describedby=\"caption-attachment-1584\" class=\"size-medium wp-image-1584\" src=\"https:\/\/i0.wp.com\/www.jeannedarc-figeac.fr\/college-lycee\/wp-content\/uploads\/sites\/5\/2015\/06\/Remis-Bru-Prix-Maths-modifi%C3%A9.jpg?resize=300%2C225\" alt=\"remise du prix de math\u00e9matiques\" width=\"300\" height=\"225\" srcset=\"https:\/\/i0.wp.com\/www.jeannedarc-figeac.fr\/college-lycee\/wp-content\/uploads\/sites\/5\/2015\/06\/Remis-Bru-Prix-Maths-modifi%C3%A9.jpg?resize=300%2C225&amp;ssl=1 300w, https:\/\/i0.wp.com\/www.jeannedarc-figeac.fr\/college-lycee\/wp-content\/uploads\/sites\/5\/2015\/06\/Remis-Bru-Prix-Maths-modifi%C3%A9.jpg?resize=1024%2C768&amp;ssl=1 1024w, https:\/\/i0.wp.com\/www.jeannedarc-figeac.fr\/college-lycee\/wp-content\/uploads\/sites\/5\/2015\/06\/Remis-Bru-Prix-Maths-modifi%C3%A9.jpg?resize=1080%2C810&amp;ssl=1 1080w, https:\/\/i0.wp.com\/www.jeannedarc-figeac.fr\/college-lycee\/wp-content\/uploads\/sites\/5\/2015\/06\/Remis-Bru-Prix-Maths-modifi%C3%A9.jpg?w=1600&amp;ssl=1 1600w\" sizes=\"(max-width: 300px) 100vw, 300px\" \/><\/a><p id=\"caption-attachment-1584\" class=\"wp-caption-text\">remise du prix au Rectorat<\/p><\/div>\n<p>&nbsp;<\/p>\n<p>Mardi 26 mai, R\u00e9mi BRU \u00e9l\u00e8ve de 1\u00e8re ES s\u2019est rendu au rectorat de Toulouse, pour la c\u00e9r\u00e9monie de remise des prix des quinzi\u00e8mes Olympiades acad\u00e9miques de Math\u00e9matiques. Accompagn\u00e9 par Madame Vidal, chef d&rsquo;\u00e9tablissement et son professeur de math\u00e9matiques M. Andissac, il s\u2019est vu remettre par Madame la Rectrice les lots pour sa 4\u00e8me place dans la s\u00e9rie ES-L. F\u00e9licitations \u00e0 R\u00e9mi pour sa performance.<br \/>\nLe Lyc\u00e9e Jeanne d\u2019Arc a par ailleurs \u00e9t\u00e9 distingu\u00e9 au titre du prix du \u00ab\u00a0challenge Olympiades acad\u00e9miques de Math\u00e9matiques\u00a0\u00bb pour \u00ab\u00a0la fid\u00e9lit\u00e9, la diversit\u00e9, l\u2019ampleur et la valeur de la participation\u00a0\u00bb. Cette distinction r\u00e9compense l\u2019implication des \u00e9l\u00e8ves de premi\u00e8re sur ce concours depuis plusieurs ann\u00e9es. Bravo \u00e0 eux. Les inspecteurs de math\u00e9matiques viendront \u00e0 Jeanne d\u2019Arc mardi 9 juin apr\u00e8s-midi pour remettre une r\u00e9compense \u00e0 l\u2019\u00e9tablissement et rencontrer les \u00e9l\u00e8ves.<\/p>\n","protected":false},"excerpt":{"rendered":"<p>&nbsp; Mardi 26 mai, R\u00e9mi BRU \u00e9l\u00e8ve de 1\u00e8re ES s\u2019est rendu au rectorat de Toulouse, pour la c\u00e9r\u00e9monie de remise des prix des quinzi\u00e8mes Olympiades acad\u00e9miques de Math\u00e9matiques. Accompagn\u00e9 par Madame Vidal, chef d&rsquo;\u00e9tablissement et son professeur de math\u00e9matiques M. Andissac, il s\u2019est vu remettre par Madame la Rectrice les lots pour sa 4\u00e8me [&hellip;]<\/p>\n","protected":false},"author":12,"featured_media":0,"comment_status":"closed","ping_status":"open","sticky":false,"template":"","format":"standard","meta":{"_et_pb_use_builder":"","_et_pb_old_content":"","_et_gb_content_width":"","_jetpack_newsletter_access":"","_jetpack_dont_email_post_to_subs":false,"_jetpack_newsletter_tier_id":0,"_jetpack_memberships_contains_paywalled_content":false,"iawp_total_views":2,"_jetpack_memberships_contains_paid_content":false,"footnotes":""},"categories":[28],"tags":[],"class_list":["post-1578","post","type-post","status-publish","format-standard","hentry","category-actus"],"yoast_head":"<!-- This site is optimized with the Yoast SEO plugin v26.0 - https:\/\/yoast.com\/wordpress\/plugins\/seo\/ -->\n<title>Remise des prix des Olympiades de math\u00e9matiques<\/title>\n<meta name=\"description\" content=\"&nbsp; Mardi 26 mai, R\u00e9mi BRU \u00e9l\u00e8ve de 1\u00e8re ES s\u2019est rendu au rectorat de Toulouse, pour la c\u00e9r\u00e9monie de remise des prix des quinzi\u00e8mes Olympiades\" \/>\n<meta name=\"robots\" content=\"index, follow, max-snippet:-1, max-image-preview:large, max-video-preview:-1\" \/>\n<link rel=\"canonical\" href=\"http:\/\/www.jeannedarc-figeac.fr\/college-lycee\/remise-des-prix-des-olympiades-de-mathematiques\/\" \/>\n<meta property=\"og:locale\" content=\"fr_FR\" \/>\n<meta property=\"og:type\" content=\"article\" \/>\n<meta property=\"og:title\" content=\"Remise des prix des Olympiades de math\u00e9matiques\" \/>\n<meta property=\"og:description\" content=\"&nbsp; Mardi 26 mai, R\u00e9mi BRU \u00e9l\u00e8ve de 1\u00e8re ES s\u2019est rendu au rectorat de Toulouse, pour la c\u00e9r\u00e9monie de remise des prix des quinzi\u00e8mes Olympiades\" \/>\n<meta property=\"og:url\" content=\"http:\/\/www.jeannedarc-figeac.fr\/college-lycee\/remise-des-prix-des-olympiades-de-mathematiques\/\" \/>\n<meta property=\"og:site_name\" content=\"Coll\u00e8ge et Lyc\u00e9e Jeanne d&#039;Arc\" \/>\n<meta property=\"article:published_time\" content=\"2015-06-01T09:47:41+00:00\" \/>\n<meta property=\"article:modified_time\" content=\"2015-06-03T09:31:39+00:00\" \/>\n<meta name=\"author\" content=\"le secr\u00e9tariat\" \/>\n<script type=\"application\/ld+json\" class=\"yoast-schema-graph\">{\"@context\":\"https:\/\/schema.org\",\"@graph\":[{\"@type\":\"WebPage\",\"@id\":\"http:\/\/www.jeannedarc-figeac.fr\/college-lycee\/remise-des-prix-des-olympiades-de-mathematiques\/\",\"url\":\"http:\/\/www.jeannedarc-figeac.fr\/college-lycee\/remise-des-prix-des-olympiades-de-mathematiques\/\",\"name\":\"Remise des prix des Olympiades de math\u00e9matiques\",\"isPartOf\":{\"@id\":\"https:\/\/www.jeannedarc-figeac.fr\/college-lycee\/#website\"},\"datePublished\":\"2015-06-01T09:47:41+00:00\",\"dateModified\":\"2015-06-03T09:31:39+00:00\",\"author\":{\"@id\":\"https:\/\/www.jeannedarc-figeac.fr\/college-lycee\/#\/schema\/person\/29e5764f28e895dc8bf41d4468f99154\"},\"description\":\"&nbsp; Mardi 26 mai, R\u00e9mi BRU \u00e9l\u00e8ve de 1\u00e8re ES s\u2019est rendu au rectorat de Toulouse, pour la c\u00e9r\u00e9monie de remise des prix des quinzi\u00e8mes Olympiades\",\"breadcrumb\":{\"@id\":\"http:\/\/www.jeannedarc-figeac.fr\/college-lycee\/remise-des-prix-des-olympiades-de-mathematiques\/#breadcrumb\"},\"inLanguage\":\"fr-FR\",\"potentialAction\":[{\"@type\":\"ReadAction\",\"target\":[\"http:\/\/www.jeannedarc-figeac.fr\/college-lycee\/remise-des-prix-des-olympiades-de-mathematiques\/\"]}]},{\"@type\":\"BreadcrumbList\",\"@id\":\"http:\/\/www.jeannedarc-figeac.fr\/college-lycee\/remise-des-prix-des-olympiades-de-mathematiques\/#breadcrumb\",\"itemListElement\":[{\"@type\":\"ListItem\",\"position\":1,\"name\":\"Accueil\",\"item\":\"https:\/\/www.jeannedarc-figeac.fr\/college-lycee\/\"},{\"@type\":\"ListItem\",\"position\":2,\"name\":\"Actus\",\"item\":\"http:\/\/www.jeannedarc-figeac.fr\/college-lycee\/cat\/actus\/\"},{\"@type\":\"ListItem\",\"position\":3,\"name\":\"Remise des prix des Olympiades de math\u00e9matiques\"}]},{\"@type\":\"WebSite\",\"@id\":\"https:\/\/www.jeannedarc-figeac.fr\/college-lycee\/#website\",\"url\":\"https:\/\/www.jeannedarc-figeac.fr\/college-lycee\/\",\"name\":\"Coll\u00e8ge et Lyc\u00e9e Jeanne d&#039;Arc\",\"description\":\"Jeanne d&#039;Arc Figeac\",\"potentialAction\":[{\"@type\":\"SearchAction\",\"target\":{\"@type\":\"EntryPoint\",\"urlTemplate\":\"https:\/\/www.jeannedarc-figeac.fr\/college-lycee\/?s={search_term_string}\"},\"query-input\":{\"@type\":\"PropertyValueSpecification\",\"valueRequired\":true,\"valueName\":\"search_term_string\"}}],\"inLanguage\":\"fr-FR\"},{\"@type\":\"Person\",\"@id\":\"https:\/\/www.jeannedarc-figeac.fr\/college-lycee\/#\/schema\/person\/29e5764f28e895dc8bf41d4468f99154\",\"name\":\"le secr\u00e9tariat\",\"image\":{\"@type\":\"ImageObject\",\"inLanguage\":\"fr-FR\",\"@id\":\"https:\/\/www.jeannedarc-figeac.fr\/college-lycee\/#\/schema\/person\/image\/\",\"url\":\"https:\/\/www.jeannedarc-figeac.fr\/college-lycee\/wp-content\/litespeed\/avatar\/5\/b7e8da60f53ba4adc9e9e66d91d84580.jpg?ver=1776943645\",\"contentUrl\":\"https:\/\/www.jeannedarc-figeac.fr\/college-lycee\/wp-content\/litespeed\/avatar\/5\/b7e8da60f53ba4adc9e9e66d91d84580.jpg?ver=1776943645\",\"caption\":\"le secr\u00e9tariat\"},\"url\":\"https:\/\/www.jeannedarc-figeac.fr\/college-lycee\/author\/arlette\/\"}]}<\/script>\n<!-- \/ Yoast SEO plugin. -->","yoast_head_json":{"title":"Remise des prix des Olympiades de math\u00e9matiques","description":"&nbsp; Mardi 26 mai, R\u00e9mi BRU \u00e9l\u00e8ve de 1\u00e8re ES s\u2019est rendu au rectorat de Toulouse, pour la c\u00e9r\u00e9monie de remise des prix des quinzi\u00e8mes Olympiades","robots":{"index":"index","follow":"follow","max-snippet":"max-snippet:-1","max-image-preview":"max-image-preview:large","max-video-preview":"max-video-preview:-1"},"canonical":"http:\/\/www.jeannedarc-figeac.fr\/college-lycee\/remise-des-prix-des-olympiades-de-mathematiques\/","og_locale":"fr_FR","og_type":"article","og_title":"Remise des prix des Olympiades de math\u00e9matiques","og_description":"&nbsp; Mardi 26 mai, R\u00e9mi BRU \u00e9l\u00e8ve de 1\u00e8re ES s\u2019est rendu au rectorat de Toulouse, pour la c\u00e9r\u00e9monie de remise des prix des quinzi\u00e8mes Olympiades","og_url":"http:\/\/www.jeannedarc-figeac.fr\/college-lycee\/remise-des-prix-des-olympiades-de-mathematiques\/","og_site_name":"Coll\u00e8ge et Lyc\u00e9e Jeanne d&#039;Arc","article_published_time":"2015-06-01T09:47:41+00:00","article_modified_time":"2015-06-03T09:31:39+00:00","author":"le secr\u00e9tariat","schema":{"@context":"https:\/\/schema.org","@graph":[{"@type":"WebPage","@id":"http:\/\/www.jeannedarc-figeac.fr\/college-lycee\/remise-des-prix-des-olympiades-de-mathematiques\/","url":"http:\/\/www.jeannedarc-figeac.fr\/college-lycee\/remise-des-prix-des-olympiades-de-mathematiques\/","name":"Remise des prix des Olympiades de math\u00e9matiques","isPartOf":{"@id":"https:\/\/www.jeannedarc-figeac.fr\/college-lycee\/#website"},"datePublished":"2015-06-01T09:47:41+00:00","dateModified":"2015-06-03T09:31:39+00:00","author":{"@id":"https:\/\/www.jeannedarc-figeac.fr\/college-lycee\/#\/schema\/person\/29e5764f28e895dc8bf41d4468f99154"},"description":"&nbsp; Mardi 26 mai, R\u00e9mi BRU \u00e9l\u00e8ve de 1\u00e8re ES s\u2019est rendu au rectorat de Toulouse, pour la c\u00e9r\u00e9monie de remise des prix des quinzi\u00e8mes Olympiades","breadcrumb":{"@id":"http:\/\/www.jeannedarc-figeac.fr\/college-lycee\/remise-des-prix-des-olympiades-de-mathematiques\/#breadcrumb"},"inLanguage":"fr-FR","potentialAction":[{"@type":"ReadAction","target":["http:\/\/www.jeannedarc-figeac.fr\/college-lycee\/remise-des-prix-des-olympiades-de-mathematiques\/"]}]},{"@type":"BreadcrumbList","@id":"http:\/\/www.jeannedarc-figeac.fr\/college-lycee\/remise-des-prix-des-olympiades-de-mathematiques\/#breadcrumb","itemListElement":[{"@type":"ListItem","position":1,"name":"Accueil","item":"https:\/\/www.jeannedarc-figeac.fr\/college-lycee\/"},{"@type":"ListItem","position":2,"name":"Actus","item":"http:\/\/www.jeannedarc-figeac.fr\/college-lycee\/cat\/actus\/"},{"@type":"ListItem","position":3,"name":"Remise des prix des Olympiades de math\u00e9matiques"}]},{"@type":"WebSite","@id":"https:\/\/www.jeannedarc-figeac.fr\/college-lycee\/#website","url":"https:\/\/www.jeannedarc-figeac.fr\/college-lycee\/","name":"Coll\u00e8ge et Lyc\u00e9e Jeanne d&#039;Arc","description":"Jeanne d&#039;Arc Figeac","potentialAction":[{"@type":"SearchAction","target":{"@type":"EntryPoint","urlTemplate":"https:\/\/www.jeannedarc-figeac.fr\/college-lycee\/?s={search_term_string}"},"query-input":{"@type":"PropertyValueSpecification","valueRequired":true,"valueName":"search_term_string"}}],"inLanguage":"fr-FR"},{"@type":"Person","@id":"https:\/\/www.jeannedarc-figeac.fr\/college-lycee\/#\/schema\/person\/29e5764f28e895dc8bf41d4468f99154","name":"le secr\u00e9tariat","image":{"@type":"ImageObject","inLanguage":"fr-FR","@id":"https:\/\/www.jeannedarc-figeac.fr\/college-lycee\/#\/schema\/person\/image\/","url":"https:\/\/www.jeannedarc-figeac.fr\/college-lycee\/wp-content\/litespeed\/avatar\/5\/b7e8da60f53ba4adc9e9e66d91d84580.jpg?ver=1776943645","contentUrl":"https:\/\/www.jeannedarc-figeac.fr\/college-lycee\/wp-content\/litespeed\/avatar\/5\/b7e8da60f53ba4adc9e9e66d91d84580.jpg?ver=1776943645","caption":"le secr\u00e9tariat"},"url":"https:\/\/www.jeannedarc-figeac.fr\/college-lycee\/author\/arlette\/"}]}},"jetpack_featured_media_url":"","jetpack_sharing_enabled":true,"jetpack_shortlink":"https:\/\/wp.me\/p5Qyb6-ps","_links":{"self":[{"href":"https:\/\/www.jeannedarc-figeac.fr\/college-lycee\/wp-json\/wp\/v2\/posts\/1578","targetHints":{"allow":["GET"]}}],"collection":[{"href":"https:\/\/www.jeannedarc-figeac.fr\/college-lycee\/wp-json\/wp\/v2\/posts"}],"about":[{"href":"https:\/\/www.jeannedarc-figeac.fr\/college-lycee\/wp-json\/wp\/v2\/types\/post"}],"author":[{"embeddable":true,"href":"https:\/\/www.jeannedarc-figeac.fr\/college-lycee\/wp-json\/wp\/v2\/users\/12"}],"replies":[{"embeddable":true,"href":"https:\/\/www.jeannedarc-figeac.fr\/college-lycee\/wp-json\/wp\/v2\/comments?post=1578"}],"version-history":[{"count":3,"href":"https:\/\/www.jeannedarc-figeac.fr\/college-lycee\/wp-json\/wp\/v2\/posts\/1578\/revisions"}],"predecessor-version":[{"id":1585,"href":"https:\/\/www.jeannedarc-figeac.fr\/college-lycee\/wp-json\/wp\/v2\/posts\/1578\/revisions\/1585"}],"wp:attachment":[{"href":"https:\/\/www.jeannedarc-figeac.fr\/college-lycee\/wp-json\/wp\/v2\/media?parent=1578"}],"wp:term":[{"taxonomy":"category","embeddable":true,"href":"https:\/\/www.jeannedarc-figeac.fr\/college-lycee\/wp-json\/wp\/v2\/categories?post=1578"},{"taxonomy":"post_tag","embeddable":true,"href":"https:\/\/www.jeannedarc-figeac.fr\/college-lycee\/wp-json\/wp\/v2\/tags?post=1578"}],"curies":[{"name":"wp","href":"https:\/\/api.w.org\/{rel}","templated":true}]}}