{"id":1574,"date":"2015-06-01T09:40:50","date_gmt":"2015-06-01T09:40:50","guid":{"rendered":"http:\/\/www.jeannedarc-figeac.fr\/college-lycee\/?p=1574"},"modified":"2015-06-03T09:07:47","modified_gmt":"2015-06-03T09:07:47","slug":"les-cantadis-en-concert","status":"publish","type":"post","link":"https:\/\/www.jeannedarc-figeac.fr\/college-lycee\/les-cantadis-en-concert\/","title":{"rendered":"LES CANTADIS EN CONCERT"},"content":{"rendered":"<div id=\"attachment_1581\" style=\"width: 310px\" class=\"wp-caption alignnone\"><a href=\"https:\/\/i0.wp.com\/www.jeannedarc-figeac.fr\/college-lycee\/wp-content\/uploads\/sites\/5\/2015\/06\/DSC_0021_modif%C3%A9e.jpg\"><img data-recalc-dims=\"1\" loading=\"lazy\" decoding=\"async\" aria-describedby=\"caption-attachment-1581\" class=\"size-medium wp-image-1581\" src=\"https:\/\/i0.wp.com\/www.jeannedarc-figeac.fr\/college-lycee\/wp-content\/uploads\/sites\/5\/2015\/06\/DSC_0021_modif%C3%A9e.jpg?resize=300%2C200\" alt=\"Les Cantadis\" width=\"300\" height=\"200\" srcset=\"https:\/\/i0.wp.com\/www.jeannedarc-figeac.fr\/college-lycee\/wp-content\/uploads\/sites\/5\/2015\/06\/DSC_0021_modif%C3%A9e.jpg?resize=300%2C200&amp;ssl=1 300w, https:\/\/i0.wp.com\/www.jeannedarc-figeac.fr\/college-lycee\/wp-content\/uploads\/sites\/5\/2015\/06\/DSC_0021_modif%C3%A9e.jpg?resize=1024%2C683&amp;ssl=1 1024w, https:\/\/i0.wp.com\/www.jeannedarc-figeac.fr\/college-lycee\/wp-content\/uploads\/sites\/5\/2015\/06\/DSC_0021_modif%C3%A9e.jpg?resize=1080%2C720&amp;ssl=1 1080w, https:\/\/i0.wp.com\/www.jeannedarc-figeac.fr\/college-lycee\/wp-content\/uploads\/sites\/5\/2015\/06\/DSC_0021_modif%C3%A9e.jpg?w=1600&amp;ssl=1 1600w\" sizes=\"(max-width: 300px) 100vw, 300px\" \/><\/a><p id=\"caption-attachment-1581\" class=\"wp-caption-text\">Chorale de Jeanne d&rsquo;arc \u00e0 l&rsquo;espace Mitterrand<\/p><\/div>\n<p>Mardi 19 mai \u00e0 20h30 , la salle F. Mitterrand \u00e9tait bond\u00e9e. La chorale du coll\u00e8ge et lyc\u00e9e Jeanne d\u2019Arc\u00a0: les Cantadis, avait invit\u00e9 parents et amis pour une grande soir\u00e9e \u00ab\u00a0musique\u00a0\u00bb sous la direction de leur chef de Ch\u0153ur S\u00e9bastien Fauvel.<br \/>\nAu cours de ce spectacle, le public (pr\u00e8s de 400 personnes), a pu appr\u00e9cier les voix des 50 choristes qui ont fait vibrer la salle, dans des partitions de chants d\u2019hier (Le sud, Quand la musique est bonne, Un autre monde\u2026) et d\u2019aujourd\u2019hui (Get lucky, Titanium, Un jour au mauvais endroit\u2026).<br \/>\nNouveaut\u00e9 cette ann\u00e9e, le groupe de rock de l\u2019Ecole Intercommunale de Figeac (dirig\u00e9 par Benoit Defrance) les a accompagn\u00e9s\u00a0! Ce partenariat a apport\u00e9 une touche instrumentale tr\u00e8s appr\u00e9ciable et de grande qualit\u00e9.<br \/>\nCe fut une bien belle soir\u00e9e !<\/p>\n","protected":false},"excerpt":{"rendered":"<p>Mardi 19 mai \u00e0 20h30 , la salle F. Mitterrand \u00e9tait bond\u00e9e. La chorale du coll\u00e8ge et lyc\u00e9e Jeanne d\u2019Arc\u00a0: les Cantadis, avait invit\u00e9 parents et amis pour une grande soir\u00e9e \u00ab\u00a0musique\u00a0\u00bb sous la direction de leur chef de Ch\u0153ur S\u00e9bastien Fauvel. Au cours de ce spectacle, le public (pr\u00e8s de 400 personnes), a pu [&hellip;]<\/p>\n","protected":false},"author":12,"featured_media":0,"comment_status":"closed","ping_status":"open","sticky":false,"template":"","format":"standard","meta":{"_et_pb_use_builder":"","_et_pb_old_content":"","_et_gb_content_width":"","_jetpack_newsletter_access":"","_jetpack_dont_email_post_to_subs":false,"_jetpack_newsletter_tier_id":0,"_jetpack_memberships_contains_paywalled_content":false,"iawp_total_views":0,"_jetpack_memberships_contains_paid_content":false,"footnotes":""},"categories":[28],"tags":[],"class_list":["post-1574","post","type-post","status-publish","format-standard","hentry","category-actus"],"yoast_head":"<!-- This site is optimized with the Yoast SEO plugin v26.0 - https:\/\/yoast.com\/wordpress\/plugins\/seo\/ -->\n<title>LES CANTADIS EN CONCERT<\/title>\n<meta name=\"description\" content=\"Mardi 19 mai \u00e0 20h30 , la salle F. Mitterrand \u00e9tait bond\u00e9e. La chorale du coll\u00e8ge et lyc\u00e9e Jeanne d\u2019Arc\u00a0: les Cantadis, avait invit\u00e9 parents et amis pour\" \/>\n<meta name=\"robots\" content=\"index, follow, max-snippet:-1, max-image-preview:large, max-video-preview:-1\" \/>\n<link rel=\"canonical\" href=\"https:\/\/www.jeannedarc-figeac.fr\/college-lycee\/les-cantadis-en-concert\/\" \/>\n<meta property=\"og:locale\" content=\"fr_FR\" \/>\n<meta property=\"og:type\" content=\"article\" \/>\n<meta property=\"og:title\" content=\"LES CANTADIS EN CONCERT\" \/>\n<meta property=\"og:description\" content=\"Mardi 19 mai \u00e0 20h30 , la salle F. Mitterrand \u00e9tait bond\u00e9e. La chorale du coll\u00e8ge et lyc\u00e9e Jeanne d\u2019Arc\u00a0: les Cantadis, avait invit\u00e9 parents et amis pour\" \/>\n<meta property=\"og:url\" content=\"https:\/\/www.jeannedarc-figeac.fr\/college-lycee\/les-cantadis-en-concert\/\" \/>\n<meta property=\"og:site_name\" content=\"Coll\u00e8ge et Lyc\u00e9e Jeanne d&#039;Arc\" \/>\n<meta property=\"article:published_time\" content=\"2015-06-01T09:40:50+00:00\" \/>\n<meta property=\"article:modified_time\" content=\"2015-06-03T09:07:47+00:00\" \/>\n<meta name=\"author\" content=\"le secr\u00e9tariat\" \/>\n<script type=\"application\/ld+json\" class=\"yoast-schema-graph\">{\"@context\":\"https:\/\/schema.org\",\"@graph\":[{\"@type\":\"WebPage\",\"@id\":\"https:\/\/www.jeannedarc-figeac.fr\/college-lycee\/les-cantadis-en-concert\/\",\"url\":\"https:\/\/www.jeannedarc-figeac.fr\/college-lycee\/les-cantadis-en-concert\/\",\"name\":\"LES CANTADIS EN CONCERT\",\"isPartOf\":{\"@id\":\"https:\/\/www.jeannedarc-figeac.fr\/college-lycee\/#website\"},\"datePublished\":\"2015-06-01T09:40:50+00:00\",\"dateModified\":\"2015-06-03T09:07:47+00:00\",\"author\":{\"@id\":\"https:\/\/www.jeannedarc-figeac.fr\/college-lycee\/#\/schema\/person\/29e5764f28e895dc8bf41d4468f99154\"},\"description\":\"Mardi 19 mai \u00e0 20h30 , la salle F. Mitterrand \u00e9tait bond\u00e9e. La chorale du coll\u00e8ge et lyc\u00e9e Jeanne d\u2019Arc\u00a0: les Cantadis, avait invit\u00e9 parents et amis pour\",\"breadcrumb\":{\"@id\":\"https:\/\/www.jeannedarc-figeac.fr\/college-lycee\/les-cantadis-en-concert\/#breadcrumb\"},\"inLanguage\":\"fr-FR\",\"potentialAction\":[{\"@type\":\"ReadAction\",\"target\":[\"https:\/\/www.jeannedarc-figeac.fr\/college-lycee\/les-cantadis-en-concert\/\"]}]},{\"@type\":\"BreadcrumbList\",\"@id\":\"https:\/\/www.jeannedarc-figeac.fr\/college-lycee\/les-cantadis-en-concert\/#breadcrumb\",\"itemListElement\":[{\"@type\":\"ListItem\",\"position\":1,\"name\":\"Accueil\",\"item\":\"https:\/\/www.jeannedarc-figeac.fr\/college-lycee\/\"},{\"@type\":\"ListItem\",\"position\":2,\"name\":\"Actus\",\"item\":\"http:\/\/www.jeannedarc-figeac.fr\/college-lycee\/cat\/actus\/\"},{\"@type\":\"ListItem\",\"position\":3,\"name\":\"LES CANTADIS EN CONCERT\"}]},{\"@type\":\"WebSite\",\"@id\":\"https:\/\/www.jeannedarc-figeac.fr\/college-lycee\/#website\",\"url\":\"https:\/\/www.jeannedarc-figeac.fr\/college-lycee\/\",\"name\":\"Coll\u00e8ge et Lyc\u00e9e Jeanne d&#039;Arc\",\"description\":\"Jeanne d&#039;Arc Figeac\",\"potentialAction\":[{\"@type\":\"SearchAction\",\"target\":{\"@type\":\"EntryPoint\",\"urlTemplate\":\"https:\/\/www.jeannedarc-figeac.fr\/college-lycee\/?s={search_term_string}\"},\"query-input\":{\"@type\":\"PropertyValueSpecification\",\"valueRequired\":true,\"valueName\":\"search_term_string\"}}],\"inLanguage\":\"fr-FR\"},{\"@type\":\"Person\",\"@id\":\"https:\/\/www.jeannedarc-figeac.fr\/college-lycee\/#\/schema\/person\/29e5764f28e895dc8bf41d4468f99154\",\"name\":\"le secr\u00e9tariat\",\"image\":{\"@type\":\"ImageObject\",\"inLanguage\":\"fr-FR\",\"@id\":\"https:\/\/www.jeannedarc-figeac.fr\/college-lycee\/#\/schema\/person\/image\/\",\"url\":\"https:\/\/www.jeannedarc-figeac.fr\/college-lycee\/wp-content\/litespeed\/avatar\/5\/b7e8da60f53ba4adc9e9e66d91d84580.jpg?ver=1777548714\",\"contentUrl\":\"https:\/\/www.jeannedarc-figeac.fr\/college-lycee\/wp-content\/litespeed\/avatar\/5\/b7e8da60f53ba4adc9e9e66d91d84580.jpg?ver=1777548714\",\"caption\":\"le secr\u00e9tariat\"},\"url\":\"https:\/\/www.jeannedarc-figeac.fr\/college-lycee\/author\/arlette\/\"}]}<\/script>\n<!-- \/ Yoast SEO plugin. -->","yoast_head_json":{"title":"LES CANTADIS EN CONCERT","description":"Mardi 19 mai \u00e0 20h30 , la salle F. Mitterrand \u00e9tait bond\u00e9e. La chorale du coll\u00e8ge et lyc\u00e9e Jeanne d\u2019Arc\u00a0: les Cantadis, avait invit\u00e9 parents et amis pour","robots":{"index":"index","follow":"follow","max-snippet":"max-snippet:-1","max-image-preview":"max-image-preview:large","max-video-preview":"max-video-preview:-1"},"canonical":"https:\/\/www.jeannedarc-figeac.fr\/college-lycee\/les-cantadis-en-concert\/","og_locale":"fr_FR","og_type":"article","og_title":"LES CANTADIS EN CONCERT","og_description":"Mardi 19 mai \u00e0 20h30 , la salle F. Mitterrand \u00e9tait bond\u00e9e. La chorale du coll\u00e8ge et lyc\u00e9e Jeanne d\u2019Arc\u00a0: les Cantadis, avait invit\u00e9 parents et amis pour","og_url":"https:\/\/www.jeannedarc-figeac.fr\/college-lycee\/les-cantadis-en-concert\/","og_site_name":"Coll\u00e8ge et Lyc\u00e9e Jeanne d&#039;Arc","article_published_time":"2015-06-01T09:40:50+00:00","article_modified_time":"2015-06-03T09:07:47+00:00","author":"le secr\u00e9tariat","schema":{"@context":"https:\/\/schema.org","@graph":[{"@type":"WebPage","@id":"https:\/\/www.jeannedarc-figeac.fr\/college-lycee\/les-cantadis-en-concert\/","url":"https:\/\/www.jeannedarc-figeac.fr\/college-lycee\/les-cantadis-en-concert\/","name":"LES CANTADIS EN CONCERT","isPartOf":{"@id":"https:\/\/www.jeannedarc-figeac.fr\/college-lycee\/#website"},"datePublished":"2015-06-01T09:40:50+00:00","dateModified":"2015-06-03T09:07:47+00:00","author":{"@id":"https:\/\/www.jeannedarc-figeac.fr\/college-lycee\/#\/schema\/person\/29e5764f28e895dc8bf41d4468f99154"},"description":"Mardi 19 mai \u00e0 20h30 , la salle F. Mitterrand \u00e9tait bond\u00e9e. La chorale du coll\u00e8ge et lyc\u00e9e Jeanne d\u2019Arc\u00a0: les Cantadis, avait invit\u00e9 parents et amis pour","breadcrumb":{"@id":"https:\/\/www.jeannedarc-figeac.fr\/college-lycee\/les-cantadis-en-concert\/#breadcrumb"},"inLanguage":"fr-FR","potentialAction":[{"@type":"ReadAction","target":["https:\/\/www.jeannedarc-figeac.fr\/college-lycee\/les-cantadis-en-concert\/"]}]},{"@type":"BreadcrumbList","@id":"https:\/\/www.jeannedarc-figeac.fr\/college-lycee\/les-cantadis-en-concert\/#breadcrumb","itemListElement":[{"@type":"ListItem","position":1,"name":"Accueil","item":"https:\/\/www.jeannedarc-figeac.fr\/college-lycee\/"},{"@type":"ListItem","position":2,"name":"Actus","item":"http:\/\/www.jeannedarc-figeac.fr\/college-lycee\/cat\/actus\/"},{"@type":"ListItem","position":3,"name":"LES CANTADIS EN CONCERT"}]},{"@type":"WebSite","@id":"https:\/\/www.jeannedarc-figeac.fr\/college-lycee\/#website","url":"https:\/\/www.jeannedarc-figeac.fr\/college-lycee\/","name":"Coll\u00e8ge et Lyc\u00e9e Jeanne d&#039;Arc","description":"Jeanne d&#039;Arc Figeac","potentialAction":[{"@type":"SearchAction","target":{"@type":"EntryPoint","urlTemplate":"https:\/\/www.jeannedarc-figeac.fr\/college-lycee\/?s={search_term_string}"},"query-input":{"@type":"PropertyValueSpecification","valueRequired":true,"valueName":"search_term_string"}}],"inLanguage":"fr-FR"},{"@type":"Person","@id":"https:\/\/www.jeannedarc-figeac.fr\/college-lycee\/#\/schema\/person\/29e5764f28e895dc8bf41d4468f99154","name":"le secr\u00e9tariat","image":{"@type":"ImageObject","inLanguage":"fr-FR","@id":"https:\/\/www.jeannedarc-figeac.fr\/college-lycee\/#\/schema\/person\/image\/","url":"https:\/\/www.jeannedarc-figeac.fr\/college-lycee\/wp-content\/litespeed\/avatar\/5\/b7e8da60f53ba4adc9e9e66d91d84580.jpg?ver=1777548714","contentUrl":"https:\/\/www.jeannedarc-figeac.fr\/college-lycee\/wp-content\/litespeed\/avatar\/5\/b7e8da60f53ba4adc9e9e66d91d84580.jpg?ver=1777548714","caption":"le secr\u00e9tariat"},"url":"https:\/\/www.jeannedarc-figeac.fr\/college-lycee\/author\/arlette\/"}]}},"jetpack_featured_media_url":"","jetpack_sharing_enabled":true,"jetpack_shortlink":"https:\/\/wp.me\/p5Qyb6-po","_links":{"self":[{"href":"https:\/\/www.jeannedarc-figeac.fr\/college-lycee\/wp-json\/wp\/v2\/posts\/1574","targetHints":{"allow":["GET"]}}],"collection":[{"href":"https:\/\/www.jeannedarc-figeac.fr\/college-lycee\/wp-json\/wp\/v2\/posts"}],"about":[{"href":"https:\/\/www.jeannedarc-figeac.fr\/college-lycee\/wp-json\/wp\/v2\/types\/post"}],"author":[{"embeddable":true,"href":"https:\/\/www.jeannedarc-figeac.fr\/college-lycee\/wp-json\/wp\/v2\/users\/12"}],"replies":[{"embeddable":true,"href":"https:\/\/www.jeannedarc-figeac.fr\/college-lycee\/wp-json\/wp\/v2\/comments?post=1574"}],"version-history":[{"count":3,"href":"https:\/\/www.jeannedarc-figeac.fr\/college-lycee\/wp-json\/wp\/v2\/posts\/1574\/revisions"}],"predecessor-version":[{"id":1582,"href":"https:\/\/www.jeannedarc-figeac.fr\/college-lycee\/wp-json\/wp\/v2\/posts\/1574\/revisions\/1582"}],"wp:attachment":[{"href":"https:\/\/www.jeannedarc-figeac.fr\/college-lycee\/wp-json\/wp\/v2\/media?parent=1574"}],"wp:term":[{"taxonomy":"category","embeddable":true,"href":"https:\/\/www.jeannedarc-figeac.fr\/college-lycee\/wp-json\/wp\/v2\/categories?post=1574"},{"taxonomy":"post_tag","embeddable":true,"href":"https:\/\/www.jeannedarc-figeac.fr\/college-lycee\/wp-json\/wp\/v2\/tags?post=1574"}],"curies":[{"name":"wp","href":"https:\/\/api.w.org\/{rel}","templated":true}]}}