{"id":1414,"date":"2015-05-19T09:32:31","date_gmt":"2015-05-19T09:32:31","guid":{"rendered":"http:\/\/www.jeannedarc-figeac.fr\/college-lycee\/?p=1414"},"modified":"2015-05-19T09:32:31","modified_gmt":"2015-05-19T09:32:31","slug":"la-section-foot-en-visite-au-nimes-olympique","status":"publish","type":"post","link":"https:\/\/www.jeannedarc-figeac.fr\/college-lycee\/la-section-foot-en-visite-au-nimes-olympique\/","title":{"rendered":"La section foot en visite au N\u00eemes Olympique"},"content":{"rendered":"<p>Dans le cadre de leur formation, les \u00e9l\u00e8ves de la section foot du Coll\u00e8ge et Lyc\u00e9e Jeanne d\u2019Arc se sont rendus \u00e0 N\u00eemes vendredi 10 avril.<\/p>\n<p>Au programme, visite des installations du Centre de Formation du N\u00eemes Olympique, rencontre avec des joueurs professionnels, entrainement des U17 et des U19 et pour cl\u00f4turer cette belle journ\u00e9e, tout le monde \u00e0 regarder le match de ligue 2 entre N\u00eemes et Clermont Foot au stade des Costi\u00e8res.<\/p>\n<p>L\u2019objectif de ces sorties est de montrer \u00e0 nos jeunes les exigences du sport de haut niveau et le d\u00e9roulement d\u2019un cursus de formation pour atteindre le niveau professionnel.<\/p>\n<div id=\"attachment_1416\" style=\"width: 310px\" class=\"wp-caption aligncenter\"><a href=\"https:\/\/i0.wp.com\/www.jeannedarc-figeac.fr\/college-lycee\/wp-content\/uploads\/sites\/5\/2015\/05\/section_foot_nimes_web.jpg\"><img data-recalc-dims=\"1\" loading=\"lazy\" decoding=\"async\" aria-describedby=\"caption-attachment-1416\" class=\"size-medium wp-image-1416\" src=\"https:\/\/i0.wp.com\/www.jeannedarc-figeac.fr\/college-lycee\/wp-content\/uploads\/sites\/5\/2015\/05\/section_foot_nimes_web.jpg?resize=300%2C200\" alt=\"section foot \u00e0 Nimes\" width=\"300\" height=\"200\" srcset=\"https:\/\/i0.wp.com\/www.jeannedarc-figeac.fr\/college-lycee\/wp-content\/uploads\/sites\/5\/2015\/05\/section_foot_nimes_web.jpg?resize=300%2C200&amp;ssl=1 300w, https:\/\/i0.wp.com\/www.jeannedarc-figeac.fr\/college-lycee\/wp-content\/uploads\/sites\/5\/2015\/05\/section_foot_nimes_web.jpg?w=886&amp;ssl=1 886w\" sizes=\"(max-width: 300px) 100vw, 300px\" \/><\/a><p id=\"caption-attachment-1416\" class=\"wp-caption-text\">Sortie annuelle \u00e0 Nimes de la section foot<\/p><\/div>\n","protected":false},"excerpt":{"rendered":"<p>Dans le cadre de leur formation, les \u00e9l\u00e8ves de la section foot du Coll\u00e8ge et Lyc\u00e9e Jeanne d\u2019Arc se sont rendus \u00e0 N\u00eemes vendredi 10 avril. Au programme, visite des installations du Centre de Formation du N\u00eemes Olympique, rencontre avec des joueurs professionnels, entrainement des U17 et des U19 et pour cl\u00f4turer cette belle journ\u00e9e, [&hellip;]<\/p>\n","protected":false},"author":12,"featured_media":0,"comment_status":"closed","ping_status":"open","sticky":false,"template":"","format":"standard","meta":{"_et_pb_use_builder":"","_et_pb_old_content":"","_et_gb_content_width":"","_jetpack_newsletter_access":"","_jetpack_dont_email_post_to_subs":false,"_jetpack_newsletter_tier_id":0,"_jetpack_memberships_contains_paywalled_content":false,"iawp_total_views":0,"_jetpack_memberships_contains_paid_content":false,"footnotes":""},"categories":[28],"tags":[],"class_list":["post-1414","post","type-post","status-publish","format-standard","hentry","category-actus"],"yoast_head":"<!-- This site is optimized with the Yoast SEO plugin v26.0 - https:\/\/yoast.com\/wordpress\/plugins\/seo\/ -->\n<title>La section foot en visite au N\u00eemes Olympique<\/title>\n<meta name=\"description\" content=\"Dans le cadre de leur formation, les \u00e9l\u00e8ves de la section foot du Coll\u00e8ge et Lyc\u00e9e Jeanne d\u2019Arc se sont rendus \u00e0 N\u00eemes vendredi 10 avril. Au programme,\" \/>\n<meta name=\"robots\" content=\"index, follow, max-snippet:-1, max-image-preview:large, max-video-preview:-1\" \/>\n<link rel=\"canonical\" href=\"http:\/\/www.jeannedarc-figeac.fr\/college-lycee\/la-section-foot-en-visite-au-nimes-olympique\/\" \/>\n<meta property=\"og:locale\" content=\"fr_FR\" \/>\n<meta property=\"og:type\" content=\"article\" \/>\n<meta property=\"og:title\" content=\"La section foot en visite au N\u00eemes Olympique\" \/>\n<meta property=\"og:description\" content=\"Dans le cadre de leur formation, les \u00e9l\u00e8ves de la section foot du Coll\u00e8ge et Lyc\u00e9e Jeanne d\u2019Arc se sont rendus \u00e0 N\u00eemes vendredi 10 avril. Au programme,\" \/>\n<meta property=\"og:url\" content=\"http:\/\/www.jeannedarc-figeac.fr\/college-lycee\/la-section-foot-en-visite-au-nimes-olympique\/\" \/>\n<meta property=\"og:site_name\" content=\"Coll\u00e8ge et Lyc\u00e9e Jeanne d&#039;Arc\" \/>\n<meta property=\"article:published_time\" content=\"2015-05-19T09:32:31+00:00\" \/>\n<meta property=\"og:image\" content=\"http:\/\/www.jeannedarc-figeac.fr\/college-lycee\/wp-content\/uploads\/sites\/5\/2015\/05\/section_foot_nimes_web-300x200.jpg\" \/>\n<meta name=\"author\" content=\"le secr\u00e9tariat\" \/>\n<script type=\"application\/ld+json\" class=\"yoast-schema-graph\">{\"@context\":\"https:\/\/schema.org\",\"@graph\":[{\"@type\":\"WebPage\",\"@id\":\"http:\/\/www.jeannedarc-figeac.fr\/college-lycee\/la-section-foot-en-visite-au-nimes-olympique\/\",\"url\":\"http:\/\/www.jeannedarc-figeac.fr\/college-lycee\/la-section-foot-en-visite-au-nimes-olympique\/\",\"name\":\"La section foot en visite au N\u00eemes Olympique\",\"isPartOf\":{\"@id\":\"https:\/\/www.jeannedarc-figeac.fr\/college-lycee\/#website\"},\"primaryImageOfPage\":{\"@id\":\"http:\/\/www.jeannedarc-figeac.fr\/college-lycee\/la-section-foot-en-visite-au-nimes-olympique\/#primaryimage\"},\"image\":{\"@id\":\"http:\/\/www.jeannedarc-figeac.fr\/college-lycee\/la-section-foot-en-visite-au-nimes-olympique\/#primaryimage\"},\"thumbnailUrl\":\"http:\/\/www.jeannedarc-figeac.fr\/college-lycee\/wp-content\/uploads\/sites\/5\/2015\/05\/section_foot_nimes_web-300x200.jpg\",\"datePublished\":\"2015-05-19T09:32:31+00:00\",\"author\":{\"@id\":\"https:\/\/www.jeannedarc-figeac.fr\/college-lycee\/#\/schema\/person\/29e5764f28e895dc8bf41d4468f99154\"},\"description\":\"Dans le cadre de leur formation, les \u00e9l\u00e8ves de la section foot du Coll\u00e8ge et Lyc\u00e9e Jeanne d\u2019Arc se sont rendus \u00e0 N\u00eemes vendredi 10 avril. Au programme,\",\"breadcrumb\":{\"@id\":\"http:\/\/www.jeannedarc-figeac.fr\/college-lycee\/la-section-foot-en-visite-au-nimes-olympique\/#breadcrumb\"},\"inLanguage\":\"fr-FR\",\"potentialAction\":[{\"@type\":\"ReadAction\",\"target\":[\"http:\/\/www.jeannedarc-figeac.fr\/college-lycee\/la-section-foot-en-visite-au-nimes-olympique\/\"]}]},{\"@type\":\"ImageObject\",\"inLanguage\":\"fr-FR\",\"@id\":\"http:\/\/www.jeannedarc-figeac.fr\/college-lycee\/la-section-foot-en-visite-au-nimes-olympique\/#primaryimage\",\"url\":\"https:\/\/i0.wp.com\/www.jeannedarc-figeac.fr\/college-lycee\/wp-content\/uploads\/sites\/5\/2015\/05\/section_foot_nimes_web.jpg?fit=886%2C591&ssl=1\",\"contentUrl\":\"https:\/\/i0.wp.com\/www.jeannedarc-figeac.fr\/college-lycee\/wp-content\/uploads\/sites\/5\/2015\/05\/section_foot_nimes_web.jpg?fit=886%2C591&ssl=1\",\"width\":886,\"height\":591,\"caption\":\"Sortie annuelle \u00e0 Nimes de la section foot\"},{\"@type\":\"BreadcrumbList\",\"@id\":\"http:\/\/www.jeannedarc-figeac.fr\/college-lycee\/la-section-foot-en-visite-au-nimes-olympique\/#breadcrumb\",\"itemListElement\":[{\"@type\":\"ListItem\",\"position\":1,\"name\":\"Accueil\",\"item\":\"https:\/\/www.jeannedarc-figeac.fr\/college-lycee\/\"},{\"@type\":\"ListItem\",\"position\":2,\"name\":\"Actus\",\"item\":\"http:\/\/www.jeannedarc-figeac.fr\/college-lycee\/cat\/actus\/\"},{\"@type\":\"ListItem\",\"position\":3,\"name\":\"La section foot en visite au N\u00eemes Olympique\"}]},{\"@type\":\"WebSite\",\"@id\":\"https:\/\/www.jeannedarc-figeac.fr\/college-lycee\/#website\",\"url\":\"https:\/\/www.jeannedarc-figeac.fr\/college-lycee\/\",\"name\":\"Coll\u00e8ge et Lyc\u00e9e Jeanne d&#039;Arc\",\"description\":\"Jeanne d&#039;Arc Figeac\",\"potentialAction\":[{\"@type\":\"SearchAction\",\"target\":{\"@type\":\"EntryPoint\",\"urlTemplate\":\"https:\/\/www.jeannedarc-figeac.fr\/college-lycee\/?s={search_term_string}\"},\"query-input\":{\"@type\":\"PropertyValueSpecification\",\"valueRequired\":true,\"valueName\":\"search_term_string\"}}],\"inLanguage\":\"fr-FR\"},{\"@type\":\"Person\",\"@id\":\"https:\/\/www.jeannedarc-figeac.fr\/college-lycee\/#\/schema\/person\/29e5764f28e895dc8bf41d4468f99154\",\"name\":\"le secr\u00e9tariat\",\"image\":{\"@type\":\"ImageObject\",\"inLanguage\":\"fr-FR\",\"@id\":\"https:\/\/www.jeannedarc-figeac.fr\/college-lycee\/#\/schema\/person\/image\/\",\"url\":\"https:\/\/www.jeannedarc-figeac.fr\/college-lycee\/wp-content\/litespeed\/avatar\/5\/b7e8da60f53ba4adc9e9e66d91d84580.jpg?ver=1776943645\",\"contentUrl\":\"https:\/\/www.jeannedarc-figeac.fr\/college-lycee\/wp-content\/litespeed\/avatar\/5\/b7e8da60f53ba4adc9e9e66d91d84580.jpg?ver=1776943645\",\"caption\":\"le secr\u00e9tariat\"},\"url\":\"https:\/\/www.jeannedarc-figeac.fr\/college-lycee\/author\/arlette\/\"}]}<\/script>\n<!-- \/ Yoast SEO plugin. -->","yoast_head_json":{"title":"La section foot en visite au N\u00eemes Olympique","description":"Dans le cadre de leur formation, les \u00e9l\u00e8ves de la section foot du Coll\u00e8ge et Lyc\u00e9e Jeanne d\u2019Arc se sont rendus \u00e0 N\u00eemes vendredi 10 avril. Au programme,","robots":{"index":"index","follow":"follow","max-snippet":"max-snippet:-1","max-image-preview":"max-image-preview:large","max-video-preview":"max-video-preview:-1"},"canonical":"http:\/\/www.jeannedarc-figeac.fr\/college-lycee\/la-section-foot-en-visite-au-nimes-olympique\/","og_locale":"fr_FR","og_type":"article","og_title":"La section foot en visite au N\u00eemes Olympique","og_description":"Dans le cadre de leur formation, les \u00e9l\u00e8ves de la section foot du Coll\u00e8ge et Lyc\u00e9e Jeanne d\u2019Arc se sont rendus \u00e0 N\u00eemes vendredi 10 avril. Au programme,","og_url":"http:\/\/www.jeannedarc-figeac.fr\/college-lycee\/la-section-foot-en-visite-au-nimes-olympique\/","og_site_name":"Coll\u00e8ge et Lyc\u00e9e Jeanne d&#039;Arc","article_published_time":"2015-05-19T09:32:31+00:00","og_image":[{"url":"http:\/\/www.jeannedarc-figeac.fr\/college-lycee\/wp-content\/uploads\/sites\/5\/2015\/05\/section_foot_nimes_web-300x200.jpg","type":"","width":"","height":""}],"author":"le secr\u00e9tariat","schema":{"@context":"https:\/\/schema.org","@graph":[{"@type":"WebPage","@id":"http:\/\/www.jeannedarc-figeac.fr\/college-lycee\/la-section-foot-en-visite-au-nimes-olympique\/","url":"http:\/\/www.jeannedarc-figeac.fr\/college-lycee\/la-section-foot-en-visite-au-nimes-olympique\/","name":"La section foot en visite au N\u00eemes Olympique","isPartOf":{"@id":"https:\/\/www.jeannedarc-figeac.fr\/college-lycee\/#website"},"primaryImageOfPage":{"@id":"http:\/\/www.jeannedarc-figeac.fr\/college-lycee\/la-section-foot-en-visite-au-nimes-olympique\/#primaryimage"},"image":{"@id":"http:\/\/www.jeannedarc-figeac.fr\/college-lycee\/la-section-foot-en-visite-au-nimes-olympique\/#primaryimage"},"thumbnailUrl":"http:\/\/www.jeannedarc-figeac.fr\/college-lycee\/wp-content\/uploads\/sites\/5\/2015\/05\/section_foot_nimes_web-300x200.jpg","datePublished":"2015-05-19T09:32:31+00:00","author":{"@id":"https:\/\/www.jeannedarc-figeac.fr\/college-lycee\/#\/schema\/person\/29e5764f28e895dc8bf41d4468f99154"},"description":"Dans le cadre de leur formation, les \u00e9l\u00e8ves de la section foot du Coll\u00e8ge et Lyc\u00e9e Jeanne d\u2019Arc se sont rendus \u00e0 N\u00eemes vendredi 10 avril. Au programme,","breadcrumb":{"@id":"http:\/\/www.jeannedarc-figeac.fr\/college-lycee\/la-section-foot-en-visite-au-nimes-olympique\/#breadcrumb"},"inLanguage":"fr-FR","potentialAction":[{"@type":"ReadAction","target":["http:\/\/www.jeannedarc-figeac.fr\/college-lycee\/la-section-foot-en-visite-au-nimes-olympique\/"]}]},{"@type":"ImageObject","inLanguage":"fr-FR","@id":"http:\/\/www.jeannedarc-figeac.fr\/college-lycee\/la-section-foot-en-visite-au-nimes-olympique\/#primaryimage","url":"https:\/\/i0.wp.com\/www.jeannedarc-figeac.fr\/college-lycee\/wp-content\/uploads\/sites\/5\/2015\/05\/section_foot_nimes_web.jpg?fit=886%2C591&ssl=1","contentUrl":"https:\/\/i0.wp.com\/www.jeannedarc-figeac.fr\/college-lycee\/wp-content\/uploads\/sites\/5\/2015\/05\/section_foot_nimes_web.jpg?fit=886%2C591&ssl=1","width":886,"height":591,"caption":"Sortie annuelle \u00e0 Nimes de la section foot"},{"@type":"BreadcrumbList","@id":"http:\/\/www.jeannedarc-figeac.fr\/college-lycee\/la-section-foot-en-visite-au-nimes-olympique\/#breadcrumb","itemListElement":[{"@type":"ListItem","position":1,"name":"Accueil","item":"https:\/\/www.jeannedarc-figeac.fr\/college-lycee\/"},{"@type":"ListItem","position":2,"name":"Actus","item":"http:\/\/www.jeannedarc-figeac.fr\/college-lycee\/cat\/actus\/"},{"@type":"ListItem","position":3,"name":"La section foot en visite au N\u00eemes Olympique"}]},{"@type":"WebSite","@id":"https:\/\/www.jeannedarc-figeac.fr\/college-lycee\/#website","url":"https:\/\/www.jeannedarc-figeac.fr\/college-lycee\/","name":"Coll\u00e8ge et Lyc\u00e9e Jeanne d&#039;Arc","description":"Jeanne d&#039;Arc Figeac","potentialAction":[{"@type":"SearchAction","target":{"@type":"EntryPoint","urlTemplate":"https:\/\/www.jeannedarc-figeac.fr\/college-lycee\/?s={search_term_string}"},"query-input":{"@type":"PropertyValueSpecification","valueRequired":true,"valueName":"search_term_string"}}],"inLanguage":"fr-FR"},{"@type":"Person","@id":"https:\/\/www.jeannedarc-figeac.fr\/college-lycee\/#\/schema\/person\/29e5764f28e895dc8bf41d4468f99154","name":"le secr\u00e9tariat","image":{"@type":"ImageObject","inLanguage":"fr-FR","@id":"https:\/\/www.jeannedarc-figeac.fr\/college-lycee\/#\/schema\/person\/image\/","url":"https:\/\/www.jeannedarc-figeac.fr\/college-lycee\/wp-content\/litespeed\/avatar\/5\/b7e8da60f53ba4adc9e9e66d91d84580.jpg?ver=1776943645","contentUrl":"https:\/\/www.jeannedarc-figeac.fr\/college-lycee\/wp-content\/litespeed\/avatar\/5\/b7e8da60f53ba4adc9e9e66d91d84580.jpg?ver=1776943645","caption":"le secr\u00e9tariat"},"url":"https:\/\/www.jeannedarc-figeac.fr\/college-lycee\/author\/arlette\/"}]}},"jetpack_featured_media_url":"","jetpack_sharing_enabled":true,"jetpack_shortlink":"https:\/\/wp.me\/p5Qyb6-mO","_links":{"self":[{"href":"https:\/\/www.jeannedarc-figeac.fr\/college-lycee\/wp-json\/wp\/v2\/posts\/1414","targetHints":{"allow":["GET"]}}],"collection":[{"href":"https:\/\/www.jeannedarc-figeac.fr\/college-lycee\/wp-json\/wp\/v2\/posts"}],"about":[{"href":"https:\/\/www.jeannedarc-figeac.fr\/college-lycee\/wp-json\/wp\/v2\/types\/post"}],"author":[{"embeddable":true,"href":"https:\/\/www.jeannedarc-figeac.fr\/college-lycee\/wp-json\/wp\/v2\/users\/12"}],"replies":[{"embeddable":true,"href":"https:\/\/www.jeannedarc-figeac.fr\/college-lycee\/wp-json\/wp\/v2\/comments?post=1414"}],"version-history":[{"count":2,"href":"https:\/\/www.jeannedarc-figeac.fr\/college-lycee\/wp-json\/wp\/v2\/posts\/1414\/revisions"}],"predecessor-version":[{"id":1417,"href":"https:\/\/www.jeannedarc-figeac.fr\/college-lycee\/wp-json\/wp\/v2\/posts\/1414\/revisions\/1417"}],"wp:attachment":[{"href":"https:\/\/www.jeannedarc-figeac.fr\/college-lycee\/wp-json\/wp\/v2\/media?parent=1414"}],"wp:term":[{"taxonomy":"category","embeddable":true,"href":"https:\/\/www.jeannedarc-figeac.fr\/college-lycee\/wp-json\/wp\/v2\/categories?post=1414"},{"taxonomy":"post_tag","embeddable":true,"href":"https:\/\/www.jeannedarc-figeac.fr\/college-lycee\/wp-json\/wp\/v2\/tags?post=1414"}],"curies":[{"name":"wp","href":"https:\/\/api.w.org\/{rel}","templated":true}]}}