{"id":1355,"date":"2015-03-16T14:58:27","date_gmt":"2015-03-16T14:58:27","guid":{"rendered":"http:\/\/www.jeannedarc-figeac.fr\/college-lycee\/?p=1355"},"modified":"2015-03-16T14:58:27","modified_gmt":"2015-03-16T14:58:27","slug":"les-lyceens-en-demi-finale-academique-de-futsal","status":"publish","type":"post","link":"https:\/\/www.jeannedarc-figeac.fr\/college-lycee\/les-lyceens-en-demi-finale-academique-de-futsal\/","title":{"rendered":"Les lyc\u00e9ens en demi finale acad\u00e9mique de Futsal"},"content":{"rendered":"<p>Ce mercredi, nos \u00e9l\u00e8ves de la section lyc\u00e9e\u00a0 \u00e9taient \u00e0 Rodez pour la phase pr\u00e9liminaire du championnat acad\u00e9mique de FUTSAL.<br \/>\nNotre \u00e9tablissement pr\u00e9sentait 2 \u00e9quipes et \u00e9tait oppos\u00e9 au lyc\u00e9e MONTEIL de Rodez et au lyc\u00e9e Charles DE GAULLE de Muret.<br \/>\nLes r\u00e9sultats encourageants de nos deux \u00e9quipes permettent \u00e0 l\u2019\u00e9tablissement de se qualifier pour les \u00bd finale acad\u00e9mique qui se d\u00e9rouleront le 25 Mars \u00e0 Muret.<\/p>\n","protected":false},"excerpt":{"rendered":"<p>Ce mercredi, nos \u00e9l\u00e8ves de la section lyc\u00e9e\u00a0 \u00e9taient \u00e0 Rodez pour la phase pr\u00e9liminaire du championnat acad\u00e9mique de FUTSAL. Notre \u00e9tablissement pr\u00e9sentait 2 \u00e9quipes et \u00e9tait oppos\u00e9 au lyc\u00e9e MONTEIL de Rodez et au lyc\u00e9e Charles DE GAULLE de Muret. Les r\u00e9sultats encourageants de nos deux \u00e9quipes permettent \u00e0 l\u2019\u00e9tablissement de se qualifier pour [&hellip;]<\/p>\n","protected":false},"author":10,"featured_media":0,"comment_status":"closed","ping_status":"open","sticky":false,"template":"","format":"standard","meta":{"_et_pb_use_builder":"","_et_pb_old_content":"","_et_gb_content_width":"","_jetpack_newsletter_access":"","_jetpack_dont_email_post_to_subs":false,"_jetpack_newsletter_tier_id":0,"_jetpack_memberships_contains_paywalled_content":false,"iawp_total_views":0,"_jetpack_memberships_contains_paid_content":false,"footnotes":""},"categories":[28],"tags":[],"class_list":["post-1355","post","type-post","status-publish","format-standard","hentry","category-actus"],"yoast_head":"<!-- This site is optimized with the Yoast SEO plugin v26.0 - https:\/\/yoast.com\/wordpress\/plugins\/seo\/ -->\n<title>Les lyc\u00e9ens en demi finale acad\u00e9mique de Futsal<\/title>\n<meta name=\"description\" content=\"Ce mercredi, nos \u00e9l\u00e8ves de la section lyc\u00e9e\u00a0 \u00e9taient \u00e0 Rodez pour la phase pr\u00e9liminaire du championnat acad\u00e9mique de FUTSAL. Notre \u00e9tablissement\" \/>\n<meta name=\"robots\" content=\"index, follow, max-snippet:-1, max-image-preview:large, max-video-preview:-1\" \/>\n<link rel=\"canonical\" href=\"http:\/\/www.jeannedarc-figeac.fr\/college-lycee\/les-lyceens-en-demi-finale-academique-de-futsal\/\" \/>\n<meta property=\"og:locale\" content=\"fr_FR\" \/>\n<meta property=\"og:type\" content=\"article\" \/>\n<meta property=\"og:title\" content=\"Les lyc\u00e9ens en demi finale acad\u00e9mique de Futsal\" \/>\n<meta property=\"og:description\" content=\"Ce mercredi, nos \u00e9l\u00e8ves de la section lyc\u00e9e\u00a0 \u00e9taient \u00e0 Rodez pour la phase pr\u00e9liminaire du championnat acad\u00e9mique de FUTSAL. Notre \u00e9tablissement\" \/>\n<meta property=\"og:url\" content=\"http:\/\/www.jeannedarc-figeac.fr\/college-lycee\/les-lyceens-en-demi-finale-academique-de-futsal\/\" \/>\n<meta property=\"og:site_name\" content=\"Coll\u00e8ge et Lyc\u00e9e Jeanne d&#039;Arc\" \/>\n<meta property=\"article:published_time\" content=\"2015-03-16T14:58:27+00:00\" \/>\n<meta name=\"author\" content=\"lbodi\" \/>\n<script type=\"application\/ld+json\" class=\"yoast-schema-graph\">{\"@context\":\"https:\/\/schema.org\",\"@graph\":[{\"@type\":\"WebPage\",\"@id\":\"http:\/\/www.jeannedarc-figeac.fr\/college-lycee\/les-lyceens-en-demi-finale-academique-de-futsal\/\",\"url\":\"http:\/\/www.jeannedarc-figeac.fr\/college-lycee\/les-lyceens-en-demi-finale-academique-de-futsal\/\",\"name\":\"Les lyc\u00e9ens en demi finale acad\u00e9mique de Futsal\",\"isPartOf\":{\"@id\":\"https:\/\/www.jeannedarc-figeac.fr\/college-lycee\/#website\"},\"datePublished\":\"2015-03-16T14:58:27+00:00\",\"author\":{\"@id\":\"https:\/\/www.jeannedarc-figeac.fr\/college-lycee\/#\/schema\/person\/73c77ff8c704c2a97b0e1f3f5b764da8\"},\"description\":\"Ce mercredi, nos \u00e9l\u00e8ves de la section lyc\u00e9e\u00a0 \u00e9taient \u00e0 Rodez pour la phase pr\u00e9liminaire du championnat acad\u00e9mique de FUTSAL. Notre \u00e9tablissement\",\"breadcrumb\":{\"@id\":\"http:\/\/www.jeannedarc-figeac.fr\/college-lycee\/les-lyceens-en-demi-finale-academique-de-futsal\/#breadcrumb\"},\"inLanguage\":\"fr-FR\",\"potentialAction\":[{\"@type\":\"ReadAction\",\"target\":[\"http:\/\/www.jeannedarc-figeac.fr\/college-lycee\/les-lyceens-en-demi-finale-academique-de-futsal\/\"]}]},{\"@type\":\"BreadcrumbList\",\"@id\":\"http:\/\/www.jeannedarc-figeac.fr\/college-lycee\/les-lyceens-en-demi-finale-academique-de-futsal\/#breadcrumb\",\"itemListElement\":[{\"@type\":\"ListItem\",\"position\":1,\"name\":\"Accueil\",\"item\":\"https:\/\/www.jeannedarc-figeac.fr\/college-lycee\/\"},{\"@type\":\"ListItem\",\"position\":2,\"name\":\"Actus\",\"item\":\"http:\/\/www.jeannedarc-figeac.fr\/college-lycee\/cat\/actus\/\"},{\"@type\":\"ListItem\",\"position\":3,\"name\":\"Les lyc\u00e9ens en demi finale acad\u00e9mique de Futsal\"}]},{\"@type\":\"WebSite\",\"@id\":\"https:\/\/www.jeannedarc-figeac.fr\/college-lycee\/#website\",\"url\":\"https:\/\/www.jeannedarc-figeac.fr\/college-lycee\/\",\"name\":\"Coll\u00e8ge et Lyc\u00e9e Jeanne d&#039;Arc\",\"description\":\"Jeanne d&#039;Arc Figeac\",\"potentialAction\":[{\"@type\":\"SearchAction\",\"target\":{\"@type\":\"EntryPoint\",\"urlTemplate\":\"https:\/\/www.jeannedarc-figeac.fr\/college-lycee\/?s={search_term_string}\"},\"query-input\":{\"@type\":\"PropertyValueSpecification\",\"valueRequired\":true,\"valueName\":\"search_term_string\"}}],\"inLanguage\":\"fr-FR\"},{\"@type\":\"Person\",\"@id\":\"https:\/\/www.jeannedarc-figeac.fr\/college-lycee\/#\/schema\/person\/73c77ff8c704c2a97b0e1f3f5b764da8\",\"name\":\"lbodi\",\"image\":{\"@type\":\"ImageObject\",\"inLanguage\":\"fr-FR\",\"@id\":\"https:\/\/www.jeannedarc-figeac.fr\/college-lycee\/#\/schema\/person\/image\/\",\"url\":\"https:\/\/www.jeannedarc-figeac.fr\/college-lycee\/wp-content\/litespeed\/avatar\/5\/88f2c477d3cd582cfaf81093731fe5fb.jpg?ver=1777548713\",\"contentUrl\":\"https:\/\/www.jeannedarc-figeac.fr\/college-lycee\/wp-content\/litespeed\/avatar\/5\/88f2c477d3cd582cfaf81093731fe5fb.jpg?ver=1777548713\",\"caption\":\"lbodi\"},\"url\":\"https:\/\/www.jeannedarc-figeac.fr\/college-lycee\/author\/lbodi\/\"}]}<\/script>\n<!-- \/ Yoast SEO plugin. -->","yoast_head_json":{"title":"Les lyc\u00e9ens en demi finale acad\u00e9mique de Futsal","description":"Ce mercredi, nos \u00e9l\u00e8ves de la section lyc\u00e9e\u00a0 \u00e9taient \u00e0 Rodez pour la phase pr\u00e9liminaire du championnat acad\u00e9mique de FUTSAL. Notre \u00e9tablissement","robots":{"index":"index","follow":"follow","max-snippet":"max-snippet:-1","max-image-preview":"max-image-preview:large","max-video-preview":"max-video-preview:-1"},"canonical":"http:\/\/www.jeannedarc-figeac.fr\/college-lycee\/les-lyceens-en-demi-finale-academique-de-futsal\/","og_locale":"fr_FR","og_type":"article","og_title":"Les lyc\u00e9ens en demi finale acad\u00e9mique de Futsal","og_description":"Ce mercredi, nos \u00e9l\u00e8ves de la section lyc\u00e9e\u00a0 \u00e9taient \u00e0 Rodez pour la phase pr\u00e9liminaire du championnat acad\u00e9mique de FUTSAL. Notre \u00e9tablissement","og_url":"http:\/\/www.jeannedarc-figeac.fr\/college-lycee\/les-lyceens-en-demi-finale-academique-de-futsal\/","og_site_name":"Coll\u00e8ge et Lyc\u00e9e Jeanne d&#039;Arc","article_published_time":"2015-03-16T14:58:27+00:00","author":"lbodi","schema":{"@context":"https:\/\/schema.org","@graph":[{"@type":"WebPage","@id":"http:\/\/www.jeannedarc-figeac.fr\/college-lycee\/les-lyceens-en-demi-finale-academique-de-futsal\/","url":"http:\/\/www.jeannedarc-figeac.fr\/college-lycee\/les-lyceens-en-demi-finale-academique-de-futsal\/","name":"Les lyc\u00e9ens en demi finale acad\u00e9mique de Futsal","isPartOf":{"@id":"https:\/\/www.jeannedarc-figeac.fr\/college-lycee\/#website"},"datePublished":"2015-03-16T14:58:27+00:00","author":{"@id":"https:\/\/www.jeannedarc-figeac.fr\/college-lycee\/#\/schema\/person\/73c77ff8c704c2a97b0e1f3f5b764da8"},"description":"Ce mercredi, nos \u00e9l\u00e8ves de la section lyc\u00e9e\u00a0 \u00e9taient \u00e0 Rodez pour la phase pr\u00e9liminaire du championnat acad\u00e9mique de FUTSAL. Notre \u00e9tablissement","breadcrumb":{"@id":"http:\/\/www.jeannedarc-figeac.fr\/college-lycee\/les-lyceens-en-demi-finale-academique-de-futsal\/#breadcrumb"},"inLanguage":"fr-FR","potentialAction":[{"@type":"ReadAction","target":["http:\/\/www.jeannedarc-figeac.fr\/college-lycee\/les-lyceens-en-demi-finale-academique-de-futsal\/"]}]},{"@type":"BreadcrumbList","@id":"http:\/\/www.jeannedarc-figeac.fr\/college-lycee\/les-lyceens-en-demi-finale-academique-de-futsal\/#breadcrumb","itemListElement":[{"@type":"ListItem","position":1,"name":"Accueil","item":"https:\/\/www.jeannedarc-figeac.fr\/college-lycee\/"},{"@type":"ListItem","position":2,"name":"Actus","item":"http:\/\/www.jeannedarc-figeac.fr\/college-lycee\/cat\/actus\/"},{"@type":"ListItem","position":3,"name":"Les lyc\u00e9ens en demi finale acad\u00e9mique de Futsal"}]},{"@type":"WebSite","@id":"https:\/\/www.jeannedarc-figeac.fr\/college-lycee\/#website","url":"https:\/\/www.jeannedarc-figeac.fr\/college-lycee\/","name":"Coll\u00e8ge et Lyc\u00e9e Jeanne d&#039;Arc","description":"Jeanne d&#039;Arc Figeac","potentialAction":[{"@type":"SearchAction","target":{"@type":"EntryPoint","urlTemplate":"https:\/\/www.jeannedarc-figeac.fr\/college-lycee\/?s={search_term_string}"},"query-input":{"@type":"PropertyValueSpecification","valueRequired":true,"valueName":"search_term_string"}}],"inLanguage":"fr-FR"},{"@type":"Person","@id":"https:\/\/www.jeannedarc-figeac.fr\/college-lycee\/#\/schema\/person\/73c77ff8c704c2a97b0e1f3f5b764da8","name":"lbodi","image":{"@type":"ImageObject","inLanguage":"fr-FR","@id":"https:\/\/www.jeannedarc-figeac.fr\/college-lycee\/#\/schema\/person\/image\/","url":"https:\/\/www.jeannedarc-figeac.fr\/college-lycee\/wp-content\/litespeed\/avatar\/5\/88f2c477d3cd582cfaf81093731fe5fb.jpg?ver=1777548713","contentUrl":"https:\/\/www.jeannedarc-figeac.fr\/college-lycee\/wp-content\/litespeed\/avatar\/5\/88f2c477d3cd582cfaf81093731fe5fb.jpg?ver=1777548713","caption":"lbodi"},"url":"https:\/\/www.jeannedarc-figeac.fr\/college-lycee\/author\/lbodi\/"}]}},"jetpack_featured_media_url":"","jetpack_sharing_enabled":true,"jetpack_shortlink":"https:\/\/wp.me\/p5Qyb6-lR","_links":{"self":[{"href":"https:\/\/www.jeannedarc-figeac.fr\/college-lycee\/wp-json\/wp\/v2\/posts\/1355","targetHints":{"allow":["GET"]}}],"collection":[{"href":"https:\/\/www.jeannedarc-figeac.fr\/college-lycee\/wp-json\/wp\/v2\/posts"}],"about":[{"href":"https:\/\/www.jeannedarc-figeac.fr\/college-lycee\/wp-json\/wp\/v2\/types\/post"}],"author":[{"embeddable":true,"href":"https:\/\/www.jeannedarc-figeac.fr\/college-lycee\/wp-json\/wp\/v2\/users\/10"}],"replies":[{"embeddable":true,"href":"https:\/\/www.jeannedarc-figeac.fr\/college-lycee\/wp-json\/wp\/v2\/comments?post=1355"}],"version-history":[{"count":1,"href":"https:\/\/www.jeannedarc-figeac.fr\/college-lycee\/wp-json\/wp\/v2\/posts\/1355\/revisions"}],"predecessor-version":[{"id":1356,"href":"https:\/\/www.jeannedarc-figeac.fr\/college-lycee\/wp-json\/wp\/v2\/posts\/1355\/revisions\/1356"}],"wp:attachment":[{"href":"https:\/\/www.jeannedarc-figeac.fr\/college-lycee\/wp-json\/wp\/v2\/media?parent=1355"}],"wp:term":[{"taxonomy":"category","embeddable":true,"href":"https:\/\/www.jeannedarc-figeac.fr\/college-lycee\/wp-json\/wp\/v2\/categories?post=1355"},{"taxonomy":"post_tag","embeddable":true,"href":"https:\/\/www.jeannedarc-figeac.fr\/college-lycee\/wp-json\/wp\/v2\/tags?post=1355"}],"curies":[{"name":"wp","href":"https:\/\/api.w.org\/{rel}","templated":true}]}}