{"id":1346,"date":"2015-03-16T14:39:48","date_gmt":"2015-03-16T14:39:48","guid":{"rendered":"http:\/\/www.jeannedarc-figeac.fr\/college-lycee\/?p=1346"},"modified":"2015-03-16T14:40:49","modified_gmt":"2015-03-16T14:40:49","slug":"une-excellente-journee-sous-la-neige","status":"publish","type":"post","link":"https:\/\/www.jeannedarc-figeac.fr\/college-lycee\/une-excellente-journee-sous-la-neige\/","title":{"rendered":"Une excellente journ\u00e9e sous la neige"},"content":{"rendered":"<div><span style=\"font-family: Arial;font-size: small\">Le mercredi 04 mars 2015, \u00e9tait organis\u00e9e une sortie ski\u00a0\u00e0 la station du\u00a0Lioran. 34 \u00e9l\u00e8ves de l&rsquo;association sportive du coll\u00e8ge\/lyc\u00e9e et 5 accompagnateurs ont particip\u00e9 \u00e0 cette sortie.<\/span><\/div>\n<div><span style=\"font-family: Arial;font-size: small\">D\u00e8s 11 heures, tous chauss\u00e9s, les \u00e9l\u00e8ves s&rsquo;\u00e9lancent \u00e0 la conqu\u00eate des pistes sous un temps\u00a0variable.\u00a0Quatre groupes ont \u00e9t\u00e9 constitu\u00e9s en fonction du niveau des \u00e9l\u00e8ves. Apr\u00e8s deux heures \u00e0 arpenter les pistes, c&rsquo;est l&rsquo;heure de la pause pique-nique.<\/span><\/div>\n<div><span style=\"font-family: Arial;font-size: small\">Skis aux pieds, nous repartons pour deux heures sous un temps moins cl\u00e9ment mais qui n&rsquo;a pas frein\u00e9 les ardeurs de chacun. C&rsquo;est avec un sourire affich\u00e9 par tous les participants que se termine la journ\u00e9e, ce\u00a0qui est la plus belle r\u00e9compense pour les accompagnateurs.<\/span><\/div>\n<div><span style=\"font-family: Arial;font-size: small\">Merci dame nature de nous avoir offert cette belle journ\u00e9e!<\/span><\/div>\n<div><\/div>\n<div>\n<div class=\"tiled-gallery type-rectangular tiled-gallery-unresized\" data-original-width=\"1080\" data-carousel-extra='null' itemscope itemtype=\"http:\/\/schema.org\/ImageGallery\" > <div class=\"gallery-row\" style=\"width: 1080px; height: 541px;\" data-original-width=\"1080\" data-original-height=\"541\" > <div class=\"gallery-group images-1\" style=\"width: 720px; height: 541px;\" data-original-width=\"720\" data-original-height=\"541\" > <div class=\"tiled-gallery-item tiled-gallery-item-large\" itemprop=\"associatedMedia\" itemscope itemtype=\"http:\/\/schema.org\/ImageObject\"> <a href=\"https:\/\/www.jeannedarc-figeac.fr\/college-lycee\/une-excellente-journee-sous-la-neige\/photo-0188-2\/\" border=\"0\" itemprop=\"url\"> <meta itemprop=\"width\" content=\"716\"> <meta itemprop=\"height\" content=\"537\"> <img decoding=\"async\" class=\"\" data-attachment-id=\"1352\" data-orig-file=\"https:\/\/www.jeannedarc-figeac.fr\/college-lycee\/wp-content\/uploads\/sites\/5\/2015\/03\/Photo-01881.jpg\" data-orig-size=\"1600,1200\" data-comments-opened=\"\" data-image-meta=\"{&quot;aperture&quot;:&quot;2.8&quot;,&quot;credit&quot;:&quot;&quot;,&quot;camera&quot;:&quot;GT-S3570&quot;,&quot;caption&quot;:&quot;&quot;,&quot;created_timestamp&quot;:&quot;1425465100&quot;,&quot;copyright&quot;:&quot;&quot;,&quot;focal_length&quot;:&quot;2.7&quot;,&quot;iso&quot;:&quot;0&quot;,&quot;shutter_speed&quot;:&quot;0.0014814814814815&quot;,&quot;title&quot;:&quot;&quot;,&quot;orientation&quot;:&quot;1&quot;}\" data-image-title=\"ski2015_station\" data-image-description=\"\" data-medium-file=\"https:\/\/i0.wp.com\/www.jeannedarc-figeac.fr\/college-lycee\/wp-content\/uploads\/sites\/5\/2015\/03\/Photo-01881.jpg?fit=300%2C225&#038;ssl=1\" data-large-file=\"https:\/\/i0.wp.com\/www.jeannedarc-figeac.fr\/college-lycee\/wp-content\/uploads\/sites\/5\/2015\/03\/Photo-01881.jpg?fit=1024%2C768&#038;ssl=1\" src=\"https:\/\/i0.wp.com\/www.jeannedarc-figeac.fr\/college-lycee\/wp-content\/uploads\/sites\/5\/2015\/03\/Photo-01881.jpg?w=716&#038;h=537&#038;ssl=1\" srcset=\"https:\/\/i0.wp.com\/www.jeannedarc-figeac.fr\/college-lycee\/wp-content\/uploads\/sites\/5\/2015\/03\/Photo-01881.jpg?w=1600&amp;ssl=1 1600w, https:\/\/i0.wp.com\/www.jeannedarc-figeac.fr\/college-lycee\/wp-content\/uploads\/sites\/5\/2015\/03\/Photo-01881.jpg?resize=300%2C225&amp;ssl=1 300w, https:\/\/i0.wp.com\/www.jeannedarc-figeac.fr\/college-lycee\/wp-content\/uploads\/sites\/5\/2015\/03\/Photo-01881.jpg?resize=1024%2C768&amp;ssl=1 1024w, https:\/\/i0.wp.com\/www.jeannedarc-figeac.fr\/college-lycee\/wp-content\/uploads\/sites\/5\/2015\/03\/Photo-01881.jpg?resize=1080%2C810&amp;ssl=1 1080w\" width=\"716\" height=\"537\" loading=\"lazy\" data-original-width=\"716\" data-original-height=\"537\" itemprop=\"http:\/\/schema.org\/image\" title=\"ski2015_station\" alt=\"ski2015_station\" style=\"width: 716px; height: 537px;\" \/> <\/a> <\/div> <\/div> <!-- close group --> <div class=\"gallery-group images-2\" style=\"width: 360px; height: 541px;\" data-original-width=\"360\" data-original-height=\"541\" > <div class=\"tiled-gallery-item tiled-gallery-item-large\" itemprop=\"associatedMedia\" itemscope itemtype=\"http:\/\/schema.org\/ImageObject\"> <a href=\"https:\/\/www.jeannedarc-figeac.fr\/college-lycee\/une-excellente-journee-sous-la-neige\/photo-0189\/\" border=\"0\" itemprop=\"url\"> <meta itemprop=\"width\" content=\"356\"> <meta itemprop=\"height\" content=\"267\"> <img decoding=\"async\" class=\"\" data-attachment-id=\"1350\" data-orig-file=\"https:\/\/www.jeannedarc-figeac.fr\/college-lycee\/wp-content\/uploads\/sites\/5\/2015\/03\/Photo-0189.jpg\" data-orig-size=\"1600,1200\" data-comments-opened=\"\" data-image-meta=\"{&quot;aperture&quot;:&quot;2.8&quot;,&quot;credit&quot;:&quot;&quot;,&quot;camera&quot;:&quot;GT-S3570&quot;,&quot;caption&quot;:&quot;&quot;,&quot;created_timestamp&quot;:&quot;1425468988&quot;,&quot;copyright&quot;:&quot;&quot;,&quot;focal_length&quot;:&quot;2.7&quot;,&quot;iso&quot;:&quot;0&quot;,&quot;shutter_speed&quot;:&quot;0.00023078698361412&quot;,&quot;title&quot;:&quot;&quot;,&quot;orientation&quot;:&quot;1&quot;}\" data-image-title=\"ski2015_groupe1\" data-image-description=\"\" data-medium-file=\"https:\/\/i0.wp.com\/www.jeannedarc-figeac.fr\/college-lycee\/wp-content\/uploads\/sites\/5\/2015\/03\/Photo-0189.jpg?fit=300%2C225&#038;ssl=1\" data-large-file=\"https:\/\/i0.wp.com\/www.jeannedarc-figeac.fr\/college-lycee\/wp-content\/uploads\/sites\/5\/2015\/03\/Photo-0189.jpg?fit=1024%2C768&#038;ssl=1\" src=\"https:\/\/i0.wp.com\/www.jeannedarc-figeac.fr\/college-lycee\/wp-content\/uploads\/sites\/5\/2015\/03\/Photo-0189.jpg?w=356&#038;h=267&#038;ssl=1\" srcset=\"https:\/\/i0.wp.com\/www.jeannedarc-figeac.fr\/college-lycee\/wp-content\/uploads\/sites\/5\/2015\/03\/Photo-0189.jpg?w=1600&amp;ssl=1 1600w, https:\/\/i0.wp.com\/www.jeannedarc-figeac.fr\/college-lycee\/wp-content\/uploads\/sites\/5\/2015\/03\/Photo-0189.jpg?resize=300%2C225&amp;ssl=1 300w, https:\/\/i0.wp.com\/www.jeannedarc-figeac.fr\/college-lycee\/wp-content\/uploads\/sites\/5\/2015\/03\/Photo-0189.jpg?resize=1024%2C768&amp;ssl=1 1024w, https:\/\/i0.wp.com\/www.jeannedarc-figeac.fr\/college-lycee\/wp-content\/uploads\/sites\/5\/2015\/03\/Photo-0189.jpg?resize=1080%2C810&amp;ssl=1 1080w\" width=\"356\" height=\"267\" loading=\"lazy\" data-original-width=\"356\" data-original-height=\"267\" itemprop=\"http:\/\/schema.org\/image\" title=\"ski2015_groupe1\" alt=\"ski2015_groupe1\" style=\"width: 356px; height: 267px;\" \/> <\/a> <\/div> <div class=\"tiled-gallery-item tiled-gallery-item-large\" itemprop=\"associatedMedia\" itemscope itemtype=\"http:\/\/schema.org\/ImageObject\"> <a href=\"https:\/\/www.jeannedarc-figeac.fr\/college-lycee\/une-excellente-journee-sous-la-neige\/photo-0190\/\" border=\"0\" itemprop=\"url\"> <meta itemprop=\"width\" content=\"356\"> <meta itemprop=\"height\" content=\"266\"> <img decoding=\"async\" class=\"\" data-attachment-id=\"1351\" data-orig-file=\"https:\/\/www.jeannedarc-figeac.fr\/college-lycee\/wp-content\/uploads\/sites\/5\/2015\/03\/Photo-0190.jpg\" data-orig-size=\"1600,1200\" data-comments-opened=\"\" data-image-meta=\"{&quot;aperture&quot;:&quot;2.8&quot;,&quot;credit&quot;:&quot;&quot;,&quot;camera&quot;:&quot;GT-S3570&quot;,&quot;caption&quot;:&quot;&quot;,&quot;created_timestamp&quot;:&quot;1425469015&quot;,&quot;copyright&quot;:&quot;&quot;,&quot;focal_length&quot;:&quot;2.7&quot;,&quot;iso&quot;:&quot;0&quot;,&quot;shutter_speed&quot;:&quot;0.00040371417036738&quot;,&quot;title&quot;:&quot;&quot;,&quot;orientation&quot;:&quot;1&quot;}\" data-image-title=\"ski2015_groupe2\" data-image-description=\"\" data-medium-file=\"https:\/\/i0.wp.com\/www.jeannedarc-figeac.fr\/college-lycee\/wp-content\/uploads\/sites\/5\/2015\/03\/Photo-0190.jpg?fit=300%2C225&#038;ssl=1\" data-large-file=\"https:\/\/i0.wp.com\/www.jeannedarc-figeac.fr\/college-lycee\/wp-content\/uploads\/sites\/5\/2015\/03\/Photo-0190.jpg?fit=1024%2C768&#038;ssl=1\" src=\"https:\/\/i0.wp.com\/www.jeannedarc-figeac.fr\/college-lycee\/wp-content\/uploads\/sites\/5\/2015\/03\/Photo-0190.jpg?w=356&#038;h=266&#038;ssl=1\" srcset=\"https:\/\/i0.wp.com\/www.jeannedarc-figeac.fr\/college-lycee\/wp-content\/uploads\/sites\/5\/2015\/03\/Photo-0190.jpg?w=1600&amp;ssl=1 1600w, https:\/\/i0.wp.com\/www.jeannedarc-figeac.fr\/college-lycee\/wp-content\/uploads\/sites\/5\/2015\/03\/Photo-0190.jpg?resize=300%2C225&amp;ssl=1 300w, https:\/\/i0.wp.com\/www.jeannedarc-figeac.fr\/college-lycee\/wp-content\/uploads\/sites\/5\/2015\/03\/Photo-0190.jpg?resize=1024%2C768&amp;ssl=1 1024w, https:\/\/i0.wp.com\/www.jeannedarc-figeac.fr\/college-lycee\/wp-content\/uploads\/sites\/5\/2015\/03\/Photo-0190.jpg?resize=1080%2C810&amp;ssl=1 1080w\" width=\"356\" height=\"266\" loading=\"lazy\" data-original-width=\"356\" data-original-height=\"266\" itemprop=\"http:\/\/schema.org\/image\" title=\"ski2015_groupe2\" alt=\"ski2015_groupe2\" style=\"width: 356px; height: 266px;\" \/> <\/a> <\/div> <\/div> <!-- close group --> <\/div> <!-- close row --> <\/div>\n<\/div>\n","protected":false},"excerpt":{"rendered":"<p>Le mercredi 04 mars 2015, \u00e9tait organis\u00e9e une sortie ski\u00a0\u00e0 la station du\u00a0Lioran. 34 \u00e9l\u00e8ves de l&rsquo;association sportive du coll\u00e8ge\/lyc\u00e9e et 5 accompagnateurs ont particip\u00e9 \u00e0 cette sortie. D\u00e8s 11 heures, tous chauss\u00e9s, les \u00e9l\u00e8ves s&rsquo;\u00e9lancent \u00e0 la conqu\u00eate des pistes sous un temps\u00a0variable.\u00a0Quatre groupes ont \u00e9t\u00e9 constitu\u00e9s en fonction du niveau des \u00e9l\u00e8ves. Apr\u00e8s [&hellip;]<\/p>\n","protected":false},"author":10,"featured_media":0,"comment_status":"closed","ping_status":"open","sticky":false,"template":"","format":"standard","meta":{"_et_pb_use_builder":"","_et_pb_old_content":"","_et_gb_content_width":"","_jetpack_newsletter_access":"","_jetpack_dont_email_post_to_subs":false,"_jetpack_newsletter_tier_id":0,"_jetpack_memberships_contains_paywalled_content":false,"iawp_total_views":0,"_jetpack_memberships_contains_paid_content":false,"footnotes":""},"categories":[28],"tags":[],"class_list":["post-1346","post","type-post","status-publish","format-standard","hentry","category-actus"],"yoast_head":"<!-- This site is optimized with the Yoast SEO plugin v26.0 - https:\/\/yoast.com\/wordpress\/plugins\/seo\/ -->\n<title>Une excellente journ\u00e9e sous la neige<\/title>\n<meta name=\"description\" content=\"Le mercredi 04 mars 2015, \u00e9tait organis\u00e9e une sortie ski\u00a0\u00e0 la station du\u00a0Lioran. 34 \u00e9l\u00e8ves de l&#039;association sportive du coll\u00e8ge\/lyc\u00e9e et 5 accompagnateurs\" \/>\n<meta name=\"robots\" content=\"index, follow, max-snippet:-1, max-image-preview:large, max-video-preview:-1\" \/>\n<link rel=\"canonical\" href=\"https:\/\/www.jeannedarc-figeac.fr\/college-lycee\/une-excellente-journee-sous-la-neige\/\" \/>\n<meta property=\"og:locale\" content=\"fr_FR\" \/>\n<meta property=\"og:type\" content=\"article\" \/>\n<meta property=\"og:title\" content=\"Une excellente journ\u00e9e sous la neige\" \/>\n<meta property=\"og:description\" content=\"Le mercredi 04 mars 2015, \u00e9tait organis\u00e9e une sortie ski\u00a0\u00e0 la station du\u00a0Lioran. 34 \u00e9l\u00e8ves de l&#039;association sportive du coll\u00e8ge\/lyc\u00e9e et 5 accompagnateurs\" \/>\n<meta property=\"og:url\" content=\"https:\/\/www.jeannedarc-figeac.fr\/college-lycee\/une-excellente-journee-sous-la-neige\/\" \/>\n<meta property=\"og:site_name\" content=\"Coll\u00e8ge et Lyc\u00e9e Jeanne d&#039;Arc\" \/>\n<meta property=\"article:published_time\" content=\"2015-03-16T14:39:48+00:00\" \/>\n<meta property=\"article:modified_time\" content=\"2015-03-16T14:40:49+00:00\" \/>\n<meta property=\"og:image\" content=\"https:\/\/i0.wp.com\/www.jeannedarc-figeac.fr\/college-lycee\/wp-content\/uploads\/sites\/5\/2015\/03\/Photo-01881.jpg?w=716&#038;h=537&#038;ssl=1\" \/>\n<meta name=\"author\" content=\"lbodi\" \/>\n<script type=\"application\/ld+json\" class=\"yoast-schema-graph\">{\"@context\":\"https:\/\/schema.org\",\"@graph\":[{\"@type\":\"WebPage\",\"@id\":\"https:\/\/www.jeannedarc-figeac.fr\/college-lycee\/une-excellente-journee-sous-la-neige\/\",\"url\":\"https:\/\/www.jeannedarc-figeac.fr\/college-lycee\/une-excellente-journee-sous-la-neige\/\",\"name\":\"Une excellente journ\u00e9e sous la neige\",\"isPartOf\":{\"@id\":\"https:\/\/www.jeannedarc-figeac.fr\/college-lycee\/#website\"},\"datePublished\":\"2015-03-16T14:39:48+00:00\",\"dateModified\":\"2015-03-16T14:40:49+00:00\",\"author\":{\"@id\":\"https:\/\/www.jeannedarc-figeac.fr\/college-lycee\/#\/schema\/person\/73c77ff8c704c2a97b0e1f3f5b764da8\"},\"description\":\"Le mercredi 04 mars 2015, \u00e9tait organis\u00e9e une sortie ski\u00a0\u00e0 la station du\u00a0Lioran. 34 \u00e9l\u00e8ves de l'association sportive du coll\u00e8ge\/lyc\u00e9e et 5 accompagnateurs\",\"breadcrumb\":{\"@id\":\"https:\/\/www.jeannedarc-figeac.fr\/college-lycee\/une-excellente-journee-sous-la-neige\/#breadcrumb\"},\"inLanguage\":\"fr-FR\",\"potentialAction\":[{\"@type\":\"ReadAction\",\"target\":[\"https:\/\/www.jeannedarc-figeac.fr\/college-lycee\/une-excellente-journee-sous-la-neige\/\"]}]},{\"@type\":\"BreadcrumbList\",\"@id\":\"https:\/\/www.jeannedarc-figeac.fr\/college-lycee\/une-excellente-journee-sous-la-neige\/#breadcrumb\",\"itemListElement\":[{\"@type\":\"ListItem\",\"position\":1,\"name\":\"Accueil\",\"item\":\"https:\/\/www.jeannedarc-figeac.fr\/college-lycee\/\"},{\"@type\":\"ListItem\",\"position\":2,\"name\":\"Actus\",\"item\":\"http:\/\/www.jeannedarc-figeac.fr\/college-lycee\/cat\/actus\/\"},{\"@type\":\"ListItem\",\"position\":3,\"name\":\"Une excellente journ\u00e9e sous la neige\"}]},{\"@type\":\"WebSite\",\"@id\":\"https:\/\/www.jeannedarc-figeac.fr\/college-lycee\/#website\",\"url\":\"https:\/\/www.jeannedarc-figeac.fr\/college-lycee\/\",\"name\":\"Coll\u00e8ge et Lyc\u00e9e Jeanne d&#039;Arc\",\"description\":\"Jeanne d&#039;Arc Figeac\",\"potentialAction\":[{\"@type\":\"SearchAction\",\"target\":{\"@type\":\"EntryPoint\",\"urlTemplate\":\"https:\/\/www.jeannedarc-figeac.fr\/college-lycee\/?s={search_term_string}\"},\"query-input\":{\"@type\":\"PropertyValueSpecification\",\"valueRequired\":true,\"valueName\":\"search_term_string\"}}],\"inLanguage\":\"fr-FR\"},{\"@type\":\"Person\",\"@id\":\"https:\/\/www.jeannedarc-figeac.fr\/college-lycee\/#\/schema\/person\/73c77ff8c704c2a97b0e1f3f5b764da8\",\"name\":\"lbodi\",\"image\":{\"@type\":\"ImageObject\",\"inLanguage\":\"fr-FR\",\"@id\":\"https:\/\/www.jeannedarc-figeac.fr\/college-lycee\/#\/schema\/person\/image\/\",\"url\":\"https:\/\/www.jeannedarc-figeac.fr\/college-lycee\/wp-content\/litespeed\/avatar\/5\/88f2c477d3cd582cfaf81093731fe5fb.jpg?ver=1776943642\",\"contentUrl\":\"https:\/\/www.jeannedarc-figeac.fr\/college-lycee\/wp-content\/litespeed\/avatar\/5\/88f2c477d3cd582cfaf81093731fe5fb.jpg?ver=1776943642\",\"caption\":\"lbodi\"},\"url\":\"https:\/\/www.jeannedarc-figeac.fr\/college-lycee\/author\/lbodi\/\"}]}<\/script>\n<!-- \/ Yoast SEO plugin. -->","yoast_head_json":{"title":"Une excellente journ\u00e9e sous la neige","description":"Le mercredi 04 mars 2015, \u00e9tait organis\u00e9e une sortie ski\u00a0\u00e0 la station du\u00a0Lioran. 34 \u00e9l\u00e8ves de l'association sportive du coll\u00e8ge\/lyc\u00e9e et 5 accompagnateurs","robots":{"index":"index","follow":"follow","max-snippet":"max-snippet:-1","max-image-preview":"max-image-preview:large","max-video-preview":"max-video-preview:-1"},"canonical":"https:\/\/www.jeannedarc-figeac.fr\/college-lycee\/une-excellente-journee-sous-la-neige\/","og_locale":"fr_FR","og_type":"article","og_title":"Une excellente journ\u00e9e sous la neige","og_description":"Le mercredi 04 mars 2015, \u00e9tait organis\u00e9e une sortie ski\u00a0\u00e0 la station du\u00a0Lioran. 34 \u00e9l\u00e8ves de l'association sportive du coll\u00e8ge\/lyc\u00e9e et 5 accompagnateurs","og_url":"https:\/\/www.jeannedarc-figeac.fr\/college-lycee\/une-excellente-journee-sous-la-neige\/","og_site_name":"Coll\u00e8ge et Lyc\u00e9e Jeanne d&#039;Arc","article_published_time":"2015-03-16T14:39:48+00:00","article_modified_time":"2015-03-16T14:40:49+00:00","og_image":[{"url":"https:\/\/i0.wp.com\/www.jeannedarc-figeac.fr\/college-lycee\/wp-content\/uploads\/sites\/5\/2015\/03\/Photo-01881.jpg?w=716&#038;h=537&#038;ssl=1","type":"","width":"","height":""}],"author":"lbodi","schema":{"@context":"https:\/\/schema.org","@graph":[{"@type":"WebPage","@id":"https:\/\/www.jeannedarc-figeac.fr\/college-lycee\/une-excellente-journee-sous-la-neige\/","url":"https:\/\/www.jeannedarc-figeac.fr\/college-lycee\/une-excellente-journee-sous-la-neige\/","name":"Une excellente journ\u00e9e sous la neige","isPartOf":{"@id":"https:\/\/www.jeannedarc-figeac.fr\/college-lycee\/#website"},"datePublished":"2015-03-16T14:39:48+00:00","dateModified":"2015-03-16T14:40:49+00:00","author":{"@id":"https:\/\/www.jeannedarc-figeac.fr\/college-lycee\/#\/schema\/person\/73c77ff8c704c2a97b0e1f3f5b764da8"},"description":"Le mercredi 04 mars 2015, \u00e9tait organis\u00e9e une sortie ski\u00a0\u00e0 la station du\u00a0Lioran. 34 \u00e9l\u00e8ves de l'association sportive du coll\u00e8ge\/lyc\u00e9e et 5 accompagnateurs","breadcrumb":{"@id":"https:\/\/www.jeannedarc-figeac.fr\/college-lycee\/une-excellente-journee-sous-la-neige\/#breadcrumb"},"inLanguage":"fr-FR","potentialAction":[{"@type":"ReadAction","target":["https:\/\/www.jeannedarc-figeac.fr\/college-lycee\/une-excellente-journee-sous-la-neige\/"]}]},{"@type":"BreadcrumbList","@id":"https:\/\/www.jeannedarc-figeac.fr\/college-lycee\/une-excellente-journee-sous-la-neige\/#breadcrumb","itemListElement":[{"@type":"ListItem","position":1,"name":"Accueil","item":"https:\/\/www.jeannedarc-figeac.fr\/college-lycee\/"},{"@type":"ListItem","position":2,"name":"Actus","item":"http:\/\/www.jeannedarc-figeac.fr\/college-lycee\/cat\/actus\/"},{"@type":"ListItem","position":3,"name":"Une excellente journ\u00e9e sous la neige"}]},{"@type":"WebSite","@id":"https:\/\/www.jeannedarc-figeac.fr\/college-lycee\/#website","url":"https:\/\/www.jeannedarc-figeac.fr\/college-lycee\/","name":"Coll\u00e8ge et Lyc\u00e9e Jeanne d&#039;Arc","description":"Jeanne d&#039;Arc Figeac","potentialAction":[{"@type":"SearchAction","target":{"@type":"EntryPoint","urlTemplate":"https:\/\/www.jeannedarc-figeac.fr\/college-lycee\/?s={search_term_string}"},"query-input":{"@type":"PropertyValueSpecification","valueRequired":true,"valueName":"search_term_string"}}],"inLanguage":"fr-FR"},{"@type":"Person","@id":"https:\/\/www.jeannedarc-figeac.fr\/college-lycee\/#\/schema\/person\/73c77ff8c704c2a97b0e1f3f5b764da8","name":"lbodi","image":{"@type":"ImageObject","inLanguage":"fr-FR","@id":"https:\/\/www.jeannedarc-figeac.fr\/college-lycee\/#\/schema\/person\/image\/","url":"https:\/\/www.jeannedarc-figeac.fr\/college-lycee\/wp-content\/litespeed\/avatar\/5\/88f2c477d3cd582cfaf81093731fe5fb.jpg?ver=1776943642","contentUrl":"https:\/\/www.jeannedarc-figeac.fr\/college-lycee\/wp-content\/litespeed\/avatar\/5\/88f2c477d3cd582cfaf81093731fe5fb.jpg?ver=1776943642","caption":"lbodi"},"url":"https:\/\/www.jeannedarc-figeac.fr\/college-lycee\/author\/lbodi\/"}]}},"jetpack_featured_media_url":"","jetpack_sharing_enabled":true,"jetpack_shortlink":"https:\/\/wp.me\/p5Qyb6-lI","_links":{"self":[{"href":"https:\/\/www.jeannedarc-figeac.fr\/college-lycee\/wp-json\/wp\/v2\/posts\/1346","targetHints":{"allow":["GET"]}}],"collection":[{"href":"https:\/\/www.jeannedarc-figeac.fr\/college-lycee\/wp-json\/wp\/v2\/posts"}],"about":[{"href":"https:\/\/www.jeannedarc-figeac.fr\/college-lycee\/wp-json\/wp\/v2\/types\/post"}],"author":[{"embeddable":true,"href":"https:\/\/www.jeannedarc-figeac.fr\/college-lycee\/wp-json\/wp\/v2\/users\/10"}],"replies":[{"embeddable":true,"href":"https:\/\/www.jeannedarc-figeac.fr\/college-lycee\/wp-json\/wp\/v2\/comments?post=1346"}],"version-history":[{"count":4,"href":"https:\/\/www.jeannedarc-figeac.fr\/college-lycee\/wp-json\/wp\/v2\/posts\/1346\/revisions"}],"predecessor-version":[{"id":1354,"href":"https:\/\/www.jeannedarc-figeac.fr\/college-lycee\/wp-json\/wp\/v2\/posts\/1346\/revisions\/1354"}],"wp:attachment":[{"href":"https:\/\/www.jeannedarc-figeac.fr\/college-lycee\/wp-json\/wp\/v2\/media?parent=1346"}],"wp:term":[{"taxonomy":"category","embeddable":true,"href":"https:\/\/www.jeannedarc-figeac.fr\/college-lycee\/wp-json\/wp\/v2\/categories?post=1346"},{"taxonomy":"post_tag","embeddable":true,"href":"https:\/\/www.jeannedarc-figeac.fr\/college-lycee\/wp-json\/wp\/v2\/tags?post=1346"}],"curies":[{"name":"wp","href":"https:\/\/api.w.org\/{rel}","templated":true}]}}