{"id":1110,"date":"2015-03-04T10:43:07","date_gmt":"2015-03-04T10:43:07","guid":{"rendered":"http:\/\/www.jeannedarc-figeac.fr\/college-lycee\/?p=1110"},"modified":"2015-03-04T10:59:55","modified_gmt":"2015-03-04T10:59:55","slug":"un-message-de-tolerance","status":"publish","type":"post","link":"https:\/\/www.jeannedarc-figeac.fr\/college-lycee\/un-message-de-tolerance\/","title":{"rendered":"Un message de tol\u00e9rance"},"content":{"rendered":"<p><a href=\"http:\/\/www.jeannedarc-figeac.fr\/college-lycee\/un-message-de-tolerance\/jackycordonnier\/\" target=\"_blank\"><img data-recalc-dims=\"1\" loading=\"lazy\" decoding=\"async\" class=\"alignleft wp-image-1108 size-medium\" title=\"Intervention Jacky Cordonnier\" src=\"https:\/\/i0.wp.com\/www.jeannedarc-figeac.fr\/college-lycee\/wp-content\/uploads\/sites\/5\/2015\/03\/JackyCordonnier.jpg?resize=300%2C225\" alt=\"Jacky Cordonnier\" width=\"300\" height=\"225\" srcset=\"https:\/\/i0.wp.com\/www.jeannedarc-figeac.fr\/college-lycee\/wp-content\/uploads\/sites\/5\/2015\/03\/JackyCordonnier.jpg?resize=300%2C225&amp;ssl=1 300w, https:\/\/i0.wp.com\/www.jeannedarc-figeac.fr\/college-lycee\/wp-content\/uploads\/sites\/5\/2015\/03\/JackyCordonnier.jpg?resize=1024%2C768&amp;ssl=1 1024w, https:\/\/i0.wp.com\/www.jeannedarc-figeac.fr\/college-lycee\/wp-content\/uploads\/sites\/5\/2015\/03\/JackyCordonnier.jpg?resize=1080%2C810&amp;ssl=1 1080w, https:\/\/i0.wp.com\/www.jeannedarc-figeac.fr\/college-lycee\/wp-content\/uploads\/sites\/5\/2015\/03\/JackyCordonnier.jpg?w=1200&amp;ssl=1 1200w\" sizes=\"(max-width: 300px) 100vw, 300px\" \/><\/a><\/p>\n<p>Pour la deuxi\u00e8me ann\u00e9e cons\u00e9cutive, le coll\u00e8ge et lyc\u00e9e Jeanne d\u2019Arc a invit\u00e9 l\u2019\u00e9crivain et historien des religions Jacky Cordonnier. Ce sp\u00e9cialiste a anim\u00e9 un cycle de conf\u00e9rences destin\u00e9 aux \u00e9l\u00e8ves de la 4\u00e8me \u00e0 la Terminale.<\/p>\n<p>Les th\u00e8mes abord\u00e9s \u00e9taient vari\u00e9s\u00a0: \u00ab\u00a0les religions monoth\u00e9istes, ce qui s\u00e9pare et unit\u00a0\u00bb, \u00ab\u00a0Sciences et foi\u00a0\u00bb, \u00ab\u00a0les f\u00eates religieuses dans les religions\u00a0\u00bb, \u00ab\u00a0les sectes et les jeunes\u00a0\u00bb.<\/p>\n<p>L\u2019objectif \u00e9tait de donner une meilleure connaissance du monde contemporain fa\u00e7onn\u00e9 par les diff\u00e9rentes religions au fil des si\u00e8cles.<\/p>\n","protected":false},"excerpt":{"rendered":"<p>Pour la deuxi\u00e8me ann\u00e9e cons\u00e9cutive, le coll\u00e8ge et lyc\u00e9e Jeanne d\u2019Arc a invit\u00e9 l\u2019\u00e9crivain et historien des religions Jacky Cordonnier. Ce sp\u00e9cialiste a anim\u00e9 un cycle de conf\u00e9rences destin\u00e9 aux \u00e9l\u00e8ves de la 4\u00e8me \u00e0 la Terminale. Les th\u00e8mes abord\u00e9s \u00e9taient vari\u00e9s\u00a0: \u00ab\u00a0les religions monoth\u00e9istes, ce qui s\u00e9pare et unit\u00a0\u00bb, \u00ab\u00a0Sciences et foi\u00a0\u00bb, \u00ab\u00a0les f\u00eates [&hellip;]<\/p>\n","protected":false},"author":1,"featured_media":0,"comment_status":"closed","ping_status":"open","sticky":false,"template":"","format":"standard","meta":{"_et_pb_use_builder":"","_et_pb_old_content":"","_et_gb_content_width":"","_jetpack_newsletter_access":"","_jetpack_dont_email_post_to_subs":false,"_jetpack_newsletter_tier_id":0,"_jetpack_memberships_contains_paywalled_content":false,"iawp_total_views":0,"_jetpack_memberships_contains_paid_content":false,"footnotes":""},"categories":[28],"tags":[],"class_list":["post-1110","post","type-post","status-publish","format-standard","hentry","category-actus"],"yoast_head":"<!-- This site is optimized with the Yoast SEO plugin v26.0 - https:\/\/yoast.com\/wordpress\/plugins\/seo\/ -->\n<title>Un message de tol\u00e9rance<\/title>\n<meta name=\"description\" content=\"Pour la deuxi\u00e8me ann\u00e9e cons\u00e9cutive, le coll\u00e8ge et lyc\u00e9e Jeanne d\u2019Arc a invit\u00e9 l\u2019\u00e9crivain et historien des religions Jacky Cordonnier...\" \/>\n<meta name=\"robots\" content=\"index, follow, max-snippet:-1, max-image-preview:large, max-video-preview:-1\" \/>\n<link rel=\"canonical\" href=\"https:\/\/www.jeannedarc-figeac.fr\/college-lycee\/un-message-de-tolerance\/\" \/>\n<meta property=\"og:locale\" content=\"fr_FR\" \/>\n<meta property=\"og:type\" content=\"article\" \/>\n<meta property=\"og:title\" content=\"Un message de tol\u00e9rance\" \/>\n<meta property=\"og:description\" content=\"Pour la deuxi\u00e8me ann\u00e9e cons\u00e9cutive, le coll\u00e8ge et lyc\u00e9e Jeanne d\u2019Arc a invit\u00e9 l\u2019\u00e9crivain et historien des religions Jacky Cordonnier...\" \/>\n<meta property=\"og:url\" content=\"https:\/\/www.jeannedarc-figeac.fr\/college-lycee\/un-message-de-tolerance\/\" \/>\n<meta property=\"og:site_name\" content=\"Coll\u00e8ge et Lyc\u00e9e Jeanne d&#039;Arc\" \/>\n<meta property=\"article:published_time\" content=\"2015-03-04T10:43:07+00:00\" \/>\n<meta property=\"article:modified_time\" content=\"2015-03-04T10:59:55+00:00\" \/>\n<meta property=\"og:image\" content=\"http:\/\/www.jeannedarc-figeac.fr\/college-lycee\/wp-content\/uploads\/sites\/5\/2015\/03\/JackyCordonnier-300x225.jpg\" \/>\n<meta name=\"author\" content=\"Le reporter\" \/>\n<script type=\"application\/ld+json\" class=\"yoast-schema-graph\">{\"@context\":\"https:\/\/schema.org\",\"@graph\":[{\"@type\":\"WebPage\",\"@id\":\"https:\/\/www.jeannedarc-figeac.fr\/college-lycee\/un-message-de-tolerance\/\",\"url\":\"https:\/\/www.jeannedarc-figeac.fr\/college-lycee\/un-message-de-tolerance\/\",\"name\":\"Un message de tol\u00e9rance\",\"isPartOf\":{\"@id\":\"https:\/\/www.jeannedarc-figeac.fr\/college-lycee\/#website\"},\"primaryImageOfPage\":{\"@id\":\"https:\/\/www.jeannedarc-figeac.fr\/college-lycee\/un-message-de-tolerance\/#primaryimage\"},\"image\":{\"@id\":\"https:\/\/www.jeannedarc-figeac.fr\/college-lycee\/un-message-de-tolerance\/#primaryimage\"},\"thumbnailUrl\":\"http:\/\/www.jeannedarc-figeac.fr\/college-lycee\/wp-content\/uploads\/sites\/5\/2015\/03\/JackyCordonnier-300x225.jpg\",\"datePublished\":\"2015-03-04T10:43:07+00:00\",\"dateModified\":\"2015-03-04T10:59:55+00:00\",\"author\":{\"@id\":\"https:\/\/www.jeannedarc-figeac.fr\/college-lycee\/#\/schema\/person\/22fb79f798fa73472ddc370602ea62e8\"},\"description\":\"Pour la deuxi\u00e8me ann\u00e9e cons\u00e9cutive, le coll\u00e8ge et lyc\u00e9e Jeanne d\u2019Arc a invit\u00e9 l\u2019\u00e9crivain et historien des religions Jacky Cordonnier...\",\"breadcrumb\":{\"@id\":\"https:\/\/www.jeannedarc-figeac.fr\/college-lycee\/un-message-de-tolerance\/#breadcrumb\"},\"inLanguage\":\"fr-FR\",\"potentialAction\":[{\"@type\":\"ReadAction\",\"target\":[\"https:\/\/www.jeannedarc-figeac.fr\/college-lycee\/un-message-de-tolerance\/\"]}]},{\"@type\":\"ImageObject\",\"inLanguage\":\"fr-FR\",\"@id\":\"https:\/\/www.jeannedarc-figeac.fr\/college-lycee\/un-message-de-tolerance\/#primaryimage\",\"url\":\"https:\/\/i0.wp.com\/www.jeannedarc-figeac.fr\/college-lycee\/wp-content\/uploads\/sites\/5\/2015\/03\/JackyCordonnier.jpg?fit=1200%2C900&ssl=1\",\"contentUrl\":\"https:\/\/i0.wp.com\/www.jeannedarc-figeac.fr\/college-lycee\/wp-content\/uploads\/sites\/5\/2015\/03\/JackyCordonnier.jpg?fit=1200%2C900&ssl=1\",\"width\":1200,\"height\":900},{\"@type\":\"BreadcrumbList\",\"@id\":\"https:\/\/www.jeannedarc-figeac.fr\/college-lycee\/un-message-de-tolerance\/#breadcrumb\",\"itemListElement\":[{\"@type\":\"ListItem\",\"position\":1,\"name\":\"Accueil\",\"item\":\"https:\/\/www.jeannedarc-figeac.fr\/college-lycee\/\"},{\"@type\":\"ListItem\",\"position\":2,\"name\":\"Actus\",\"item\":\"http:\/\/www.jeannedarc-figeac.fr\/college-lycee\/cat\/actus\/\"},{\"@type\":\"ListItem\",\"position\":3,\"name\":\"Un message de tol\u00e9rance\"}]},{\"@type\":\"WebSite\",\"@id\":\"https:\/\/www.jeannedarc-figeac.fr\/college-lycee\/#website\",\"url\":\"https:\/\/www.jeannedarc-figeac.fr\/college-lycee\/\",\"name\":\"Coll\u00e8ge et Lyc\u00e9e Jeanne d&#039;Arc\",\"description\":\"Jeanne d&#039;Arc Figeac\",\"potentialAction\":[{\"@type\":\"SearchAction\",\"target\":{\"@type\":\"EntryPoint\",\"urlTemplate\":\"https:\/\/www.jeannedarc-figeac.fr\/college-lycee\/?s={search_term_string}\"},\"query-input\":{\"@type\":\"PropertyValueSpecification\",\"valueRequired\":true,\"valueName\":\"search_term_string\"}}],\"inLanguage\":\"fr-FR\"},{\"@type\":\"Person\",\"@id\":\"https:\/\/www.jeannedarc-figeac.fr\/college-lycee\/#\/schema\/person\/22fb79f798fa73472ddc370602ea62e8\",\"name\":\"Le reporter\",\"image\":{\"@type\":\"ImageObject\",\"inLanguage\":\"fr-FR\",\"@id\":\"https:\/\/www.jeannedarc-figeac.fr\/college-lycee\/#\/schema\/person\/image\/\",\"url\":\"https:\/\/www.jeannedarc-figeac.fr\/college-lycee\/wp-content\/litespeed\/avatar\/5\/bbdfff24d305f51a4310daf11ebb4501.jpg?ver=1776943645\",\"contentUrl\":\"https:\/\/www.jeannedarc-figeac.fr\/college-lycee\/wp-content\/litespeed\/avatar\/5\/bbdfff24d305f51a4310daf11ebb4501.jpg?ver=1776943645\",\"caption\":\"Le reporter\"},\"url\":\"https:\/\/www.jeannedarc-figeac.fr\/college-lycee\/author\/jeannedarc1\/\"}]}<\/script>\n<!-- \/ Yoast SEO plugin. -->","yoast_head_json":{"title":"Un message de tol\u00e9rance","description":"Pour la deuxi\u00e8me ann\u00e9e cons\u00e9cutive, le coll\u00e8ge et lyc\u00e9e Jeanne d\u2019Arc a invit\u00e9 l\u2019\u00e9crivain et historien des religions Jacky Cordonnier...","robots":{"index":"index","follow":"follow","max-snippet":"max-snippet:-1","max-image-preview":"max-image-preview:large","max-video-preview":"max-video-preview:-1"},"canonical":"https:\/\/www.jeannedarc-figeac.fr\/college-lycee\/un-message-de-tolerance\/","og_locale":"fr_FR","og_type":"article","og_title":"Un message de tol\u00e9rance","og_description":"Pour la deuxi\u00e8me ann\u00e9e cons\u00e9cutive, le coll\u00e8ge et lyc\u00e9e Jeanne d\u2019Arc a invit\u00e9 l\u2019\u00e9crivain et historien des religions Jacky Cordonnier...","og_url":"https:\/\/www.jeannedarc-figeac.fr\/college-lycee\/un-message-de-tolerance\/","og_site_name":"Coll\u00e8ge et Lyc\u00e9e Jeanne d&#039;Arc","article_published_time":"2015-03-04T10:43:07+00:00","article_modified_time":"2015-03-04T10:59:55+00:00","og_image":[{"url":"http:\/\/www.jeannedarc-figeac.fr\/college-lycee\/wp-content\/uploads\/sites\/5\/2015\/03\/JackyCordonnier-300x225.jpg","type":"","width":"","height":""}],"author":"Le reporter","schema":{"@context":"https:\/\/schema.org","@graph":[{"@type":"WebPage","@id":"https:\/\/www.jeannedarc-figeac.fr\/college-lycee\/un-message-de-tolerance\/","url":"https:\/\/www.jeannedarc-figeac.fr\/college-lycee\/un-message-de-tolerance\/","name":"Un message de tol\u00e9rance","isPartOf":{"@id":"https:\/\/www.jeannedarc-figeac.fr\/college-lycee\/#website"},"primaryImageOfPage":{"@id":"https:\/\/www.jeannedarc-figeac.fr\/college-lycee\/un-message-de-tolerance\/#primaryimage"},"image":{"@id":"https:\/\/www.jeannedarc-figeac.fr\/college-lycee\/un-message-de-tolerance\/#primaryimage"},"thumbnailUrl":"http:\/\/www.jeannedarc-figeac.fr\/college-lycee\/wp-content\/uploads\/sites\/5\/2015\/03\/JackyCordonnier-300x225.jpg","datePublished":"2015-03-04T10:43:07+00:00","dateModified":"2015-03-04T10:59:55+00:00","author":{"@id":"https:\/\/www.jeannedarc-figeac.fr\/college-lycee\/#\/schema\/person\/22fb79f798fa73472ddc370602ea62e8"},"description":"Pour la deuxi\u00e8me ann\u00e9e cons\u00e9cutive, le coll\u00e8ge et lyc\u00e9e Jeanne d\u2019Arc a invit\u00e9 l\u2019\u00e9crivain et historien des religions Jacky Cordonnier...","breadcrumb":{"@id":"https:\/\/www.jeannedarc-figeac.fr\/college-lycee\/un-message-de-tolerance\/#breadcrumb"},"inLanguage":"fr-FR","potentialAction":[{"@type":"ReadAction","target":["https:\/\/www.jeannedarc-figeac.fr\/college-lycee\/un-message-de-tolerance\/"]}]},{"@type":"ImageObject","inLanguage":"fr-FR","@id":"https:\/\/www.jeannedarc-figeac.fr\/college-lycee\/un-message-de-tolerance\/#primaryimage","url":"https:\/\/i0.wp.com\/www.jeannedarc-figeac.fr\/college-lycee\/wp-content\/uploads\/sites\/5\/2015\/03\/JackyCordonnier.jpg?fit=1200%2C900&ssl=1","contentUrl":"https:\/\/i0.wp.com\/www.jeannedarc-figeac.fr\/college-lycee\/wp-content\/uploads\/sites\/5\/2015\/03\/JackyCordonnier.jpg?fit=1200%2C900&ssl=1","width":1200,"height":900},{"@type":"BreadcrumbList","@id":"https:\/\/www.jeannedarc-figeac.fr\/college-lycee\/un-message-de-tolerance\/#breadcrumb","itemListElement":[{"@type":"ListItem","position":1,"name":"Accueil","item":"https:\/\/www.jeannedarc-figeac.fr\/college-lycee\/"},{"@type":"ListItem","position":2,"name":"Actus","item":"http:\/\/www.jeannedarc-figeac.fr\/college-lycee\/cat\/actus\/"},{"@type":"ListItem","position":3,"name":"Un message de tol\u00e9rance"}]},{"@type":"WebSite","@id":"https:\/\/www.jeannedarc-figeac.fr\/college-lycee\/#website","url":"https:\/\/www.jeannedarc-figeac.fr\/college-lycee\/","name":"Coll\u00e8ge et Lyc\u00e9e Jeanne d&#039;Arc","description":"Jeanne d&#039;Arc Figeac","potentialAction":[{"@type":"SearchAction","target":{"@type":"EntryPoint","urlTemplate":"https:\/\/www.jeannedarc-figeac.fr\/college-lycee\/?s={search_term_string}"},"query-input":{"@type":"PropertyValueSpecification","valueRequired":true,"valueName":"search_term_string"}}],"inLanguage":"fr-FR"},{"@type":"Person","@id":"https:\/\/www.jeannedarc-figeac.fr\/college-lycee\/#\/schema\/person\/22fb79f798fa73472ddc370602ea62e8","name":"Le reporter","image":{"@type":"ImageObject","inLanguage":"fr-FR","@id":"https:\/\/www.jeannedarc-figeac.fr\/college-lycee\/#\/schema\/person\/image\/","url":"https:\/\/www.jeannedarc-figeac.fr\/college-lycee\/wp-content\/litespeed\/avatar\/5\/bbdfff24d305f51a4310daf11ebb4501.jpg?ver=1776943645","contentUrl":"https:\/\/www.jeannedarc-figeac.fr\/college-lycee\/wp-content\/litespeed\/avatar\/5\/bbdfff24d305f51a4310daf11ebb4501.jpg?ver=1776943645","caption":"Le reporter"},"url":"https:\/\/www.jeannedarc-figeac.fr\/college-lycee\/author\/jeannedarc1\/"}]}},"jetpack_featured_media_url":"","jetpack_sharing_enabled":true,"jetpack_shortlink":"https:\/\/wp.me\/p5Qyb6-hU","_links":{"self":[{"href":"https:\/\/www.jeannedarc-figeac.fr\/college-lycee\/wp-json\/wp\/v2\/posts\/1110","targetHints":{"allow":["GET"]}}],"collection":[{"href":"https:\/\/www.jeannedarc-figeac.fr\/college-lycee\/wp-json\/wp\/v2\/posts"}],"about":[{"href":"https:\/\/www.jeannedarc-figeac.fr\/college-lycee\/wp-json\/wp\/v2\/types\/post"}],"author":[{"embeddable":true,"href":"https:\/\/www.jeannedarc-figeac.fr\/college-lycee\/wp-json\/wp\/v2\/users\/1"}],"replies":[{"embeddable":true,"href":"https:\/\/www.jeannedarc-figeac.fr\/college-lycee\/wp-json\/wp\/v2\/comments?post=1110"}],"version-history":[{"count":3,"href":"https:\/\/www.jeannedarc-figeac.fr\/college-lycee\/wp-json\/wp\/v2\/posts\/1110\/revisions"}],"predecessor-version":[{"id":1117,"href":"https:\/\/www.jeannedarc-figeac.fr\/college-lycee\/wp-json\/wp\/v2\/posts\/1110\/revisions\/1117"}],"wp:attachment":[{"href":"https:\/\/www.jeannedarc-figeac.fr\/college-lycee\/wp-json\/wp\/v2\/media?parent=1110"}],"wp:term":[{"taxonomy":"category","embeddable":true,"href":"https:\/\/www.jeannedarc-figeac.fr\/college-lycee\/wp-json\/wp\/v2\/categories?post=1110"},{"taxonomy":"post_tag","embeddable":true,"href":"https:\/\/www.jeannedarc-figeac.fr\/college-lycee\/wp-json\/wp\/v2\/tags?post=1110"}],"curies":[{"name":"wp","href":"https:\/\/api.w.org\/{rel}","templated":true}]}}