{"id":1437,"date":"2018-03-04T22:30:32","date_gmt":"2018-03-04T21:30:32","guid":{"rendered":"http:\/\/www.jeannedarc-figeac.fr\/maternelle-primaire\/?p=1437"},"modified":"2018-03-04T22:30:32","modified_gmt":"2018-03-04T21:30:32","slug":"tour-monde-cm1-lafrique","status":"publish","type":"post","link":"http:\/\/www.jeannedarc-figeac.fr\/maternelle-primaire\/tour-monde-cm1-lafrique\/","title":{"rendered":"Le tour du monde des CM1 : l&rsquo;Afrique"},"content":{"rendered":"<p>Cette ann\u00e9e, les CM1 partent \u00e0 la conqu\u00eate du monde !<\/p>\n<p>Ils d\u00e9couvriront et \u00e9tudieront les continents sous diff\u00e9rents angles.<\/p>\n<p>La premi\u00e8re escale s&rsquo;est d\u00e9roul\u00e9e en Afrique.<\/p>\n<p>Les \u00e9l\u00e8ves ont d\u00e9couvert, entre autre, l&rsquo;art africain traditionnel, une culture diff\u00e9rente, mais \u00e9galement une langue\u00a0s\u00e9n\u00e9gambienne, le wolof, parl\u00e9e notamment au S\u00e9n\u00e9gal, en Gambie et en Mauritanie. Ils ont \u00e9galement appris un\u00a0\u00a0un chant traditionnel des piroguiers s\u00e9n\u00e9galais\u00a0 Bamba Li.<\/p>\n<p>Enfin, voici quelques photos des jolis masques cr\u00e9\u00e9s par les \u00e9l\u00e8ves.<\/p>\n<p><a href=\"https:\/\/i0.wp.com\/www.jeannedarc-figeac.fr\/maternelle-primaire\/wp-content\/uploads\/sites\/3\/2018\/03\/27783803_10215132410492641_1827310235_n.jpg\"><img data-recalc-dims=\"1\" loading=\"lazy\" decoding=\"async\" class=\"size-full wp-image-1543 aligncenter\" src=\"https:\/\/i0.wp.com\/www.jeannedarc-figeac.fr\/maternelle-primaire\/wp-content\/uploads\/sites\/3\/2018\/03\/27783803_10215132410492641_1827310235_n.jpg?resize=480%2C640\" alt=\"\" width=\"480\" height=\"640\" \/><\/a><\/p>\n<p>&nbsp;<\/p>\n","protected":false},"excerpt":{"rendered":"<p>Cette ann\u00e9e, les CM1 partent \u00e0 la conqu\u00eate du monde ! Ils d\u00e9couvriront et \u00e9tudieront les continents sous diff\u00e9rents angles. La premi\u00e8re escale s&rsquo;est d\u00e9roul\u00e9e en Afrique. Les \u00e9l\u00e8ves ont d\u00e9couvert, entre autre, l&rsquo;art africain traditionnel, une culture diff\u00e9rente, mais \u00e9galement une langue\u00a0s\u00e9n\u00e9gambienne, le wolof, parl\u00e9e notamment au S\u00e9n\u00e9gal, en Gambie et en Mauritanie. Ils [&hellip;]<\/p>\n","protected":false},"author":8,"featured_media":0,"comment_status":"open","ping_status":"open","sticky":false,"template":"","format":"standard","meta":{"_et_pb_use_builder":"","_et_pb_old_content":"","_et_gb_content_width":"","iawp_total_views":31,"_jetpack_memberships_contains_paid_content":false,"footnotes":""},"categories":[16],"tags":[],"class_list":["post-1437","post","type-post","status-publish","format-standard","hentry","category-cm1"],"jetpack_featured_media_url":"","jetpack_shortlink":"https:\/\/wp.me\/p5Qy4q-nb","jetpack_sharing_enabled":true,"_links":{"self":[{"href":"http:\/\/www.jeannedarc-figeac.fr\/maternelle-primaire\/wp-json\/wp\/v2\/posts\/1437","targetHints":{"allow":["GET"]}}],"collection":[{"href":"http:\/\/www.jeannedarc-figeac.fr\/maternelle-primaire\/wp-json\/wp\/v2\/posts"}],"about":[{"href":"http:\/\/www.jeannedarc-figeac.fr\/maternelle-primaire\/wp-json\/wp\/v2\/types\/post"}],"author":[{"embeddable":true,"href":"http:\/\/www.jeannedarc-figeac.fr\/maternelle-primaire\/wp-json\/wp\/v2\/users\/8"}],"replies":[{"embeddable":true,"href":"http:\/\/www.jeannedarc-figeac.fr\/maternelle-primaire\/wp-json\/wp\/v2\/comments?post=1437"}],"version-history":[{"count":2,"href":"http:\/\/www.jeannedarc-figeac.fr\/maternelle-primaire\/wp-json\/wp\/v2\/posts\/1437\/revisions"}],"predecessor-version":[{"id":1544,"href":"http:\/\/www.jeannedarc-figeac.fr\/maternelle-primaire\/wp-json\/wp\/v2\/posts\/1437\/revisions\/1544"}],"wp:attachment":[{"href":"http:\/\/www.jeannedarc-figeac.fr\/maternelle-primaire\/wp-json\/wp\/v2\/media?parent=1437"}],"wp:term":[{"taxonomy":"category","embeddable":true,"href":"http:\/\/www.jeannedarc-figeac.fr\/maternelle-primaire\/wp-json\/wp\/v2\/categories?post=1437"},{"taxonomy":"post_tag","embeddable":true,"href":"http:\/\/www.jeannedarc-figeac.fr\/maternelle-primaire\/wp-json\/wp\/v2\/tags?post=1437"}],"curies":[{"name":"wp","href":"https:\/\/api.w.org\/{rel}","templated":true}]}}