{"id":6093,"date":"2025-05-05T15:06:31","date_gmt":"2025-05-05T15:06:31","guid":{"rendered":"http:\/\/www.jeannedarc-figeac.fr\/college-lycee\/?p=6093"},"modified":"2025-05-05T15:06:38","modified_gmt":"2025-05-05T15:06:38","slug":"trois-semaines-de-stage-memorables-au-senegal-pour-des-terminales-assp-et-premieres-st2s","status":"publish","type":"post","link":"http:\/\/www.jeannedarc-figeac.fr\/college-lycee\/trois-semaines-de-stage-memorables-au-senegal-pour-des-terminales-assp-et-premieres-st2s\/","title":{"rendered":"Trois semaines de stage m\u00e9morables au S\u00e9n\u00e9gal pour des Terminales ASSP et Premi\u00e8res ST2S"},"content":{"rendered":"\n<p>Jeudi 11 avril avait lieu la soir\u00e9e compte-rendu du stage au S\u00e9n\u00e9gal \u00e0 la Chapelle du Lyc\u00e9e, en pr\u00e9sence de nombreux partenaires. La pr\u00e9sidente et des membres du Rotary Club de Figeac, des membres du Lions Club de Figeac, M. Besan\u00e7on, pr\u00e9sident de l&rsquo;OGEC, M. Mahieu, directeur de l&rsquo;\u00e9tablissement ainsi que les parents des \u00e9l\u00e8ves et des membres de l&rsquo;\u00e9quipe \u00e9ducative et p\u00e9dagogique de l&rsquo;\u00e9tablissement ont assist\u00e9 \u00e0 cette restitution, suivie d\u2019un ap\u00e9ritif d\u00eenatoire, confectionn\u00e9 par les \u00e9l\u00e8ves. Comme chaque ann\u00e9e depuis plus de 15 ans, 19 \u00e9l\u00e8ves de Terminale ASSP et Premi\u00e8re ST2S sont partis, en f\u00e9vrier dernier, \u00e0 Ziguinchor en Casamance, accompagn\u00e9es de deux enseignantes, Mme Salini\u00e9 et Mme Delverdier. Elles y ont v\u00e9cu une exp\u00e9rience unique : un stage humanitaire de trois semaines au S\u00e9n\u00e9gal gr\u00e2ce au partenariat de Jeanne d\u2019Arc avec le lyc\u00e9e St Charles Lwanga et l&rsquo;association Casamans\u00e9rail. R\u00e9parties en bin\u00f4mes ou en trios, elles ont travaill\u00e9 dans des dispensaires o\u00f9 elles ont pu mettre en pratique leurs connaissances et acqu\u00e9rir de nouvelles comp\u00e9tences professionnelles.\u00a0Lors de cette soir\u00e9e, elles ont pr\u00e9sent\u00e9 un diaporama de photos et racont\u00e9 comment, sur place, elles ont observ\u00e9 et particip\u00e9 \u00e0 des actes de soins : campagne de vaccination infantile, aide \u00e0 la r\u00e9alisation de pansements, de consultations, d\u2019accouchements, participation aux premiers soins des nouveau-n\u00e9s\u2026 Elles ont \u00e9galement men\u00e9 des actions de pr\u00e9vention, par exemple sur le paludisme ou l\u2019hygi\u00e8ne.\u00a0Le but \u00e9tait aussi humanitaire en distribuant des fournitures scolaires, des livres de lecture pour enfants, des kits de pansements et des ballons de foot notamment.Toutes ont fait preuve d\u2019un bel engagement et d\u2019un enthousiasme constant, malgr\u00e9 les petits al\u00e9as du voyage et le d\u00e9paysement total. L\u2019immersion dans cette nouvelle culture, dans le quotidien de la population s\u00e9n\u00e9galaise permet une v\u00e9ritable ouverture au monde. Elles ont pleinement mesur\u00e9 la chance de vivre une telle exp\u00e9rience, au plus pr\u00e8s de la r\u00e9alit\u00e9 du terrain\u00a0et ont tiss\u00e9 des liens forts avec les personnes qui les ont accueillies et h\u00e9berg\u00e9es. Ces \u00e9changes humains ont profond\u00e9ment marqu\u00e9 leur s\u00e9jour. Pour beaucoup, ce stage a \u00e9t\u00e9 une exp\u00e9rience d\u00e9cisive. Il les a aid\u00e9es \u00e0 mieux comprendre ce qu\u2019elles veulent faire plus tard, \u00e0 affiner leur projet professionnel. Une belle aventure humaine et professionnelle qu\u2019elles n\u2019oublieront pas !<\/p>\n\n\n\n<div class=\"wp-block-media-text is-stacked-on-mobile\"><figure class=\"wp-block-media-text__media\"><img data-recalc-dims=\"1\" loading=\"lazy\" decoding=\"async\" width=\"1024\" height=\"768\" src=\"https:\/\/i0.wp.com\/www.jeannedarc-figeac.fr\/college-lycee\/wp-content\/uploads\/sites\/5\/2025\/05\/1744705316807.jpeg?resize=1024%2C768\" alt=\"\" class=\"wp-image-6094 size-full\" srcset=\"http:\/\/www.jeannedarc-figeac.fr\/college-lycee\/wp-content\/uploads\/sites\/5\/2025\/05\/1744705316807-980x735.jpeg 980w, http:\/\/www.jeannedarc-figeac.fr\/college-lycee\/wp-content\/uploads\/sites\/5\/2025\/05\/1744705316807-480x360.jpeg 480w\" sizes=\"(min-width: 0px) and (max-width: 480px) 480px, (min-width: 481px) and (max-width: 980px) 980px, (min-width: 981px) 1024px, 100vw\" \/><\/figure><div class=\"wp-block-media-text__content\">\n<p><\/p>\n<\/div><\/div>\n","protected":false},"excerpt":{"rendered":"<p>Jeudi 11 avril avait lieu la soir\u00e9e compte-rendu du stage au S\u00e9n\u00e9gal \u00e0 la Chapelle du Lyc\u00e9e, en pr\u00e9sence de nombreux partenaires. La pr\u00e9sidente et des membres du Rotary Club de Figeac, des membres du Lions Club de Figeac, M. Besan\u00e7on, pr\u00e9sident de l&rsquo;OGEC, M. Mahieu, directeur de l&rsquo;\u00e9tablissement ainsi que les parents des \u00e9l\u00e8ves [&hellip;]<\/p>\n","protected":false},"author":12,"featured_media":0,"comment_status":"closed","ping_status":"open","sticky":false,"template":"","format":"standard","meta":{"_et_pb_use_builder":"off","_et_pb_old_content":"","_et_gb_content_width":"","_jetpack_newsletter_access":"","_jetpack_dont_email_post_to_subs":false,"_jetpack_newsletter_tier_id":0,"_jetpack_memberships_contains_paywalled_content":false,"iawp_total_views":1,"_jetpack_memberships_contains_paid_content":false,"footnotes":""},"categories":[28],"tags":[],"class_list":["post-6093","post","type-post","status-publish","format-standard","hentry","category-actus"],"yoast_head":"<!-- This site is optimized with the Yoast SEO plugin v26.0 - https:\/\/yoast.com\/wordpress\/plugins\/seo\/ -->\n<title>Trois semaines de stage m\u00e9morables au S\u00e9n\u00e9gal pour des Terminales ASSP et Premi\u00e8res ST2S<\/title>\n<meta name=\"description\" content=\"Jeudi 11 avril avait lieu la soir\u00e9e compte-rendu du stage au S\u00e9n\u00e9gal \u00e0 la Chapelle du Lyc\u00e9e, en pr\u00e9sence de nombreux partenaires. La pr\u00e9sidente et des\" \/>\n<meta name=\"robots\" content=\"index, follow, max-snippet:-1, max-image-preview:large, max-video-preview:-1\" \/>\n<link rel=\"canonical\" href=\"http:\/\/www.jeannedarc-figeac.fr\/college-lycee\/trois-semaines-de-stage-memorables-au-senegal-pour-des-terminales-assp-et-premieres-st2s\/\" \/>\n<meta property=\"og:locale\" content=\"fr_FR\" \/>\n<meta property=\"og:type\" content=\"article\" \/>\n<meta property=\"og:title\" content=\"Trois semaines de stage m\u00e9morables au S\u00e9n\u00e9gal pour des Terminales ASSP et Premi\u00e8res ST2S\" \/>\n<meta property=\"og:description\" content=\"Jeudi 11 avril avait lieu la soir\u00e9e compte-rendu du stage au S\u00e9n\u00e9gal \u00e0 la Chapelle du Lyc\u00e9e, en pr\u00e9sence de nombreux partenaires. La pr\u00e9sidente et des\" \/>\n<meta property=\"og:url\" content=\"http:\/\/www.jeannedarc-figeac.fr\/college-lycee\/trois-semaines-de-stage-memorables-au-senegal-pour-des-terminales-assp-et-premieres-st2s\/\" \/>\n<meta property=\"og:site_name\" content=\"Coll\u00e8ge et Lyc\u00e9e Jeanne d&#039;Arc\" \/>\n<meta property=\"article:published_time\" content=\"2025-05-05T15:06:31+00:00\" \/>\n<meta property=\"article:modified_time\" content=\"2025-05-05T15:06:38+00:00\" \/>\n<meta property=\"og:image\" content=\"http:\/\/www.jeannedarc-figeac.fr\/college-lycee\/wp-content\/uploads\/sites\/5\/2025\/05\/1744705316807-1024x768.jpeg\" \/>\n<meta name=\"author\" content=\"le secr\u00e9tariat\" \/>\n<script type=\"application\/ld+json\" class=\"yoast-schema-graph\">{\"@context\":\"https:\/\/schema.org\",\"@graph\":[{\"@type\":\"WebPage\",\"@id\":\"http:\/\/www.jeannedarc-figeac.fr\/college-lycee\/trois-semaines-de-stage-memorables-au-senegal-pour-des-terminales-assp-et-premieres-st2s\/\",\"url\":\"http:\/\/www.jeannedarc-figeac.fr\/college-lycee\/trois-semaines-de-stage-memorables-au-senegal-pour-des-terminales-assp-et-premieres-st2s\/\",\"name\":\"Trois semaines de stage m\u00e9morables au S\u00e9n\u00e9gal pour des Terminales ASSP et Premi\u00e8res ST2S\",\"isPartOf\":{\"@id\":\"https:\/\/www.jeannedarc-figeac.fr\/college-lycee\/#website\"},\"primaryImageOfPage\":{\"@id\":\"http:\/\/www.jeannedarc-figeac.fr\/college-lycee\/trois-semaines-de-stage-memorables-au-senegal-pour-des-terminales-assp-et-premieres-st2s\/#primaryimage\"},\"image\":{\"@id\":\"http:\/\/www.jeannedarc-figeac.fr\/college-lycee\/trois-semaines-de-stage-memorables-au-senegal-pour-des-terminales-assp-et-premieres-st2s\/#primaryimage\"},\"thumbnailUrl\":\"http:\/\/www.jeannedarc-figeac.fr\/college-lycee\/wp-content\/uploads\/sites\/5\/2025\/05\/1744705316807-1024x768.jpeg\",\"datePublished\":\"2025-05-05T15:06:31+00:00\",\"dateModified\":\"2025-05-05T15:06:38+00:00\",\"author\":{\"@id\":\"https:\/\/www.jeannedarc-figeac.fr\/college-lycee\/#\/schema\/person\/29e5764f28e895dc8bf41d4468f99154\"},\"description\":\"Jeudi 11 avril avait lieu la soir\u00e9e compte-rendu du stage au S\u00e9n\u00e9gal \u00e0 la Chapelle du Lyc\u00e9e, en pr\u00e9sence de nombreux partenaires. La pr\u00e9sidente et des\",\"breadcrumb\":{\"@id\":\"http:\/\/www.jeannedarc-figeac.fr\/college-lycee\/trois-semaines-de-stage-memorables-au-senegal-pour-des-terminales-assp-et-premieres-st2s\/#breadcrumb\"},\"inLanguage\":\"fr-FR\",\"potentialAction\":[{\"@type\":\"ReadAction\",\"target\":[\"http:\/\/www.jeannedarc-figeac.fr\/college-lycee\/trois-semaines-de-stage-memorables-au-senegal-pour-des-terminales-assp-et-premieres-st2s\/\"]}]},{\"@type\":\"ImageObject\",\"inLanguage\":\"fr-FR\",\"@id\":\"http:\/\/www.jeannedarc-figeac.fr\/college-lycee\/trois-semaines-de-stage-memorables-au-senegal-pour-des-terminales-assp-et-premieres-st2s\/#primaryimage\",\"url\":\"http:\/\/www.jeannedarc-figeac.fr\/college-lycee\/wp-content\/uploads\/sites\/5\/2025\/05\/1744705316807-1024x768.jpeg\",\"contentUrl\":\"http:\/\/www.jeannedarc-figeac.fr\/college-lycee\/wp-content\/uploads\/sites\/5\/2025\/05\/1744705316807-1024x768.jpeg\"},{\"@type\":\"BreadcrumbList\",\"@id\":\"http:\/\/www.jeannedarc-figeac.fr\/college-lycee\/trois-semaines-de-stage-memorables-au-senegal-pour-des-terminales-assp-et-premieres-st2s\/#breadcrumb\",\"itemListElement\":[{\"@type\":\"ListItem\",\"position\":1,\"name\":\"Accueil\",\"item\":\"https:\/\/www.jeannedarc-figeac.fr\/college-lycee\/\"},{\"@type\":\"ListItem\",\"position\":2,\"name\":\"Actus\",\"item\":\"http:\/\/www.jeannedarc-figeac.fr\/college-lycee\/cat\/actus\/\"},{\"@type\":\"ListItem\",\"position\":3,\"name\":\"Trois semaines de stage m\u00e9morables au S\u00e9n\u00e9gal pour des Terminales ASSP et Premi\u00e8res ST2S\"}]},{\"@type\":\"WebSite\",\"@id\":\"https:\/\/www.jeannedarc-figeac.fr\/college-lycee\/#website\",\"url\":\"https:\/\/www.jeannedarc-figeac.fr\/college-lycee\/\",\"name\":\"Coll\u00e8ge et Lyc\u00e9e Jeanne d&#039;Arc\",\"description\":\"Jeanne d&#039;Arc Figeac\",\"potentialAction\":[{\"@type\":\"SearchAction\",\"target\":{\"@type\":\"EntryPoint\",\"urlTemplate\":\"https:\/\/www.jeannedarc-figeac.fr\/college-lycee\/?s={search_term_string}\"},\"query-input\":{\"@type\":\"PropertyValueSpecification\",\"valueRequired\":true,\"valueName\":\"search_term_string\"}}],\"inLanguage\":\"fr-FR\"},{\"@type\":\"Person\",\"@id\":\"https:\/\/www.jeannedarc-figeac.fr\/college-lycee\/#\/schema\/person\/29e5764f28e895dc8bf41d4468f99154\",\"name\":\"le secr\u00e9tariat\",\"image\":{\"@type\":\"ImageObject\",\"inLanguage\":\"fr-FR\",\"@id\":\"https:\/\/www.jeannedarc-figeac.fr\/college-lycee\/#\/schema\/person\/image\/\",\"url\":\"http:\/\/www.jeannedarc-figeac.fr\/college-lycee\/wp-content\/litespeed\/avatar\/5\/b7e8da60f53ba4adc9e9e66d91d84580.jpg?ver=1777548714\",\"contentUrl\":\"http:\/\/www.jeannedarc-figeac.fr\/college-lycee\/wp-content\/litespeed\/avatar\/5\/b7e8da60f53ba4adc9e9e66d91d84580.jpg?ver=1777548714\",\"caption\":\"le secr\u00e9tariat\"},\"url\":\"http:\/\/www.jeannedarc-figeac.fr\/college-lycee\/author\/arlette\/\"}]}<\/script>\n<!-- \/ Yoast SEO plugin. -->","yoast_head_json":{"title":"Trois semaines de stage m\u00e9morables au S\u00e9n\u00e9gal pour des Terminales ASSP et Premi\u00e8res ST2S","description":"Jeudi 11 avril avait lieu la soir\u00e9e compte-rendu du stage au S\u00e9n\u00e9gal \u00e0 la Chapelle du Lyc\u00e9e, en pr\u00e9sence de nombreux partenaires. La pr\u00e9sidente et des","robots":{"index":"index","follow":"follow","max-snippet":"max-snippet:-1","max-image-preview":"max-image-preview:large","max-video-preview":"max-video-preview:-1"},"canonical":"http:\/\/www.jeannedarc-figeac.fr\/college-lycee\/trois-semaines-de-stage-memorables-au-senegal-pour-des-terminales-assp-et-premieres-st2s\/","og_locale":"fr_FR","og_type":"article","og_title":"Trois semaines de stage m\u00e9morables au S\u00e9n\u00e9gal pour des Terminales ASSP et Premi\u00e8res ST2S","og_description":"Jeudi 11 avril avait lieu la soir\u00e9e compte-rendu du stage au S\u00e9n\u00e9gal \u00e0 la Chapelle du Lyc\u00e9e, en pr\u00e9sence de nombreux partenaires. La pr\u00e9sidente et des","og_url":"http:\/\/www.jeannedarc-figeac.fr\/college-lycee\/trois-semaines-de-stage-memorables-au-senegal-pour-des-terminales-assp-et-premieres-st2s\/","og_site_name":"Coll\u00e8ge et Lyc\u00e9e Jeanne d&#039;Arc","article_published_time":"2025-05-05T15:06:31+00:00","article_modified_time":"2025-05-05T15:06:38+00:00","og_image":[{"url":"http:\/\/www.jeannedarc-figeac.fr\/college-lycee\/wp-content\/uploads\/sites\/5\/2025\/05\/1744705316807-1024x768.jpeg","type":"","width":"","height":""}],"author":"le secr\u00e9tariat","schema":{"@context":"https:\/\/schema.org","@graph":[{"@type":"WebPage","@id":"http:\/\/www.jeannedarc-figeac.fr\/college-lycee\/trois-semaines-de-stage-memorables-au-senegal-pour-des-terminales-assp-et-premieres-st2s\/","url":"http:\/\/www.jeannedarc-figeac.fr\/college-lycee\/trois-semaines-de-stage-memorables-au-senegal-pour-des-terminales-assp-et-premieres-st2s\/","name":"Trois semaines de stage m\u00e9morables au S\u00e9n\u00e9gal pour des Terminales ASSP et Premi\u00e8res ST2S","isPartOf":{"@id":"https:\/\/www.jeannedarc-figeac.fr\/college-lycee\/#website"},"primaryImageOfPage":{"@id":"http:\/\/www.jeannedarc-figeac.fr\/college-lycee\/trois-semaines-de-stage-memorables-au-senegal-pour-des-terminales-assp-et-premieres-st2s\/#primaryimage"},"image":{"@id":"http:\/\/www.jeannedarc-figeac.fr\/college-lycee\/trois-semaines-de-stage-memorables-au-senegal-pour-des-terminales-assp-et-premieres-st2s\/#primaryimage"},"thumbnailUrl":"http:\/\/www.jeannedarc-figeac.fr\/college-lycee\/wp-content\/uploads\/sites\/5\/2025\/05\/1744705316807-1024x768.jpeg","datePublished":"2025-05-05T15:06:31+00:00","dateModified":"2025-05-05T15:06:38+00:00","author":{"@id":"https:\/\/www.jeannedarc-figeac.fr\/college-lycee\/#\/schema\/person\/29e5764f28e895dc8bf41d4468f99154"},"description":"Jeudi 11 avril avait lieu la soir\u00e9e compte-rendu du stage au S\u00e9n\u00e9gal \u00e0 la Chapelle du Lyc\u00e9e, en pr\u00e9sence de nombreux partenaires. La pr\u00e9sidente et des","breadcrumb":{"@id":"http:\/\/www.jeannedarc-figeac.fr\/college-lycee\/trois-semaines-de-stage-memorables-au-senegal-pour-des-terminales-assp-et-premieres-st2s\/#breadcrumb"},"inLanguage":"fr-FR","potentialAction":[{"@type":"ReadAction","target":["http:\/\/www.jeannedarc-figeac.fr\/college-lycee\/trois-semaines-de-stage-memorables-au-senegal-pour-des-terminales-assp-et-premieres-st2s\/"]}]},{"@type":"ImageObject","inLanguage":"fr-FR","@id":"http:\/\/www.jeannedarc-figeac.fr\/college-lycee\/trois-semaines-de-stage-memorables-au-senegal-pour-des-terminales-assp-et-premieres-st2s\/#primaryimage","url":"http:\/\/www.jeannedarc-figeac.fr\/college-lycee\/wp-content\/uploads\/sites\/5\/2025\/05\/1744705316807-1024x768.jpeg","contentUrl":"http:\/\/www.jeannedarc-figeac.fr\/college-lycee\/wp-content\/uploads\/sites\/5\/2025\/05\/1744705316807-1024x768.jpeg"},{"@type":"BreadcrumbList","@id":"http:\/\/www.jeannedarc-figeac.fr\/college-lycee\/trois-semaines-de-stage-memorables-au-senegal-pour-des-terminales-assp-et-premieres-st2s\/#breadcrumb","itemListElement":[{"@type":"ListItem","position":1,"name":"Accueil","item":"https:\/\/www.jeannedarc-figeac.fr\/college-lycee\/"},{"@type":"ListItem","position":2,"name":"Actus","item":"http:\/\/www.jeannedarc-figeac.fr\/college-lycee\/cat\/actus\/"},{"@type":"ListItem","position":3,"name":"Trois semaines de stage m\u00e9morables au S\u00e9n\u00e9gal pour des Terminales ASSP et Premi\u00e8res ST2S"}]},{"@type":"WebSite","@id":"https:\/\/www.jeannedarc-figeac.fr\/college-lycee\/#website","url":"https:\/\/www.jeannedarc-figeac.fr\/college-lycee\/","name":"Coll\u00e8ge et Lyc\u00e9e Jeanne d&#039;Arc","description":"Jeanne d&#039;Arc Figeac","potentialAction":[{"@type":"SearchAction","target":{"@type":"EntryPoint","urlTemplate":"https:\/\/www.jeannedarc-figeac.fr\/college-lycee\/?s={search_term_string}"},"query-input":{"@type":"PropertyValueSpecification","valueRequired":true,"valueName":"search_term_string"}}],"inLanguage":"fr-FR"},{"@type":"Person","@id":"https:\/\/www.jeannedarc-figeac.fr\/college-lycee\/#\/schema\/person\/29e5764f28e895dc8bf41d4468f99154","name":"le secr\u00e9tariat","image":{"@type":"ImageObject","inLanguage":"fr-FR","@id":"https:\/\/www.jeannedarc-figeac.fr\/college-lycee\/#\/schema\/person\/image\/","url":"http:\/\/www.jeannedarc-figeac.fr\/college-lycee\/wp-content\/litespeed\/avatar\/5\/b7e8da60f53ba4adc9e9e66d91d84580.jpg?ver=1777548714","contentUrl":"http:\/\/www.jeannedarc-figeac.fr\/college-lycee\/wp-content\/litespeed\/avatar\/5\/b7e8da60f53ba4adc9e9e66d91d84580.jpg?ver=1777548714","caption":"le secr\u00e9tariat"},"url":"http:\/\/www.jeannedarc-figeac.fr\/college-lycee\/author\/arlette\/"}]}},"jetpack_featured_media_url":"","jetpack_sharing_enabled":true,"jetpack_shortlink":"https:\/\/wp.me\/p5Qyb6-1Ah","_links":{"self":[{"href":"http:\/\/www.jeannedarc-figeac.fr\/college-lycee\/wp-json\/wp\/v2\/posts\/6093","targetHints":{"allow":["GET"]}}],"collection":[{"href":"http:\/\/www.jeannedarc-figeac.fr\/college-lycee\/wp-json\/wp\/v2\/posts"}],"about":[{"href":"http:\/\/www.jeannedarc-figeac.fr\/college-lycee\/wp-json\/wp\/v2\/types\/post"}],"author":[{"embeddable":true,"href":"http:\/\/www.jeannedarc-figeac.fr\/college-lycee\/wp-json\/wp\/v2\/users\/12"}],"replies":[{"embeddable":true,"href":"http:\/\/www.jeannedarc-figeac.fr\/college-lycee\/wp-json\/wp\/v2\/comments?post=6093"}],"version-history":[{"count":1,"href":"http:\/\/www.jeannedarc-figeac.fr\/college-lycee\/wp-json\/wp\/v2\/posts\/6093\/revisions"}],"predecessor-version":[{"id":6095,"href":"http:\/\/www.jeannedarc-figeac.fr\/college-lycee\/wp-json\/wp\/v2\/posts\/6093\/revisions\/6095"}],"wp:attachment":[{"href":"http:\/\/www.jeannedarc-figeac.fr\/college-lycee\/wp-json\/wp\/v2\/media?parent=6093"}],"wp:term":[{"taxonomy":"category","embeddable":true,"href":"http:\/\/www.jeannedarc-figeac.fr\/college-lycee\/wp-json\/wp\/v2\/categories?post=6093"},{"taxonomy":"post_tag","embeddable":true,"href":"http:\/\/www.jeannedarc-figeac.fr\/college-lycee\/wp-json\/wp\/v2\/tags?post=6093"}],"curies":[{"name":"wp","href":"https:\/\/api.w.org\/{rel}","templated":true}]}}