{"id":3252,"date":"2020-03-16T15:14:27","date_gmt":"2020-03-16T15:14:27","guid":{"rendered":"http:\/\/www.jeannedarc-figeac.fr\/college-lycee\/?p=3252"},"modified":"2020-03-16T15:14:33","modified_gmt":"2020-03-16T15:14:33","slug":"la-section-foot-a-auxerre","status":"publish","type":"post","link":"http:\/\/www.jeannedarc-figeac.fr\/college-lycee\/la-section-foot-a-auxerre\/","title":{"rendered":"La Section Foot \u00e0 Auxerre !"},"content":{"rendered":"\n<figure class=\"wp-block-image\"><img data-recalc-dims=\"1\" loading=\"lazy\" decoding=\"async\" width=\"1024\" height=\"576\" src=\"https:\/\/i0.wp.com\/www.jeannedarc-figeac.fr\/college-lycee\/wp-content\/uploads\/sites\/5\/2020\/03\/20200228_171109-bis.jpg?resize=1024%2C576\" alt=\"\" class=\"wp-image-3253\" srcset=\"https:\/\/i0.wp.com\/www.jeannedarc-figeac.fr\/college-lycee\/wp-content\/uploads\/sites\/5\/2020\/03\/20200228_171109-bis.jpg?resize=1024%2C576 1024w, https:\/\/i0.wp.com\/www.jeannedarc-figeac.fr\/college-lycee\/wp-content\/uploads\/sites\/5\/2020\/03\/20200228_171109-bis.jpg?resize=300%2C169 300w, https:\/\/i0.wp.com\/www.jeannedarc-figeac.fr\/college-lycee\/wp-content\/uploads\/sites\/5\/2020\/03\/20200228_171109-bis.jpg?resize=768%2C432 768w, https:\/\/i0.wp.com\/www.jeannedarc-figeac.fr\/college-lycee\/wp-content\/uploads\/sites\/5\/2020\/03\/20200228_171109-bis.jpg?resize=1080%2C608 1080w, https:\/\/i0.wp.com\/www.jeannedarc-figeac.fr\/college-lycee\/wp-content\/uploads\/sites\/5\/2020\/03\/20200228_171109-bis.jpg?w=1600 1600w\" sizes=\"(max-width: 1024px) 100vw, 1024px\" \/><\/figure>\n\n\n\n<p> Vendredi 28 f\u00e9vrier les 46 \u00e9l\u00e8ves de la section foot sont partis (de tr\u00e8s bonne heure\u00a0!) \u00e0 Auxerre pour leur sortie annuelle. La visite des installations et l\u2019encadrement sportif des futurs pros en a fait r\u00eaver plus d\u2019un\u00a0! Le temps d\u2019\u00e9change qui a suivi a \u00e9t\u00e9 tr\u00e8s instructif et leur a fait prendre conscience de la r\u00e9alit\u00e9 d\u2019un Club de foot et son centre de formation, il leur a \u00e9galement permis de mieux comprendre le parcours des jeunes s\u00e9lectionn\u00e9s par l\u2019AJA et les enjeux sportifs et financiers qui en d\u00e9coulent. La journ\u00e9e s\u2019est termin\u00e9e dans la bonne humeur avec la victoire bien m\u00e9rit\u00e9e de l\u2019AJA sur Niort\u00a0(3-1)\u00a0 Cerise sur le g\u00e2teau\u00a0: un \u00e9l\u00e8ve de 3<sup>\u00e8me<\/sup> \u00a0est revenu avec le maillot du n\u00b04 auxerrois lanc\u00e9 par Barreto en fin de match\u00a0! Que demander de plus\u00a0?\u00a0!<\/p>\n","protected":false},"excerpt":{"rendered":"<p>Vendredi 28 f\u00e9vrier les 46 \u00e9l\u00e8ves de la section foot sont partis (de tr\u00e8s bonne heure\u00a0!) \u00e0 Auxerre pour leur sortie annuelle. La visite des installations et l\u2019encadrement sportif des futurs pros en a fait r\u00eaver plus d\u2019un\u00a0! Le temps d\u2019\u00e9change qui a suivi a \u00e9t\u00e9 tr\u00e8s instructif et leur a fait prendre conscience de [&hellip;]<\/p>\n","protected":false},"author":12,"featured_media":0,"comment_status":"closed","ping_status":"open","sticky":false,"template":"","format":"standard","meta":{"_et_pb_use_builder":"","_et_pb_old_content":"","_et_gb_content_width":"","_jetpack_newsletter_access":"","_jetpack_dont_email_post_to_subs":false,"_jetpack_newsletter_tier_id":0,"_jetpack_memberships_contains_paywalled_content":false,"iawp_total_views":26,"_jetpack_memberships_contains_paid_content":false,"footnotes":""},"categories":[28],"tags":[],"class_list":["post-3252","post","type-post","status-publish","format-standard","hentry","category-actus"],"yoast_head":"<!-- This site is optimized with the Yoast SEO plugin v26.0 - https:\/\/yoast.com\/wordpress\/plugins\/seo\/ -->\n<title>La Section Foot \u00e0 Auxerre !<\/title>\n<meta name=\"description\" content=\"Vendredi 28 f\u00e9vrier les 46 \u00e9l\u00e8ves de la section foot sont partis (de tr\u00e8s bonne heure\u00a0!) \u00e0 Auxerre pour leur sortie annuelle. La visite des installations\" \/>\n<meta name=\"robots\" content=\"index, follow, max-snippet:-1, max-image-preview:large, max-video-preview:-1\" \/>\n<link rel=\"canonical\" href=\"http:\/\/www.jeannedarc-figeac.fr\/college-lycee\/la-section-foot-a-auxerre\/\" \/>\n<meta property=\"og:locale\" content=\"fr_FR\" \/>\n<meta property=\"og:type\" content=\"article\" \/>\n<meta property=\"og:title\" content=\"La Section Foot \u00e0 Auxerre !\" \/>\n<meta property=\"og:description\" content=\"Vendredi 28 f\u00e9vrier les 46 \u00e9l\u00e8ves de la section foot sont partis (de tr\u00e8s bonne heure\u00a0!) \u00e0 Auxerre pour leur sortie annuelle. La visite des installations\" \/>\n<meta property=\"og:url\" content=\"http:\/\/www.jeannedarc-figeac.fr\/college-lycee\/la-section-foot-a-auxerre\/\" \/>\n<meta property=\"og:site_name\" content=\"Coll\u00e8ge et Lyc\u00e9e Jeanne d&#039;Arc\" \/>\n<meta property=\"article:published_time\" content=\"2020-03-16T15:14:27+00:00\" \/>\n<meta property=\"article:modified_time\" content=\"2020-03-16T15:14:33+00:00\" \/>\n<meta property=\"og:image\" content=\"http:\/\/www.jeannedarc-figeac.fr\/college-lycee\/wp-content\/uploads\/sites\/5\/2020\/03\/20200228_171109-bis-1024x576.jpg\" \/>\n<meta name=\"author\" content=\"le secr\u00e9tariat\" \/>\n<script type=\"application\/ld+json\" class=\"yoast-schema-graph\">{\"@context\":\"https:\/\/schema.org\",\"@graph\":[{\"@type\":\"WebPage\",\"@id\":\"http:\/\/www.jeannedarc-figeac.fr\/college-lycee\/la-section-foot-a-auxerre\/\",\"url\":\"http:\/\/www.jeannedarc-figeac.fr\/college-lycee\/la-section-foot-a-auxerre\/\",\"name\":\"La Section Foot \u00e0 Auxerre !\",\"isPartOf\":{\"@id\":\"https:\/\/www.jeannedarc-figeac.fr\/college-lycee\/#website\"},\"primaryImageOfPage\":{\"@id\":\"http:\/\/www.jeannedarc-figeac.fr\/college-lycee\/la-section-foot-a-auxerre\/#primaryimage\"},\"image\":{\"@id\":\"http:\/\/www.jeannedarc-figeac.fr\/college-lycee\/la-section-foot-a-auxerre\/#primaryimage\"},\"thumbnailUrl\":\"http:\/\/www.jeannedarc-figeac.fr\/college-lycee\/wp-content\/uploads\/sites\/5\/2020\/03\/20200228_171109-bis-1024x576.jpg\",\"datePublished\":\"2020-03-16T15:14:27+00:00\",\"dateModified\":\"2020-03-16T15:14:33+00:00\",\"author\":{\"@id\":\"https:\/\/www.jeannedarc-figeac.fr\/college-lycee\/#\/schema\/person\/29e5764f28e895dc8bf41d4468f99154\"},\"description\":\"Vendredi 28 f\u00e9vrier les 46 \u00e9l\u00e8ves de la section foot sont partis (de tr\u00e8s bonne heure\u00a0!) \u00e0 Auxerre pour leur sortie annuelle. La visite des installations\",\"breadcrumb\":{\"@id\":\"http:\/\/www.jeannedarc-figeac.fr\/college-lycee\/la-section-foot-a-auxerre\/#breadcrumb\"},\"inLanguage\":\"fr-FR\",\"potentialAction\":[{\"@type\":\"ReadAction\",\"target\":[\"http:\/\/www.jeannedarc-figeac.fr\/college-lycee\/la-section-foot-a-auxerre\/\"]}]},{\"@type\":\"ImageObject\",\"inLanguage\":\"fr-FR\",\"@id\":\"http:\/\/www.jeannedarc-figeac.fr\/college-lycee\/la-section-foot-a-auxerre\/#primaryimage\",\"url\":\"https:\/\/i0.wp.com\/www.jeannedarc-figeac.fr\/college-lycee\/wp-content\/uploads\/sites\/5\/2020\/03\/20200228_171109-bis.jpg?fit=1600%2C900\",\"contentUrl\":\"https:\/\/i0.wp.com\/www.jeannedarc-figeac.fr\/college-lycee\/wp-content\/uploads\/sites\/5\/2020\/03\/20200228_171109-bis.jpg?fit=1600%2C900\",\"width\":1600,\"height\":900},{\"@type\":\"BreadcrumbList\",\"@id\":\"http:\/\/www.jeannedarc-figeac.fr\/college-lycee\/la-section-foot-a-auxerre\/#breadcrumb\",\"itemListElement\":[{\"@type\":\"ListItem\",\"position\":1,\"name\":\"Accueil\",\"item\":\"https:\/\/www.jeannedarc-figeac.fr\/college-lycee\/\"},{\"@type\":\"ListItem\",\"position\":2,\"name\":\"Actus\",\"item\":\"http:\/\/www.jeannedarc-figeac.fr\/college-lycee\/cat\/actus\/\"},{\"@type\":\"ListItem\",\"position\":3,\"name\":\"La Section Foot \u00e0 Auxerre !\"}]},{\"@type\":\"WebSite\",\"@id\":\"https:\/\/www.jeannedarc-figeac.fr\/college-lycee\/#website\",\"url\":\"https:\/\/www.jeannedarc-figeac.fr\/college-lycee\/\",\"name\":\"Coll\u00e8ge et Lyc\u00e9e Jeanne d&#039;Arc\",\"description\":\"Jeanne d&#039;Arc Figeac\",\"potentialAction\":[{\"@type\":\"SearchAction\",\"target\":{\"@type\":\"EntryPoint\",\"urlTemplate\":\"https:\/\/www.jeannedarc-figeac.fr\/college-lycee\/?s={search_term_string}\"},\"query-input\":{\"@type\":\"PropertyValueSpecification\",\"valueRequired\":true,\"valueName\":\"search_term_string\"}}],\"inLanguage\":\"fr-FR\"},{\"@type\":\"Person\",\"@id\":\"https:\/\/www.jeannedarc-figeac.fr\/college-lycee\/#\/schema\/person\/29e5764f28e895dc8bf41d4468f99154\",\"name\":\"le secr\u00e9tariat\",\"image\":{\"@type\":\"ImageObject\",\"inLanguage\":\"fr-FR\",\"@id\":\"https:\/\/www.jeannedarc-figeac.fr\/college-lycee\/#\/schema\/person\/image\/\",\"url\":\"http:\/\/www.jeannedarc-figeac.fr\/college-lycee\/wp-content\/litespeed\/avatar\/5\/b7e8da60f53ba4adc9e9e66d91d84580.jpg?ver=1776943645\",\"contentUrl\":\"http:\/\/www.jeannedarc-figeac.fr\/college-lycee\/wp-content\/litespeed\/avatar\/5\/b7e8da60f53ba4adc9e9e66d91d84580.jpg?ver=1776943645\",\"caption\":\"le secr\u00e9tariat\"},\"url\":\"http:\/\/www.jeannedarc-figeac.fr\/college-lycee\/author\/arlette\/\"}]}<\/script>\n<!-- \/ Yoast SEO plugin. -->","yoast_head_json":{"title":"La Section Foot \u00e0 Auxerre !","description":"Vendredi 28 f\u00e9vrier les 46 \u00e9l\u00e8ves de la section foot sont partis (de tr\u00e8s bonne heure\u00a0!) \u00e0 Auxerre pour leur sortie annuelle. La visite des installations","robots":{"index":"index","follow":"follow","max-snippet":"max-snippet:-1","max-image-preview":"max-image-preview:large","max-video-preview":"max-video-preview:-1"},"canonical":"http:\/\/www.jeannedarc-figeac.fr\/college-lycee\/la-section-foot-a-auxerre\/","og_locale":"fr_FR","og_type":"article","og_title":"La Section Foot \u00e0 Auxerre !","og_description":"Vendredi 28 f\u00e9vrier les 46 \u00e9l\u00e8ves de la section foot sont partis (de tr\u00e8s bonne heure\u00a0!) \u00e0 Auxerre pour leur sortie annuelle. La visite des installations","og_url":"http:\/\/www.jeannedarc-figeac.fr\/college-lycee\/la-section-foot-a-auxerre\/","og_site_name":"Coll\u00e8ge et Lyc\u00e9e Jeanne d&#039;Arc","article_published_time":"2020-03-16T15:14:27+00:00","article_modified_time":"2020-03-16T15:14:33+00:00","og_image":[{"url":"http:\/\/www.jeannedarc-figeac.fr\/college-lycee\/wp-content\/uploads\/sites\/5\/2020\/03\/20200228_171109-bis-1024x576.jpg","type":"","width":"","height":""}],"author":"le secr\u00e9tariat","schema":{"@context":"https:\/\/schema.org","@graph":[{"@type":"WebPage","@id":"http:\/\/www.jeannedarc-figeac.fr\/college-lycee\/la-section-foot-a-auxerre\/","url":"http:\/\/www.jeannedarc-figeac.fr\/college-lycee\/la-section-foot-a-auxerre\/","name":"La Section Foot \u00e0 Auxerre !","isPartOf":{"@id":"https:\/\/www.jeannedarc-figeac.fr\/college-lycee\/#website"},"primaryImageOfPage":{"@id":"http:\/\/www.jeannedarc-figeac.fr\/college-lycee\/la-section-foot-a-auxerre\/#primaryimage"},"image":{"@id":"http:\/\/www.jeannedarc-figeac.fr\/college-lycee\/la-section-foot-a-auxerre\/#primaryimage"},"thumbnailUrl":"http:\/\/www.jeannedarc-figeac.fr\/college-lycee\/wp-content\/uploads\/sites\/5\/2020\/03\/20200228_171109-bis-1024x576.jpg","datePublished":"2020-03-16T15:14:27+00:00","dateModified":"2020-03-16T15:14:33+00:00","author":{"@id":"https:\/\/www.jeannedarc-figeac.fr\/college-lycee\/#\/schema\/person\/29e5764f28e895dc8bf41d4468f99154"},"description":"Vendredi 28 f\u00e9vrier les 46 \u00e9l\u00e8ves de la section foot sont partis (de tr\u00e8s bonne heure\u00a0!) \u00e0 Auxerre pour leur sortie annuelle. La visite des installations","breadcrumb":{"@id":"http:\/\/www.jeannedarc-figeac.fr\/college-lycee\/la-section-foot-a-auxerre\/#breadcrumb"},"inLanguage":"fr-FR","potentialAction":[{"@type":"ReadAction","target":["http:\/\/www.jeannedarc-figeac.fr\/college-lycee\/la-section-foot-a-auxerre\/"]}]},{"@type":"ImageObject","inLanguage":"fr-FR","@id":"http:\/\/www.jeannedarc-figeac.fr\/college-lycee\/la-section-foot-a-auxerre\/#primaryimage","url":"https:\/\/i0.wp.com\/www.jeannedarc-figeac.fr\/college-lycee\/wp-content\/uploads\/sites\/5\/2020\/03\/20200228_171109-bis.jpg?fit=1600%2C900","contentUrl":"https:\/\/i0.wp.com\/www.jeannedarc-figeac.fr\/college-lycee\/wp-content\/uploads\/sites\/5\/2020\/03\/20200228_171109-bis.jpg?fit=1600%2C900","width":1600,"height":900},{"@type":"BreadcrumbList","@id":"http:\/\/www.jeannedarc-figeac.fr\/college-lycee\/la-section-foot-a-auxerre\/#breadcrumb","itemListElement":[{"@type":"ListItem","position":1,"name":"Accueil","item":"https:\/\/www.jeannedarc-figeac.fr\/college-lycee\/"},{"@type":"ListItem","position":2,"name":"Actus","item":"http:\/\/www.jeannedarc-figeac.fr\/college-lycee\/cat\/actus\/"},{"@type":"ListItem","position":3,"name":"La Section Foot \u00e0 Auxerre !"}]},{"@type":"WebSite","@id":"https:\/\/www.jeannedarc-figeac.fr\/college-lycee\/#website","url":"https:\/\/www.jeannedarc-figeac.fr\/college-lycee\/","name":"Coll\u00e8ge et Lyc\u00e9e Jeanne d&#039;Arc","description":"Jeanne d&#039;Arc Figeac","potentialAction":[{"@type":"SearchAction","target":{"@type":"EntryPoint","urlTemplate":"https:\/\/www.jeannedarc-figeac.fr\/college-lycee\/?s={search_term_string}"},"query-input":{"@type":"PropertyValueSpecification","valueRequired":true,"valueName":"search_term_string"}}],"inLanguage":"fr-FR"},{"@type":"Person","@id":"https:\/\/www.jeannedarc-figeac.fr\/college-lycee\/#\/schema\/person\/29e5764f28e895dc8bf41d4468f99154","name":"le secr\u00e9tariat","image":{"@type":"ImageObject","inLanguage":"fr-FR","@id":"https:\/\/www.jeannedarc-figeac.fr\/college-lycee\/#\/schema\/person\/image\/","url":"http:\/\/www.jeannedarc-figeac.fr\/college-lycee\/wp-content\/litespeed\/avatar\/5\/b7e8da60f53ba4adc9e9e66d91d84580.jpg?ver=1776943645","contentUrl":"http:\/\/www.jeannedarc-figeac.fr\/college-lycee\/wp-content\/litespeed\/avatar\/5\/b7e8da60f53ba4adc9e9e66d91d84580.jpg?ver=1776943645","caption":"le secr\u00e9tariat"},"url":"http:\/\/www.jeannedarc-figeac.fr\/college-lycee\/author\/arlette\/"}]}},"jetpack_featured_media_url":"","jetpack_sharing_enabled":true,"jetpack_shortlink":"https:\/\/wp.me\/p5Qyb6-Qs","_links":{"self":[{"href":"http:\/\/www.jeannedarc-figeac.fr\/college-lycee\/wp-json\/wp\/v2\/posts\/3252","targetHints":{"allow":["GET"]}}],"collection":[{"href":"http:\/\/www.jeannedarc-figeac.fr\/college-lycee\/wp-json\/wp\/v2\/posts"}],"about":[{"href":"http:\/\/www.jeannedarc-figeac.fr\/college-lycee\/wp-json\/wp\/v2\/types\/post"}],"author":[{"embeddable":true,"href":"http:\/\/www.jeannedarc-figeac.fr\/college-lycee\/wp-json\/wp\/v2\/users\/12"}],"replies":[{"embeddable":true,"href":"http:\/\/www.jeannedarc-figeac.fr\/college-lycee\/wp-json\/wp\/v2\/comments?post=3252"}],"version-history":[{"count":1,"href":"http:\/\/www.jeannedarc-figeac.fr\/college-lycee\/wp-json\/wp\/v2\/posts\/3252\/revisions"}],"predecessor-version":[{"id":3254,"href":"http:\/\/www.jeannedarc-figeac.fr\/college-lycee\/wp-json\/wp\/v2\/posts\/3252\/revisions\/3254"}],"wp:attachment":[{"href":"http:\/\/www.jeannedarc-figeac.fr\/college-lycee\/wp-json\/wp\/v2\/media?parent=3252"}],"wp:term":[{"taxonomy":"category","embeddable":true,"href":"http:\/\/www.jeannedarc-figeac.fr\/college-lycee\/wp-json\/wp\/v2\/categories?post=3252"},{"taxonomy":"post_tag","embeddable":true,"href":"http:\/\/www.jeannedarc-figeac.fr\/college-lycee\/wp-json\/wp\/v2\/tags?post=3252"}],"curies":[{"name":"wp","href":"https:\/\/api.w.org\/{rel}","templated":true}]}}