{"id":2422,"date":"2017-06-14T07:55:46","date_gmt":"2017-06-14T07:55:46","guid":{"rendered":"http:\/\/www.jeannedarc-figeac.fr\/college-lycee\/?p=2422"},"modified":"2017-06-14T07:55:46","modified_gmt":"2017-06-14T07:55:46","slug":"des-motards-en-herbe","status":"publish","type":"post","link":"http:\/\/www.jeannedarc-figeac.fr\/college-lycee\/des-motards-en-herbe\/","title":{"rendered":"Des motards en herbe"},"content":{"rendered":"<p><a href=\"https:\/\/i0.wp.com\/www.jeannedarc-figeac.fr\/college-lycee\/wp-content\/uploads\/sites\/5\/2017\/06\/Auzole-1-BIS.jpg\"><img data-recalc-dims=\"1\" loading=\"lazy\" decoding=\"async\" class=\"alignnone size-medium wp-image-2423\" src=\"https:\/\/i0.wp.com\/www.jeannedarc-figeac.fr\/college-lycee\/wp-content\/uploads\/sites\/5\/2017\/06\/Auzole-1-BIS.jpg?resize=300%2C225\" alt=\"\" width=\"300\" height=\"225\" srcset=\"https:\/\/i0.wp.com\/www.jeannedarc-figeac.fr\/college-lycee\/wp-content\/uploads\/sites\/5\/2017\/06\/Auzole-1-BIS.jpg?resize=300%2C225 300w, https:\/\/i0.wp.com\/www.jeannedarc-figeac.fr\/college-lycee\/wp-content\/uploads\/sites\/5\/2017\/06\/Auzole-1-BIS.jpg?resize=768%2C576 768w, https:\/\/i0.wp.com\/www.jeannedarc-figeac.fr\/college-lycee\/wp-content\/uploads\/sites\/5\/2017\/06\/Auzole-1-BIS.jpg?resize=1024%2C768 1024w, https:\/\/i0.wp.com\/www.jeannedarc-figeac.fr\/college-lycee\/wp-content\/uploads\/sites\/5\/2017\/06\/Auzole-1-BIS.jpg?resize=1080%2C810 1080w, https:\/\/i0.wp.com\/www.jeannedarc-figeac.fr\/college-lycee\/wp-content\/uploads\/sites\/5\/2017\/06\/Auzole-1-BIS.jpg?w=1600 1600w\" sizes=\"(max-width: 300px) 100vw, 300px\" \/><\/a><\/p>\n<p><span style=\"color: #008000\"><strong>Comme chaque ann\u00e9e, lundi 22 et 29 et mardi 23 et 30, nos \u00e9l\u00e8ves de cinqui\u00e8me ont rev\u00eatu les \u00e9quipements de moto pr\u00eat\u00e9s par le domaine d\u2019Auzole (\u00e0 6km de Cahors) afin de s\u2019initier \u00e0 la conduite de v\u00e9hicules \u00e0 deux roues. Conjointement \u00e0 ce stage pratique qui a dur\u00e9 deux jours, les \u00e9l\u00e8ves ont pu tester leurs connaissances en mati\u00e8re de code de la route (ils ont pass\u00e9 cette ann\u00e9e l\u2019ASSR 1 ) en visionnant et commentant des vid\u00e9os de situations \u00e0 risque et en pilotant le simulateur-moto. Le stage se d\u00e9roule de mani\u00e8re tr\u00e8s progressive\u00a0: conduite sur gazon, conduite sur mini circuit de terre, petite balade dans la campagne puis circuit balis\u00e9 . Les professeurs et les \u00e9l\u00e8ves ne pratiquant pas la moto ont d\u00fb \u00ab\u00a0jouer\u00a0\u00bb les passants afin de solliciter l\u2019attention des conducteurs\u00a0; on salue leur courage\u00a0!<\/strong><\/span><\/p>\n<p>&nbsp;<\/p>\n","protected":false},"excerpt":{"rendered":"<p>Comme chaque ann\u00e9e, lundi 22 et 29 et mardi 23 et 30, nos \u00e9l\u00e8ves de cinqui\u00e8me ont rev\u00eatu les \u00e9quipements de moto pr\u00eat\u00e9s par le domaine d\u2019Auzole (\u00e0 6km de Cahors) afin de s\u2019initier \u00e0 la conduite de v\u00e9hicules \u00e0 deux roues. Conjointement \u00e0 ce stage pratique qui a dur\u00e9 deux jours, les \u00e9l\u00e8ves ont [&hellip;]<\/p>\n","protected":false},"author":12,"featured_media":0,"comment_status":"closed","ping_status":"open","sticky":false,"template":"","format":"standard","meta":{"_et_pb_use_builder":"","_et_pb_old_content":"","_et_gb_content_width":"","_jetpack_newsletter_access":"","_jetpack_dont_email_post_to_subs":false,"_jetpack_newsletter_tier_id":0,"_jetpack_memberships_contains_paywalled_content":false,"iawp_total_views":0,"_jetpack_memberships_contains_paid_content":false,"footnotes":""},"categories":[28],"tags":[],"class_list":["post-2422","post","type-post","status-publish","format-standard","hentry","category-actus"],"yoast_head":"<!-- This site is optimized with the Yoast SEO plugin v26.0 - https:\/\/yoast.com\/wordpress\/plugins\/seo\/ -->\n<title>Des motards en herbe<\/title>\n<meta name=\"description\" content=\"Comme chaque ann\u00e9e, lundi 22 et 29 et mardi 23 et 30, nos \u00e9l\u00e8ves de cinqui\u00e8me ont rev\u00eatu les \u00e9quipements de moto pr\u00eat\u00e9s par le domaine d\u2019Auzole (\u00e0 6km de\" \/>\n<meta name=\"robots\" content=\"index, follow, max-snippet:-1, max-image-preview:large, max-video-preview:-1\" \/>\n<link rel=\"canonical\" href=\"http:\/\/www.jeannedarc-figeac.fr\/college-lycee\/des-motards-en-herbe\/\" \/>\n<meta property=\"og:locale\" content=\"fr_FR\" \/>\n<meta property=\"og:type\" content=\"article\" \/>\n<meta property=\"og:title\" content=\"Des motards en herbe\" \/>\n<meta property=\"og:description\" content=\"Comme chaque ann\u00e9e, lundi 22 et 29 et mardi 23 et 30, nos \u00e9l\u00e8ves de cinqui\u00e8me ont rev\u00eatu les \u00e9quipements de moto pr\u00eat\u00e9s par le domaine d\u2019Auzole (\u00e0 6km de\" \/>\n<meta property=\"og:url\" content=\"http:\/\/www.jeannedarc-figeac.fr\/college-lycee\/des-motards-en-herbe\/\" \/>\n<meta property=\"og:site_name\" content=\"Coll\u00e8ge et Lyc\u00e9e Jeanne d&#039;Arc\" \/>\n<meta property=\"article:published_time\" content=\"2017-06-14T07:55:46+00:00\" \/>\n<meta property=\"og:image\" content=\"http:\/\/www.jeannedarc-figeac.fr\/college-lycee\/wp-content\/uploads\/sites\/5\/2017\/06\/Auzole-1-BIS-300x225.jpg\" \/>\n<meta name=\"author\" content=\"le secr\u00e9tariat\" \/>\n<script type=\"application\/ld+json\" class=\"yoast-schema-graph\">{\"@context\":\"https:\/\/schema.org\",\"@graph\":[{\"@type\":\"WebPage\",\"@id\":\"http:\/\/www.jeannedarc-figeac.fr\/college-lycee\/des-motards-en-herbe\/\",\"url\":\"http:\/\/www.jeannedarc-figeac.fr\/college-lycee\/des-motards-en-herbe\/\",\"name\":\"Des motards en herbe\",\"isPartOf\":{\"@id\":\"https:\/\/www.jeannedarc-figeac.fr\/college-lycee\/#website\"},\"primaryImageOfPage\":{\"@id\":\"http:\/\/www.jeannedarc-figeac.fr\/college-lycee\/des-motards-en-herbe\/#primaryimage\"},\"image\":{\"@id\":\"http:\/\/www.jeannedarc-figeac.fr\/college-lycee\/des-motards-en-herbe\/#primaryimage\"},\"thumbnailUrl\":\"http:\/\/www.jeannedarc-figeac.fr\/college-lycee\/wp-content\/uploads\/sites\/5\/2017\/06\/Auzole-1-BIS-300x225.jpg\",\"datePublished\":\"2017-06-14T07:55:46+00:00\",\"author\":{\"@id\":\"https:\/\/www.jeannedarc-figeac.fr\/college-lycee\/#\/schema\/person\/29e5764f28e895dc8bf41d4468f99154\"},\"description\":\"Comme chaque ann\u00e9e, lundi 22 et 29 et mardi 23 et 30, nos \u00e9l\u00e8ves de cinqui\u00e8me ont rev\u00eatu les \u00e9quipements de moto pr\u00eat\u00e9s par le domaine d\u2019Auzole (\u00e0 6km de\",\"breadcrumb\":{\"@id\":\"http:\/\/www.jeannedarc-figeac.fr\/college-lycee\/des-motards-en-herbe\/#breadcrumb\"},\"inLanguage\":\"fr-FR\",\"potentialAction\":[{\"@type\":\"ReadAction\",\"target\":[\"http:\/\/www.jeannedarc-figeac.fr\/college-lycee\/des-motards-en-herbe\/\"]}]},{\"@type\":\"ImageObject\",\"inLanguage\":\"fr-FR\",\"@id\":\"http:\/\/www.jeannedarc-figeac.fr\/college-lycee\/des-motards-en-herbe\/#primaryimage\",\"url\":\"https:\/\/i0.wp.com\/www.jeannedarc-figeac.fr\/college-lycee\/wp-content\/uploads\/sites\/5\/2017\/06\/Auzole-1-BIS.jpg?fit=1600%2C1200\",\"contentUrl\":\"https:\/\/i0.wp.com\/www.jeannedarc-figeac.fr\/college-lycee\/wp-content\/uploads\/sites\/5\/2017\/06\/Auzole-1-BIS.jpg?fit=1600%2C1200\",\"width\":1600,\"height\":1200},{\"@type\":\"BreadcrumbList\",\"@id\":\"http:\/\/www.jeannedarc-figeac.fr\/college-lycee\/des-motards-en-herbe\/#breadcrumb\",\"itemListElement\":[{\"@type\":\"ListItem\",\"position\":1,\"name\":\"Accueil\",\"item\":\"https:\/\/www.jeannedarc-figeac.fr\/college-lycee\/\"},{\"@type\":\"ListItem\",\"position\":2,\"name\":\"Actus\",\"item\":\"http:\/\/www.jeannedarc-figeac.fr\/college-lycee\/cat\/actus\/\"},{\"@type\":\"ListItem\",\"position\":3,\"name\":\"Des motards en herbe\"}]},{\"@type\":\"WebSite\",\"@id\":\"https:\/\/www.jeannedarc-figeac.fr\/college-lycee\/#website\",\"url\":\"https:\/\/www.jeannedarc-figeac.fr\/college-lycee\/\",\"name\":\"Coll\u00e8ge et Lyc\u00e9e Jeanne d&#039;Arc\",\"description\":\"Jeanne d&#039;Arc Figeac\",\"potentialAction\":[{\"@type\":\"SearchAction\",\"target\":{\"@type\":\"EntryPoint\",\"urlTemplate\":\"https:\/\/www.jeannedarc-figeac.fr\/college-lycee\/?s={search_term_string}\"},\"query-input\":{\"@type\":\"PropertyValueSpecification\",\"valueRequired\":true,\"valueName\":\"search_term_string\"}}],\"inLanguage\":\"fr-FR\"},{\"@type\":\"Person\",\"@id\":\"https:\/\/www.jeannedarc-figeac.fr\/college-lycee\/#\/schema\/person\/29e5764f28e895dc8bf41d4468f99154\",\"name\":\"le secr\u00e9tariat\",\"image\":{\"@type\":\"ImageObject\",\"inLanguage\":\"fr-FR\",\"@id\":\"https:\/\/www.jeannedarc-figeac.fr\/college-lycee\/#\/schema\/person\/image\/\",\"url\":\"http:\/\/www.jeannedarc-figeac.fr\/college-lycee\/wp-content\/litespeed\/avatar\/5\/b7e8da60f53ba4adc9e9e66d91d84580.jpg?ver=1776943645\",\"contentUrl\":\"http:\/\/www.jeannedarc-figeac.fr\/college-lycee\/wp-content\/litespeed\/avatar\/5\/b7e8da60f53ba4adc9e9e66d91d84580.jpg?ver=1776943645\",\"caption\":\"le secr\u00e9tariat\"},\"url\":\"http:\/\/www.jeannedarc-figeac.fr\/college-lycee\/author\/arlette\/\"}]}<\/script>\n<!-- \/ Yoast SEO plugin. -->","yoast_head_json":{"title":"Des motards en herbe","description":"Comme chaque ann\u00e9e, lundi 22 et 29 et mardi 23 et 30, nos \u00e9l\u00e8ves de cinqui\u00e8me ont rev\u00eatu les \u00e9quipements de moto pr\u00eat\u00e9s par le domaine d\u2019Auzole (\u00e0 6km de","robots":{"index":"index","follow":"follow","max-snippet":"max-snippet:-1","max-image-preview":"max-image-preview:large","max-video-preview":"max-video-preview:-1"},"canonical":"http:\/\/www.jeannedarc-figeac.fr\/college-lycee\/des-motards-en-herbe\/","og_locale":"fr_FR","og_type":"article","og_title":"Des motards en herbe","og_description":"Comme chaque ann\u00e9e, lundi 22 et 29 et mardi 23 et 30, nos \u00e9l\u00e8ves de cinqui\u00e8me ont rev\u00eatu les \u00e9quipements de moto pr\u00eat\u00e9s par le domaine d\u2019Auzole (\u00e0 6km de","og_url":"http:\/\/www.jeannedarc-figeac.fr\/college-lycee\/des-motards-en-herbe\/","og_site_name":"Coll\u00e8ge et Lyc\u00e9e Jeanne d&#039;Arc","article_published_time":"2017-06-14T07:55:46+00:00","og_image":[{"url":"http:\/\/www.jeannedarc-figeac.fr\/college-lycee\/wp-content\/uploads\/sites\/5\/2017\/06\/Auzole-1-BIS-300x225.jpg","type":"","width":"","height":""}],"author":"le secr\u00e9tariat","schema":{"@context":"https:\/\/schema.org","@graph":[{"@type":"WebPage","@id":"http:\/\/www.jeannedarc-figeac.fr\/college-lycee\/des-motards-en-herbe\/","url":"http:\/\/www.jeannedarc-figeac.fr\/college-lycee\/des-motards-en-herbe\/","name":"Des motards en herbe","isPartOf":{"@id":"https:\/\/www.jeannedarc-figeac.fr\/college-lycee\/#website"},"primaryImageOfPage":{"@id":"http:\/\/www.jeannedarc-figeac.fr\/college-lycee\/des-motards-en-herbe\/#primaryimage"},"image":{"@id":"http:\/\/www.jeannedarc-figeac.fr\/college-lycee\/des-motards-en-herbe\/#primaryimage"},"thumbnailUrl":"http:\/\/www.jeannedarc-figeac.fr\/college-lycee\/wp-content\/uploads\/sites\/5\/2017\/06\/Auzole-1-BIS-300x225.jpg","datePublished":"2017-06-14T07:55:46+00:00","author":{"@id":"https:\/\/www.jeannedarc-figeac.fr\/college-lycee\/#\/schema\/person\/29e5764f28e895dc8bf41d4468f99154"},"description":"Comme chaque ann\u00e9e, lundi 22 et 29 et mardi 23 et 30, nos \u00e9l\u00e8ves de cinqui\u00e8me ont rev\u00eatu les \u00e9quipements de moto pr\u00eat\u00e9s par le domaine d\u2019Auzole (\u00e0 6km de","breadcrumb":{"@id":"http:\/\/www.jeannedarc-figeac.fr\/college-lycee\/des-motards-en-herbe\/#breadcrumb"},"inLanguage":"fr-FR","potentialAction":[{"@type":"ReadAction","target":["http:\/\/www.jeannedarc-figeac.fr\/college-lycee\/des-motards-en-herbe\/"]}]},{"@type":"ImageObject","inLanguage":"fr-FR","@id":"http:\/\/www.jeannedarc-figeac.fr\/college-lycee\/des-motards-en-herbe\/#primaryimage","url":"https:\/\/i0.wp.com\/www.jeannedarc-figeac.fr\/college-lycee\/wp-content\/uploads\/sites\/5\/2017\/06\/Auzole-1-BIS.jpg?fit=1600%2C1200","contentUrl":"https:\/\/i0.wp.com\/www.jeannedarc-figeac.fr\/college-lycee\/wp-content\/uploads\/sites\/5\/2017\/06\/Auzole-1-BIS.jpg?fit=1600%2C1200","width":1600,"height":1200},{"@type":"BreadcrumbList","@id":"http:\/\/www.jeannedarc-figeac.fr\/college-lycee\/des-motards-en-herbe\/#breadcrumb","itemListElement":[{"@type":"ListItem","position":1,"name":"Accueil","item":"https:\/\/www.jeannedarc-figeac.fr\/college-lycee\/"},{"@type":"ListItem","position":2,"name":"Actus","item":"http:\/\/www.jeannedarc-figeac.fr\/college-lycee\/cat\/actus\/"},{"@type":"ListItem","position":3,"name":"Des motards en herbe"}]},{"@type":"WebSite","@id":"https:\/\/www.jeannedarc-figeac.fr\/college-lycee\/#website","url":"https:\/\/www.jeannedarc-figeac.fr\/college-lycee\/","name":"Coll\u00e8ge et Lyc\u00e9e Jeanne d&#039;Arc","description":"Jeanne d&#039;Arc Figeac","potentialAction":[{"@type":"SearchAction","target":{"@type":"EntryPoint","urlTemplate":"https:\/\/www.jeannedarc-figeac.fr\/college-lycee\/?s={search_term_string}"},"query-input":{"@type":"PropertyValueSpecification","valueRequired":true,"valueName":"search_term_string"}}],"inLanguage":"fr-FR"},{"@type":"Person","@id":"https:\/\/www.jeannedarc-figeac.fr\/college-lycee\/#\/schema\/person\/29e5764f28e895dc8bf41d4468f99154","name":"le secr\u00e9tariat","image":{"@type":"ImageObject","inLanguage":"fr-FR","@id":"https:\/\/www.jeannedarc-figeac.fr\/college-lycee\/#\/schema\/person\/image\/","url":"http:\/\/www.jeannedarc-figeac.fr\/college-lycee\/wp-content\/litespeed\/avatar\/5\/b7e8da60f53ba4adc9e9e66d91d84580.jpg?ver=1776943645","contentUrl":"http:\/\/www.jeannedarc-figeac.fr\/college-lycee\/wp-content\/litespeed\/avatar\/5\/b7e8da60f53ba4adc9e9e66d91d84580.jpg?ver=1776943645","caption":"le secr\u00e9tariat"},"url":"http:\/\/www.jeannedarc-figeac.fr\/college-lycee\/author\/arlette\/"}]}},"jetpack_featured_media_url":"","jetpack_sharing_enabled":true,"jetpack_shortlink":"https:\/\/wp.me\/p5Qyb6-D4","_links":{"self":[{"href":"http:\/\/www.jeannedarc-figeac.fr\/college-lycee\/wp-json\/wp\/v2\/posts\/2422","targetHints":{"allow":["GET"]}}],"collection":[{"href":"http:\/\/www.jeannedarc-figeac.fr\/college-lycee\/wp-json\/wp\/v2\/posts"}],"about":[{"href":"http:\/\/www.jeannedarc-figeac.fr\/college-lycee\/wp-json\/wp\/v2\/types\/post"}],"author":[{"embeddable":true,"href":"http:\/\/www.jeannedarc-figeac.fr\/college-lycee\/wp-json\/wp\/v2\/users\/12"}],"replies":[{"embeddable":true,"href":"http:\/\/www.jeannedarc-figeac.fr\/college-lycee\/wp-json\/wp\/v2\/comments?post=2422"}],"version-history":[{"count":1,"href":"http:\/\/www.jeannedarc-figeac.fr\/college-lycee\/wp-json\/wp\/v2\/posts\/2422\/revisions"}],"predecessor-version":[{"id":2424,"href":"http:\/\/www.jeannedarc-figeac.fr\/college-lycee\/wp-json\/wp\/v2\/posts\/2422\/revisions\/2424"}],"wp:attachment":[{"href":"http:\/\/www.jeannedarc-figeac.fr\/college-lycee\/wp-json\/wp\/v2\/media?parent=2422"}],"wp:term":[{"taxonomy":"category","embeddable":true,"href":"http:\/\/www.jeannedarc-figeac.fr\/college-lycee\/wp-json\/wp\/v2\/categories?post=2422"},{"taxonomy":"post_tag","embeddable":true,"href":"http:\/\/www.jeannedarc-figeac.fr\/college-lycee\/wp-json\/wp\/v2\/tags?post=2422"}],"curies":[{"name":"wp","href":"https:\/\/api.w.org\/{rel}","templated":true}]}}