{"id":1593,"date":"2015-06-10T13:03:53","date_gmt":"2015-06-10T13:03:53","guid":{"rendered":"http:\/\/www.jeannedarc-figeac.fr\/college-lycee\/?p=1593"},"modified":"2015-06-10T13:05:46","modified_gmt":"2015-06-10T13:05:46","slug":"concours-photo-la-photographie-du-centenaire","status":"publish","type":"post","link":"http:\/\/www.jeannedarc-figeac.fr\/college-lycee\/concours-photo-la-photographie-du-centenaire\/","title":{"rendered":"Concours Photo \u00ab\u00a0La photographie du Centenaire\u00a0\u00bb"},"content":{"rendered":"<p>Deux \u00e9l\u00e8ves de Premi\u00e8re (Lara V.\u00a0 de 1\u00e8re S et Fanny\u00a0 D. C. de 1\u00e8re ES) participent au Concours<strong> \u00ab\u00a0La photographie du Centenaire\u00a0\u00bb<\/strong> organis\u00e9 par l&rsquo;Education Nationale en collaboration avec la Mission du Centenaire avec cette photo :<\/p>\n<div id=\"attachment_1594\" style=\"width: 235px\" class=\"wp-caption aligncenter\"><a href=\"https:\/\/i0.wp.com\/www.jeannedarc-figeac.fr\/college-lycee\/wp-content\/uploads\/sites\/5\/2015\/06\/Photo-Concours-photo-centenaire-2015-web.jpg\"><img data-recalc-dims=\"1\" loading=\"lazy\" decoding=\"async\" aria-describedby=\"caption-attachment-1594\" class=\"size-medium wp-image-1594\" src=\"https:\/\/i0.wp.com\/www.jeannedarc-figeac.fr\/college-lycee\/wp-content\/uploads\/sites\/5\/2015\/06\/Photo-Concours-photo-centenaire-2015-web.jpg?resize=225%2C300\" alt=\"Toujours dans nos m\u00e9moires\" width=\"225\" height=\"300\" srcset=\"https:\/\/i0.wp.com\/www.jeannedarc-figeac.fr\/college-lycee\/wp-content\/uploads\/sites\/5\/2015\/06\/Photo-Concours-photo-centenaire-2015-web.jpg?resize=225%2C300 225w, https:\/\/i0.wp.com\/www.jeannedarc-figeac.fr\/college-lycee\/wp-content\/uploads\/sites\/5\/2015\/06\/Photo-Concours-photo-centenaire-2015-web.jpg?resize=768%2C1024 768w, https:\/\/i0.wp.com\/www.jeannedarc-figeac.fr\/college-lycee\/wp-content\/uploads\/sites\/5\/2015\/06\/Photo-Concours-photo-centenaire-2015-web.jpg?resize=1080%2C1440 1080w, https:\/\/i0.wp.com\/www.jeannedarc-figeac.fr\/college-lycee\/wp-content\/uploads\/sites\/5\/2015\/06\/Photo-Concours-photo-centenaire-2015-web.jpg?w=1836 1836w\" sizes=\"(max-width: 225px) 100vw, 225px\" \/><\/a><p id=\"caption-attachment-1594\" class=\"wp-caption-text\">Toujours dans nos m\u00e9moires<\/p><\/div>\n<p><strong>Les r\u00e9flexions qui ont pr\u00e9sid\u00e9 \u00e0 la r\u00e9alisation de cette photographie\u00a0?<\/strong><\/p>\n<p>Il s\u2019agissait, pour nous, de <span style=\"color: #ff9900\"><strong>repr\u00e9senter les traces<\/strong> <\/span>de la Guerre des tranch\u00e9es, m\u00eame 100 ans apr\u00e8s, m\u00eame loin du Front. Nous avons pourtant \u00e9t\u00e9 \u00e0 Verdun en voyage p\u00e9dagogique, mais avec cette photographie, \u00e0 Capdenac-le-haut, <strong><span style=\"color: #ff9900\">\u00e0 l\u2019Arri\u00e8re<\/span><\/strong>, nous montrons l\u2019apr\u00e8s-guerre et la tristesse ressentie plut\u00f4t que l\u2019horreur de la guerre elle-m\u00eame. Le 11 novembre 2014, le jour de la c\u00e9r\u00e9monie devant le Monument aux Morts, nous avons pens\u00e9 \u00e0 cette photo, et nous sommes revenues, avec des amies, pour repr\u00e9senter une personne seule face au monument, comme <strong><span style=\"color: #ff9900\">le pilier restant d\u2019une famille d\u00e9truite<\/span><\/strong> par la guerre, repr\u00e9sentant la tristesse des familles ayant perdu des proches mais aussi l\u2019id\u00e9e de <strong><span style=\"color: #ff9900\">transmission du souvenir<\/span> <\/strong>aux g\u00e9n\u00e9rations suivantes qui perp\u00e9tuent ainsi la <strong><span style=\"color: #ff9900\">m\u00e9moire<\/span> <\/strong>de ceux qui sont tomb\u00e9s et de ceux qui ont souffert. Voici une photographie d\u2019une <span style=\"color: #ff9900\"><strong>Histoire vivante<\/strong><\/span>.<\/p>\n<p>&nbsp;<\/p>\n","protected":false},"excerpt":{"rendered":"<p>Deux \u00e9l\u00e8ves de Premi\u00e8re (Lara V.\u00a0 de 1\u00e8re S et Fanny\u00a0 D. C. de 1\u00e8re ES) participent au Concours \u00ab\u00a0La photographie du Centenaire\u00a0\u00bb organis\u00e9 par l&rsquo;Education Nationale en collaboration avec la Mission du Centenaire avec cette photo : Les r\u00e9flexions qui ont pr\u00e9sid\u00e9 \u00e0 la r\u00e9alisation de cette photographie\u00a0? Il s\u2019agissait, pour nous, de repr\u00e9senter [&hellip;]<\/p>\n","protected":false},"author":10,"featured_media":0,"comment_status":"closed","ping_status":"open","sticky":false,"template":"","format":"standard","meta":{"_et_pb_use_builder":"","_et_pb_old_content":"","_et_gb_content_width":"","_jetpack_newsletter_access":"","_jetpack_dont_email_post_to_subs":false,"_jetpack_newsletter_tier_id":0,"_jetpack_memberships_contains_paywalled_content":false,"iawp_total_views":0,"_jetpack_memberships_contains_paid_content":false,"footnotes":""},"categories":[28],"tags":[],"class_list":["post-1593","post","type-post","status-publish","format-standard","hentry","category-actus"],"yoast_head":"<!-- This site is optimized with the Yoast SEO plugin v26.0 - https:\/\/yoast.com\/wordpress\/plugins\/seo\/ -->\n<title>Concours Photo &quot;La photographie du Centenaire&quot;<\/title>\n<meta name=\"description\" content=\"Deux \u00e9l\u00e8ves de Premi\u00e8re (Lara V.\u00a0 de 1\u00e8re S et Fanny\u00a0 D. C. de 1\u00e8re ES) participent au Concours &quot;La photographie du Centenaire&quot; organis\u00e9 par l&#039;Education\" \/>\n<meta name=\"robots\" content=\"index, follow, max-snippet:-1, max-image-preview:large, max-video-preview:-1\" \/>\n<link rel=\"canonical\" href=\"http:\/\/www.jeannedarc-figeac.fr\/college-lycee\/concours-photo-la-photographie-du-centenaire\/\" \/>\n<meta property=\"og:locale\" content=\"fr_FR\" \/>\n<meta property=\"og:type\" content=\"article\" \/>\n<meta property=\"og:title\" content=\"Concours Photo &quot;La photographie du Centenaire&quot;\" \/>\n<meta property=\"og:description\" content=\"Deux \u00e9l\u00e8ves de Premi\u00e8re (Lara V.\u00a0 de 1\u00e8re S et Fanny\u00a0 D. C. de 1\u00e8re ES) participent au Concours &quot;La photographie du Centenaire&quot; organis\u00e9 par l&#039;Education\" \/>\n<meta property=\"og:url\" content=\"http:\/\/www.jeannedarc-figeac.fr\/college-lycee\/concours-photo-la-photographie-du-centenaire\/\" \/>\n<meta property=\"og:site_name\" content=\"Coll\u00e8ge et Lyc\u00e9e Jeanne d&#039;Arc\" \/>\n<meta property=\"article:published_time\" content=\"2015-06-10T13:03:53+00:00\" \/>\n<meta property=\"article:modified_time\" content=\"2015-06-10T13:05:46+00:00\" \/>\n<meta property=\"og:image\" content=\"http:\/\/www.jeannedarc-figeac.fr\/college-lycee\/wp-content\/uploads\/sites\/5\/2015\/06\/Photo-Concours-photo-centenaire-2015-web-225x300.jpg\" \/>\n<meta name=\"author\" content=\"lbodi\" \/>\n<script type=\"application\/ld+json\" class=\"yoast-schema-graph\">{\"@context\":\"https:\/\/schema.org\",\"@graph\":[{\"@type\":\"WebPage\",\"@id\":\"http:\/\/www.jeannedarc-figeac.fr\/college-lycee\/concours-photo-la-photographie-du-centenaire\/\",\"url\":\"http:\/\/www.jeannedarc-figeac.fr\/college-lycee\/concours-photo-la-photographie-du-centenaire\/\",\"name\":\"Concours Photo \\\"La photographie du Centenaire\\\"\",\"isPartOf\":{\"@id\":\"https:\/\/www.jeannedarc-figeac.fr\/college-lycee\/#website\"},\"primaryImageOfPage\":{\"@id\":\"http:\/\/www.jeannedarc-figeac.fr\/college-lycee\/concours-photo-la-photographie-du-centenaire\/#primaryimage\"},\"image\":{\"@id\":\"http:\/\/www.jeannedarc-figeac.fr\/college-lycee\/concours-photo-la-photographie-du-centenaire\/#primaryimage\"},\"thumbnailUrl\":\"http:\/\/www.jeannedarc-figeac.fr\/college-lycee\/wp-content\/uploads\/sites\/5\/2015\/06\/Photo-Concours-photo-centenaire-2015-web-225x300.jpg\",\"datePublished\":\"2015-06-10T13:03:53+00:00\",\"dateModified\":\"2015-06-10T13:05:46+00:00\",\"author\":{\"@id\":\"https:\/\/www.jeannedarc-figeac.fr\/college-lycee\/#\/schema\/person\/73c77ff8c704c2a97b0e1f3f5b764da8\"},\"description\":\"Deux \u00e9l\u00e8ves de Premi\u00e8re (Lara V.\u00a0 de 1\u00e8re S et Fanny\u00a0 D. C. de 1\u00e8re ES) participent au Concours \\\"La photographie du Centenaire\\\" organis\u00e9 par l'Education\",\"breadcrumb\":{\"@id\":\"http:\/\/www.jeannedarc-figeac.fr\/college-lycee\/concours-photo-la-photographie-du-centenaire\/#breadcrumb\"},\"inLanguage\":\"fr-FR\",\"potentialAction\":[{\"@type\":\"ReadAction\",\"target\":[\"http:\/\/www.jeannedarc-figeac.fr\/college-lycee\/concours-photo-la-photographie-du-centenaire\/\"]}]},{\"@type\":\"ImageObject\",\"inLanguage\":\"fr-FR\",\"@id\":\"http:\/\/www.jeannedarc-figeac.fr\/college-lycee\/concours-photo-la-photographie-du-centenaire\/#primaryimage\",\"url\":\"https:\/\/i0.wp.com\/www.jeannedarc-figeac.fr\/college-lycee\/wp-content\/uploads\/sites\/5\/2015\/06\/Photo-Concours-photo-centenaire-2015-web.jpg?fit=1836%2C2448\",\"contentUrl\":\"https:\/\/i0.wp.com\/www.jeannedarc-figeac.fr\/college-lycee\/wp-content\/uploads\/sites\/5\/2015\/06\/Photo-Concours-photo-centenaire-2015-web.jpg?fit=1836%2C2448\",\"width\":1836,\"height\":2448,\"caption\":\"Toujours dans nos m\u00e9moires\"},{\"@type\":\"BreadcrumbList\",\"@id\":\"http:\/\/www.jeannedarc-figeac.fr\/college-lycee\/concours-photo-la-photographie-du-centenaire\/#breadcrumb\",\"itemListElement\":[{\"@type\":\"ListItem\",\"position\":1,\"name\":\"Accueil\",\"item\":\"https:\/\/www.jeannedarc-figeac.fr\/college-lycee\/\"},{\"@type\":\"ListItem\",\"position\":2,\"name\":\"Actus\",\"item\":\"http:\/\/www.jeannedarc-figeac.fr\/college-lycee\/cat\/actus\/\"},{\"@type\":\"ListItem\",\"position\":3,\"name\":\"Concours Photo \u00ab\u00a0La photographie du Centenaire\u00a0\u00bb\"}]},{\"@type\":\"WebSite\",\"@id\":\"https:\/\/www.jeannedarc-figeac.fr\/college-lycee\/#website\",\"url\":\"https:\/\/www.jeannedarc-figeac.fr\/college-lycee\/\",\"name\":\"Coll\u00e8ge et Lyc\u00e9e Jeanne d&#039;Arc\",\"description\":\"Jeanne d&#039;Arc Figeac\",\"potentialAction\":[{\"@type\":\"SearchAction\",\"target\":{\"@type\":\"EntryPoint\",\"urlTemplate\":\"https:\/\/www.jeannedarc-figeac.fr\/college-lycee\/?s={search_term_string}\"},\"query-input\":{\"@type\":\"PropertyValueSpecification\",\"valueRequired\":true,\"valueName\":\"search_term_string\"}}],\"inLanguage\":\"fr-FR\"},{\"@type\":\"Person\",\"@id\":\"https:\/\/www.jeannedarc-figeac.fr\/college-lycee\/#\/schema\/person\/73c77ff8c704c2a97b0e1f3f5b764da8\",\"name\":\"lbodi\",\"image\":{\"@type\":\"ImageObject\",\"inLanguage\":\"fr-FR\",\"@id\":\"https:\/\/www.jeannedarc-figeac.fr\/college-lycee\/#\/schema\/person\/image\/\",\"url\":\"http:\/\/www.jeannedarc-figeac.fr\/college-lycee\/wp-content\/litespeed\/avatar\/5\/88f2c477d3cd582cfaf81093731fe5fb.jpg?ver=1777548713\",\"contentUrl\":\"http:\/\/www.jeannedarc-figeac.fr\/college-lycee\/wp-content\/litespeed\/avatar\/5\/88f2c477d3cd582cfaf81093731fe5fb.jpg?ver=1777548713\",\"caption\":\"lbodi\"},\"url\":\"http:\/\/www.jeannedarc-figeac.fr\/college-lycee\/author\/lbodi\/\"}]}<\/script>\n<!-- \/ Yoast SEO plugin. -->","yoast_head_json":{"title":"Concours Photo \"La photographie du Centenaire\"","description":"Deux \u00e9l\u00e8ves de Premi\u00e8re (Lara V.\u00a0 de 1\u00e8re S et Fanny\u00a0 D. C. de 1\u00e8re ES) participent au Concours \"La photographie du Centenaire\" organis\u00e9 par l'Education","robots":{"index":"index","follow":"follow","max-snippet":"max-snippet:-1","max-image-preview":"max-image-preview:large","max-video-preview":"max-video-preview:-1"},"canonical":"http:\/\/www.jeannedarc-figeac.fr\/college-lycee\/concours-photo-la-photographie-du-centenaire\/","og_locale":"fr_FR","og_type":"article","og_title":"Concours Photo \"La photographie du Centenaire\"","og_description":"Deux \u00e9l\u00e8ves de Premi\u00e8re (Lara V.\u00a0 de 1\u00e8re S et Fanny\u00a0 D. C. de 1\u00e8re ES) participent au Concours \"La photographie du Centenaire\" organis\u00e9 par l'Education","og_url":"http:\/\/www.jeannedarc-figeac.fr\/college-lycee\/concours-photo-la-photographie-du-centenaire\/","og_site_name":"Coll\u00e8ge et Lyc\u00e9e Jeanne d&#039;Arc","article_published_time":"2015-06-10T13:03:53+00:00","article_modified_time":"2015-06-10T13:05:46+00:00","og_image":[{"url":"http:\/\/www.jeannedarc-figeac.fr\/college-lycee\/wp-content\/uploads\/sites\/5\/2015\/06\/Photo-Concours-photo-centenaire-2015-web-225x300.jpg","type":"","width":"","height":""}],"author":"lbodi","schema":{"@context":"https:\/\/schema.org","@graph":[{"@type":"WebPage","@id":"http:\/\/www.jeannedarc-figeac.fr\/college-lycee\/concours-photo-la-photographie-du-centenaire\/","url":"http:\/\/www.jeannedarc-figeac.fr\/college-lycee\/concours-photo-la-photographie-du-centenaire\/","name":"Concours Photo \"La photographie du Centenaire\"","isPartOf":{"@id":"https:\/\/www.jeannedarc-figeac.fr\/college-lycee\/#website"},"primaryImageOfPage":{"@id":"http:\/\/www.jeannedarc-figeac.fr\/college-lycee\/concours-photo-la-photographie-du-centenaire\/#primaryimage"},"image":{"@id":"http:\/\/www.jeannedarc-figeac.fr\/college-lycee\/concours-photo-la-photographie-du-centenaire\/#primaryimage"},"thumbnailUrl":"http:\/\/www.jeannedarc-figeac.fr\/college-lycee\/wp-content\/uploads\/sites\/5\/2015\/06\/Photo-Concours-photo-centenaire-2015-web-225x300.jpg","datePublished":"2015-06-10T13:03:53+00:00","dateModified":"2015-06-10T13:05:46+00:00","author":{"@id":"https:\/\/www.jeannedarc-figeac.fr\/college-lycee\/#\/schema\/person\/73c77ff8c704c2a97b0e1f3f5b764da8"},"description":"Deux \u00e9l\u00e8ves de Premi\u00e8re (Lara V.\u00a0 de 1\u00e8re S et Fanny\u00a0 D. C. de 1\u00e8re ES) participent au Concours \"La photographie du Centenaire\" organis\u00e9 par l'Education","breadcrumb":{"@id":"http:\/\/www.jeannedarc-figeac.fr\/college-lycee\/concours-photo-la-photographie-du-centenaire\/#breadcrumb"},"inLanguage":"fr-FR","potentialAction":[{"@type":"ReadAction","target":["http:\/\/www.jeannedarc-figeac.fr\/college-lycee\/concours-photo-la-photographie-du-centenaire\/"]}]},{"@type":"ImageObject","inLanguage":"fr-FR","@id":"http:\/\/www.jeannedarc-figeac.fr\/college-lycee\/concours-photo-la-photographie-du-centenaire\/#primaryimage","url":"https:\/\/i0.wp.com\/www.jeannedarc-figeac.fr\/college-lycee\/wp-content\/uploads\/sites\/5\/2015\/06\/Photo-Concours-photo-centenaire-2015-web.jpg?fit=1836%2C2448","contentUrl":"https:\/\/i0.wp.com\/www.jeannedarc-figeac.fr\/college-lycee\/wp-content\/uploads\/sites\/5\/2015\/06\/Photo-Concours-photo-centenaire-2015-web.jpg?fit=1836%2C2448","width":1836,"height":2448,"caption":"Toujours dans nos m\u00e9moires"},{"@type":"BreadcrumbList","@id":"http:\/\/www.jeannedarc-figeac.fr\/college-lycee\/concours-photo-la-photographie-du-centenaire\/#breadcrumb","itemListElement":[{"@type":"ListItem","position":1,"name":"Accueil","item":"https:\/\/www.jeannedarc-figeac.fr\/college-lycee\/"},{"@type":"ListItem","position":2,"name":"Actus","item":"http:\/\/www.jeannedarc-figeac.fr\/college-lycee\/cat\/actus\/"},{"@type":"ListItem","position":3,"name":"Concours Photo \u00ab\u00a0La photographie du Centenaire\u00a0\u00bb"}]},{"@type":"WebSite","@id":"https:\/\/www.jeannedarc-figeac.fr\/college-lycee\/#website","url":"https:\/\/www.jeannedarc-figeac.fr\/college-lycee\/","name":"Coll\u00e8ge et Lyc\u00e9e Jeanne d&#039;Arc","description":"Jeanne d&#039;Arc Figeac","potentialAction":[{"@type":"SearchAction","target":{"@type":"EntryPoint","urlTemplate":"https:\/\/www.jeannedarc-figeac.fr\/college-lycee\/?s={search_term_string}"},"query-input":{"@type":"PropertyValueSpecification","valueRequired":true,"valueName":"search_term_string"}}],"inLanguage":"fr-FR"},{"@type":"Person","@id":"https:\/\/www.jeannedarc-figeac.fr\/college-lycee\/#\/schema\/person\/73c77ff8c704c2a97b0e1f3f5b764da8","name":"lbodi","image":{"@type":"ImageObject","inLanguage":"fr-FR","@id":"https:\/\/www.jeannedarc-figeac.fr\/college-lycee\/#\/schema\/person\/image\/","url":"http:\/\/www.jeannedarc-figeac.fr\/college-lycee\/wp-content\/litespeed\/avatar\/5\/88f2c477d3cd582cfaf81093731fe5fb.jpg?ver=1777548713","contentUrl":"http:\/\/www.jeannedarc-figeac.fr\/college-lycee\/wp-content\/litespeed\/avatar\/5\/88f2c477d3cd582cfaf81093731fe5fb.jpg?ver=1777548713","caption":"lbodi"},"url":"http:\/\/www.jeannedarc-figeac.fr\/college-lycee\/author\/lbodi\/"}]}},"jetpack_featured_media_url":"","jetpack_sharing_enabled":true,"jetpack_shortlink":"https:\/\/wp.me\/p5Qyb6-pH","_links":{"self":[{"href":"http:\/\/www.jeannedarc-figeac.fr\/college-lycee\/wp-json\/wp\/v2\/posts\/1593","targetHints":{"allow":["GET"]}}],"collection":[{"href":"http:\/\/www.jeannedarc-figeac.fr\/college-lycee\/wp-json\/wp\/v2\/posts"}],"about":[{"href":"http:\/\/www.jeannedarc-figeac.fr\/college-lycee\/wp-json\/wp\/v2\/types\/post"}],"author":[{"embeddable":true,"href":"http:\/\/www.jeannedarc-figeac.fr\/college-lycee\/wp-json\/wp\/v2\/users\/10"}],"replies":[{"embeddable":true,"href":"http:\/\/www.jeannedarc-figeac.fr\/college-lycee\/wp-json\/wp\/v2\/comments?post=1593"}],"version-history":[{"count":3,"href":"http:\/\/www.jeannedarc-figeac.fr\/college-lycee\/wp-json\/wp\/v2\/posts\/1593\/revisions"}],"predecessor-version":[{"id":1596,"href":"http:\/\/www.jeannedarc-figeac.fr\/college-lycee\/wp-json\/wp\/v2\/posts\/1593\/revisions\/1596"}],"wp:attachment":[{"href":"http:\/\/www.jeannedarc-figeac.fr\/college-lycee\/wp-json\/wp\/v2\/media?parent=1593"}],"wp:term":[{"taxonomy":"category","embeddable":true,"href":"http:\/\/www.jeannedarc-figeac.fr\/college-lycee\/wp-json\/wp\/v2\/categories?post=1593"},{"taxonomy":"post_tag","embeddable":true,"href":"http:\/\/www.jeannedarc-figeac.fr\/college-lycee\/wp-json\/wp\/v2\/tags?post=1593"}],"curies":[{"name":"wp","href":"https:\/\/api.w.org\/{rel}","templated":true}]}}